{"id":9465,"date":"2025-12-18T10:18:35","date_gmt":"2025-12-18T09:18:35","guid":{"rendered":"https:\/\/cordoba.salesianos.edu\/colegio\/?p=9465"},"modified":"2025-12-18T10:22:46","modified_gmt":"2025-12-18T09:22:46","slug":"salesianos-cordoba-en-onda-cero-con-la-operacion-potito-2025","status":"publish","type":"post","link":"https:\/\/cordoba.salesianos.edu\/colegio\/blog\/2025\/12\/18\/salesianos-cordoba-en-onda-cero-con-la-operacion-potito-2025\/","title":{"rendered":"Salesianos C\u00f3rdoba en Onda Cero con la Operaci\u00f3n Potito 2025"},"content":{"rendered":"<p>[et_pb_section fb_built=\u00bb1&#8243; _builder_version=\u00bb4.16&#8243; _module_preset=\u00bbdefault\u00bb global_colors_info=\u00bb{}\u00bb][et_pb_row _builder_version=\u00bb4.16&#8243; _module_preset=\u00bbdefault\u00bb global_colors_info=\u00bb{}\u00bb][et_pb_column type=\u00bb4_4&#8243; _builder_version=\u00bb4.16&#8243; _module_preset=\u00bbdefault\u00bb global_colors_info=\u00bb{}\u00bb][et_pb_text _builder_version=\u00bb4.27.4&#8243; _module_preset=\u00bbdefault\u00bb global_colors_info=\u00bb{}\u00bb]<\/p>\n<div class=\"et_pb_module et_pb_text et_pb_text_4  et_pb_text_align_left et_pb_bg_layout_light\">\n<div class=\"et_pb_text_inner\">\n<div dir=\"ltr\">\n<blockquote>\n<p>Onda Cero C\u00f3rdoba se ha hecho eco de nuestra campa\u00f1a solidaria y nos ha dado voz para darla a conocer y animar a toda la sociedad cordobesa a colaborar un nuevo a\u00f1o con la Operaci\u00f3n Potito.<\/p>\n<\/blockquote>\n<p>Durante la entrevista hemos podido explicar el sentido profundo de la campa\u00f1a, su finalidad y la importancia de la implicaci\u00f3n de todos: familias, alumnado, educadores y ciudadanos que creen en una C\u00f3rdoba m\u00e1s solidaria y comprometida.<\/p>\n<p>Agradecemos a Onda Cero su cercan\u00eda y sensibilidad al ayudarnos a amplificar este mensaje, porque cuando los medios se implican, la solidaridad llega m\u00e1s lejos.<\/p>\n<p>Seguimos caminando juntos, tendiendo manos y construyendo esperanza.<\/p>\n<p>Puedes leer la noticia pinchando <a href=\"Esta%20ma\u00f1ana,%20Onda Cero C\u00f3rdoba se ha hecho eco de nuestra campa\u00f1a solidaria y nos ha dado voz para darla a conocer y animar a toda la sociedad cordobesa a colaborar un nuevo a\u00f1o con la Operaci\u00f3n Potito. Durante la entrevista hemos podido explicar el sentido profundo de la campa\u00f1a, su finalidad y la importancia de la implicaci\u00f3n de todos: familias, alumnado, educadores y ciudadanos que creen en una C\u00f3rdoba m\u00e1s solidaria y comprometida. Agradecemos a Onda Cero su cercan\u00eda y sensibilidad al ayudarnos a amplificar este mensaje, porque cuando los medios se implican, la solidaridad llega m\u00e1s lejos. Seguimos caminando juntos, tendiendo manos y construyendo esperanza. https:\/\/www.ondacero.es\/podcast\/emisoras\/cordoba\/mas-de-uno-cordoba\/salesianos-activa-nueva-edicion-operacion-potito_2025121669414de929e7100007bae152.html\u00a0\">aqu\u00ed.<\/a><\/p>\n<p>\u00a1Comenzamos nuestra Operaci\u00f3n Potito 2025!<\/p>\n<\/div>\n<p>#SalesianosC\u00f3rdoba #ProtagonistasDeLaHistoria #125A\u00f1osContigo<\/p>\n<\/div>\n<\/div>\n<p>[\/et_pb_text][\/et_pb_column][\/et_pb_row][\/et_pb_section]<\/p>\n","protected":false},"excerpt":{"rendered":"<p>La casa se prepara para una nueva edici\u00f3n de la Operaci\u00f3n Potito que comienza hoy, 18 de diciembre.<\/p>\n","protected":false},"author":3,"featured_media":9467,"comment_status":"open","ping_status":"open","sticky":false,"template":"","format":"standard","meta":{"_et_pb_use_builder":"on","_et_pb_old_content":"","_et_gb_content_width":"","footnotes":""},"categories":[13],"tags":[],"class_list":["post-9465","post","type-post","status-publish","format-standard","has-post-thumbnail","hentry","category-casa-salesiana"],"yoast_head":"<!-- This site is optimized with the Yoast SEO plugin v28.4 - https:\/\/yoast.com\/product\/yoast-seo-wordpress\/ -->\n<title>Salesianos C\u00f3rdoba en Onda Cero con la Operaci\u00f3n Potito 2025 - Colegio Salesiano San Francisco de Sales<\/title>\n<meta name=\"robots\" content=\"index, follow, max-snippet:-1, max-image-preview:large, max-video-preview:-1\" \/>\n<link rel=\"canonical\" href=\"https:\/\/cordoba.salesianos.edu\/colegio\/blog\/2025\/12\/18\/salesianos-cordoba-en-onda-cero-con-la-operacion-potito-2025\/\" \/>\n<meta property=\"og:locale\" content=\"es_ES\" \/>\n<meta property=\"og:type\" content=\"article\" \/>\n<meta property=\"og:title\" content=\"Salesianos C\u00f3rdoba en Onda Cero con la Operaci\u00f3n Potito 2025 - Colegio Salesiano San Francisco de Sales\" \/>\n<meta property=\"og:description\" content=\"La casa se prepara para una nueva edici\u00f3n de la Operaci\u00f3n Potito que comienza hoy, 18 de diciembre.\" \/>\n<meta property=\"og:url\" content=\"https:\/\/cordoba.salesianos.edu\/colegio\/blog\/2025\/12\/18\/salesianos-cordoba-en-onda-cero-con-la-operacion-potito-2025\/\" \/>\n<meta property=\"og:site_name\" content=\"Colegio Salesiano San Francisco de Sales\" \/>\n<meta property=\"article:published_time\" content=\"2025-12-18T09:18:35+00:00\" \/>\n<meta property=\"article:modified_time\" content=\"2025-12-18T09:22:46+00:00\" \/>\n<meta property=\"og:image\" content=\"https:\/\/cordoba.salesianos.edu\/colegio\/wp-content\/uploads\/sites\/2\/2025\/12\/OperacionPotito2025.jpg\" \/>\n\t<meta property=\"og:image:width\" content=\"1440\" \/>\n\t<meta property=\"og:image:height\" content=\"1920\" \/>\n\t<meta property=\"og:image:type\" content=\"image\/jpeg\" \/>\n<meta name=\"author\" content=\"gestorweb\" \/>\n<meta name=\"twitter:card\" content=\"summary_large_image\" \/>\n<meta name=\"twitter:label1\" content=\"Escrito por\" \/>\n\t<meta name=\"twitter:data1\" content=\"gestorweb\" \/>\n\t<meta name=\"twitter:label2\" content=\"Tiempo de lectura\" \/>\n\t<meta name=\"twitter:data2\" content=\"1 minuto\" \/>\n<script type=\"application\/ld+json\" class=\"yoast-schema-graph\">{\"@context\":\"https:\\\/\\\/schema.org\",\"@graph\":[{\"@type\":\"Article\",\"@id\":\"https:\\\/\\\/cordoba.salesianos.edu\\\/colegio\\\/blog\\\/2025\\\/12\\\/18\\\/salesianos-cordoba-en-onda-cero-con-la-operacion-potito-2025\\\/#article\",\"isPartOf\":{\"@id\":\"https:\\\/\\\/cordoba.salesianos.edu\\\/colegio\\\/blog\\\/2025\\\/12\\\/18\\\/salesianos-cordoba-en-onda-cero-con-la-operacion-potito-2025\\\/\"},\"author\":{\"name\":\"gestorweb\",\"@id\":\"https:\\\/\\\/cordoba.salesianos.edu\\\/colegio\\\/#\\\/schema\\\/person\\\/9b881b94cc149f5135dd166fe5fca630\"},\"headline\":\"Salesianos C\u00f3rdoba en Onda Cero con la Operaci\u00f3n Potito 2025\",\"datePublished\":\"2025-12-18T09:18:35+00:00\",\"dateModified\":\"2025-12-18T09:22:46+00:00\",\"mainEntityOfPage\":{\"@id\":\"https:\\\/\\\/cordoba.salesianos.edu\\\/colegio\\\/blog\\\/2025\\\/12\\\/18\\\/salesianos-cordoba-en-onda-cero-con-la-operacion-potito-2025\\\/\"},\"wordCount\":201,\"commentCount\":0,\"image\":{\"@id\":\"https:\\\/\\\/cordoba.salesianos.edu\\\/colegio\\\/blog\\\/2025\\\/12\\\/18\\\/salesianos-cordoba-en-onda-cero-con-la-operacion-potito-2025\\\/#primaryimage\"},\"thumbnailUrl\":\"https:\\\/\\\/cordoba.salesianos.edu\\\/colegio\\\/wp-content\\\/uploads\\\/sites\\\/2\\\/2025\\\/12\\\/OperacionPotito2025.jpg\",\"articleSection\":[\"Casa Salesiana\"],\"inLanguage\":\"es\",\"potentialAction\":[{\"@type\":\"CommentAction\",\"name\":\"Comment\",\"target\":[\"https:\\\/\\\/cordoba.salesianos.edu\\\/colegio\\\/blog\\\/2025\\\/12\\\/18\\\/salesianos-cordoba-en-onda-cero-con-la-operacion-potito-2025\\\/#respond\"]}]},{\"@type\":\"WebPage\",\"@id\":\"https:\\\/\\\/cordoba.salesianos.edu\\\/colegio\\\/blog\\\/2025\\\/12\\\/18\\\/salesianos-cordoba-en-onda-cero-con-la-operacion-potito-2025\\\/\",\"url\":\"https:\\\/\\\/cordoba.salesianos.edu\\\/colegio\\\/blog\\\/2025\\\/12\\\/18\\\/salesianos-cordoba-en-onda-cero-con-la-operacion-potito-2025\\\/\",\"name\":\"Salesianos C\u00f3rdoba en Onda Cero con la Operaci\u00f3n Potito 2025 - Colegio Salesiano San Francisco de Sales\",\"isPartOf\":{\"@id\":\"https:\\\/\\\/cordoba.salesianos.edu\\\/colegio\\\/#website\"},\"primaryImageOfPage\":{\"@id\":\"https:\\\/\\\/cordoba.salesianos.edu\\\/colegio\\\/blog\\\/2025\\\/12\\\/18\\\/salesianos-cordoba-en-onda-cero-con-la-operacion-potito-2025\\\/#primaryimage\"},\"image\":{\"@id\":\"https:\\\/\\\/cordoba.salesianos.edu\\\/colegio\\\/blog\\\/2025\\\/12\\\/18\\\/salesianos-cordoba-en-onda-cero-con-la-operacion-potito-2025\\\/#primaryimage\"},\"thumbnailUrl\":\"https:\\\/\\\/cordoba.salesianos.edu\\\/colegio\\\/wp-content\\\/uploads\\\/sites\\\/2\\\/2025\\\/12\\\/OperacionPotito2025.jpg\",\"datePublished\":\"2025-12-18T09:18:35+00:00\",\"dateModified\":\"2025-12-18T09:22:46+00:00\",\"author\":{\"@id\":\"https:\\\/\\\/cordoba.salesianos.edu\\\/colegio\\\/#\\\/schema\\\/person\\\/9b881b94cc149f5135dd166fe5fca630\"},\"breadcrumb\":{\"@id\":\"https:\\\/\\\/cordoba.salesianos.edu\\\/colegio\\\/blog\\\/2025\\\/12\\\/18\\\/salesianos-cordoba-en-onda-cero-con-la-operacion-potito-2025\\\/#breadcrumb\"},\"inLanguage\":\"es\",\"potentialAction\":[{\"@type\":\"ReadAction\",\"target\":[\"https:\\\/\\\/cordoba.salesianos.edu\\\/colegio\\\/blog\\\/2025\\\/12\\\/18\\\/salesianos-cordoba-en-onda-cero-con-la-operacion-potito-2025\\\/\"]}]},{\"@type\":\"ImageObject\",\"inLanguage\":\"es\",\"@id\":\"https:\\\/\\\/cordoba.salesianos.edu\\\/colegio\\\/blog\\\/2025\\\/12\\\/18\\\/salesianos-cordoba-en-onda-cero-con-la-operacion-potito-2025\\\/#primaryimage\",\"url\":\"https:\\\/\\\/cordoba.salesianos.edu\\\/colegio\\\/wp-content\\\/uploads\\\/sites\\\/2\\\/2025\\\/12\\\/OperacionPotito2025.jpg\",\"contentUrl\":\"https:\\\/\\\/cordoba.salesianos.edu\\\/colegio\\\/wp-content\\\/uploads\\\/sites\\\/2\\\/2025\\\/12\\\/OperacionPotito2025.jpg\",\"width\":1440,\"height\":1920},{\"@type\":\"BreadcrumbList\",\"@id\":\"https:\\\/\\\/cordoba.salesianos.edu\\\/colegio\\\/blog\\\/2025\\\/12\\\/18\\\/salesianos-cordoba-en-onda-cero-con-la-operacion-potito-2025\\\/#breadcrumb\",\"itemListElement\":[{\"@type\":\"ListItem\",\"position\":1,\"name\":\"Portada\",\"item\":\"https:\\\/\\\/cordoba.salesianos.edu\\\/colegio\\\/\"},{\"@type\":\"ListItem\",\"position\":2,\"name\":\"Salesianos C\u00f3rdoba en Onda Cero con la Operaci\u00f3n Potito 2025\"}]},{\"@type\":\"WebSite\",\"@id\":\"https:\\\/\\\/cordoba.salesianos.edu\\\/colegio\\\/#website\",\"url\":\"https:\\\/\\\/cordoba.salesianos.edu\\\/colegio\\\/\",\"name\":\"Colegio Salesiano San Francisco de Sales\",\"description\":\"P\u00e1gina oficial Salesianos C\u00f3rdoba\",\"potentialAction\":[{\"@type\":\"SearchAction\",\"target\":{\"@type\":\"EntryPoint\",\"urlTemplate\":\"https:\\\/\\\/cordoba.salesianos.edu\\\/colegio\\\/?s={search_term_string}\"},\"query-input\":{\"@type\":\"PropertyValueSpecification\",\"valueRequired\":true,\"valueName\":\"search_term_string\"}}],\"inLanguage\":\"es\"},{\"@type\":\"Person\",\"@id\":\"https:\\\/\\\/cordoba.salesianos.edu\\\/colegio\\\/#\\\/schema\\\/person\\\/9b881b94cc149f5135dd166fe5fca630\",\"name\":\"gestorweb\",\"image\":{\"@type\":\"ImageObject\",\"inLanguage\":\"es\",\"@id\":\"https:\\\/\\\/secure.gravatar.com\\\/avatar\\\/89bfbd418b5718bb5b0e64c99c3c8e16970290599f0b79176d1d9401d1f717f3?s=96&d=mm&r=g\",\"url\":\"https:\\\/\\\/secure.gravatar.com\\\/avatar\\\/89bfbd418b5718bb5b0e64c99c3c8e16970290599f0b79176d1d9401d1f717f3?s=96&d=mm&r=g\",\"contentUrl\":\"https:\\\/\\\/secure.gravatar.com\\\/avatar\\\/89bfbd418b5718bb5b0e64c99c3c8e16970290599f0b79176d1d9401d1f717f3?s=96&d=mm&r=g\",\"caption\":\"gestorweb\"}}]}<\/script>\n<!-- \/ Yoast SEO plugin. -->","yoast_head_json":{"title":"Salesianos C\u00f3rdoba en Onda Cero con la Operaci\u00f3n Potito 2025 - Colegio Salesiano San Francisco de Sales","robots":{"index":"index","follow":"follow","max-snippet":"max-snippet:-1","max-image-preview":"max-image-preview:large","max-video-preview":"max-video-preview:-1"},"canonical":"https:\/\/cordoba.salesianos.edu\/colegio\/blog\/2025\/12\/18\/salesianos-cordoba-en-onda-cero-con-la-operacion-potito-2025\/","og_locale":"es_ES","og_type":"article","og_title":"Salesianos C\u00f3rdoba en Onda Cero con la Operaci\u00f3n Potito 2025 - Colegio Salesiano San Francisco de Sales","og_description":"La casa se prepara para una nueva edici\u00f3n de la Operaci\u00f3n Potito que comienza hoy, 18 de diciembre.","og_url":"https:\/\/cordoba.salesianos.edu\/colegio\/blog\/2025\/12\/18\/salesianos-cordoba-en-onda-cero-con-la-operacion-potito-2025\/","og_site_name":"Colegio Salesiano San Francisco de Sales","article_published_time":"2025-12-18T09:18:35+00:00","article_modified_time":"2025-12-18T09:22:46+00:00","og_image":[{"width":1440,"height":1920,"url":"https:\/\/cordoba.salesianos.edu\/colegio\/wp-content\/uploads\/sites\/2\/2025\/12\/OperacionPotito2025.jpg","type":"image\/jpeg"}],"author":"gestorweb","twitter_card":"summary_large_image","twitter_misc":{"Escrito por":"gestorweb","Tiempo de lectura":"1 minuto"},"schema":{"@context":"https:\/\/schema.org","@graph":[{"@type":"Article","@id":"https:\/\/cordoba.salesianos.edu\/colegio\/blog\/2025\/12\/18\/salesianos-cordoba-en-onda-cero-con-la-operacion-potito-2025\/#article","isPartOf":{"@id":"https:\/\/cordoba.salesianos.edu\/colegio\/blog\/2025\/12\/18\/salesianos-cordoba-en-onda-cero-con-la-operacion-potito-2025\/"},"author":{"name":"gestorweb","@id":"https:\/\/cordoba.salesianos.edu\/colegio\/#\/schema\/person\/9b881b94cc149f5135dd166fe5fca630"},"headline":"Salesianos C\u00f3rdoba en Onda Cero con la Operaci\u00f3n Potito 2025","datePublished":"2025-12-18T09:18:35+00:00","dateModified":"2025-12-18T09:22:46+00:00","mainEntityOfPage":{"@id":"https:\/\/cordoba.salesianos.edu\/colegio\/blog\/2025\/12\/18\/salesianos-cordoba-en-onda-cero-con-la-operacion-potito-2025\/"},"wordCount":201,"commentCount":0,"image":{"@id":"https:\/\/cordoba.salesianos.edu\/colegio\/blog\/2025\/12\/18\/salesianos-cordoba-en-onda-cero-con-la-operacion-potito-2025\/#primaryimage"},"thumbnailUrl":"https:\/\/cordoba.salesianos.edu\/colegio\/wp-content\/uploads\/sites\/2\/2025\/12\/OperacionPotito2025.jpg","articleSection":["Casa Salesiana"],"inLanguage":"es","potentialAction":[{"@type":"CommentAction","name":"Comment","target":["https:\/\/cordoba.salesianos.edu\/colegio\/blog\/2025\/12\/18\/salesianos-cordoba-en-onda-cero-con-la-operacion-potito-2025\/#respond"]}]},{"@type":"WebPage","@id":"https:\/\/cordoba.salesianos.edu\/colegio\/blog\/2025\/12\/18\/salesianos-cordoba-en-onda-cero-con-la-operacion-potito-2025\/","url":"https:\/\/cordoba.salesianos.edu\/colegio\/blog\/2025\/12\/18\/salesianos-cordoba-en-onda-cero-con-la-operacion-potito-2025\/","name":"Salesianos C\u00f3rdoba en Onda Cero con la Operaci\u00f3n Potito 2025 - Colegio Salesiano San Francisco de Sales","isPartOf":{"@id":"https:\/\/cordoba.salesianos.edu\/colegio\/#website"},"primaryImageOfPage":{"@id":"https:\/\/cordoba.salesianos.edu\/colegio\/blog\/2025\/12\/18\/salesianos-cordoba-en-onda-cero-con-la-operacion-potito-2025\/#primaryimage"},"image":{"@id":"https:\/\/cordoba.salesianos.edu\/colegio\/blog\/2025\/12\/18\/salesianos-cordoba-en-onda-cero-con-la-operacion-potito-2025\/#primaryimage"},"thumbnailUrl":"https:\/\/cordoba.salesianos.edu\/colegio\/wp-content\/uploads\/sites\/2\/2025\/12\/OperacionPotito2025.jpg","datePublished":"2025-12-18T09:18:35+00:00","dateModified":"2025-12-18T09:22:46+00:00","author":{"@id":"https:\/\/cordoba.salesianos.edu\/colegio\/#\/schema\/person\/9b881b94cc149f5135dd166fe5fca630"},"breadcrumb":{"@id":"https:\/\/cordoba.salesianos.edu\/colegio\/blog\/2025\/12\/18\/salesianos-cordoba-en-onda-cero-con-la-operacion-potito-2025\/#breadcrumb"},"inLanguage":"es","potentialAction":[{"@type":"ReadAction","target":["https:\/\/cordoba.salesianos.edu\/colegio\/blog\/2025\/12\/18\/salesianos-cordoba-en-onda-cero-con-la-operacion-potito-2025\/"]}]},{"@type":"ImageObject","inLanguage":"es","@id":"https:\/\/cordoba.salesianos.edu\/colegio\/blog\/2025\/12\/18\/salesianos-cordoba-en-onda-cero-con-la-operacion-potito-2025\/#primaryimage","url":"https:\/\/cordoba.salesianos.edu\/colegio\/wp-content\/uploads\/sites\/2\/2025\/12\/OperacionPotito2025.jpg","contentUrl":"https:\/\/cordoba.salesianos.edu\/colegio\/wp-content\/uploads\/sites\/2\/2025\/12\/OperacionPotito2025.jpg","width":1440,"height":1920},{"@type":"BreadcrumbList","@id":"https:\/\/cordoba.salesianos.edu\/colegio\/blog\/2025\/12\/18\/salesianos-cordoba-en-onda-cero-con-la-operacion-potito-2025\/#breadcrumb","itemListElement":[{"@type":"ListItem","position":1,"name":"Portada","item":"https:\/\/cordoba.salesianos.edu\/colegio\/"},{"@type":"ListItem","position":2,"name":"Salesianos C\u00f3rdoba en Onda Cero con la Operaci\u00f3n Potito 2025"}]},{"@type":"WebSite","@id":"https:\/\/cordoba.salesianos.edu\/colegio\/#website","url":"https:\/\/cordoba.salesianos.edu\/colegio\/","name":"Colegio Salesiano San Francisco de Sales","description":"P\u00e1gina oficial Salesianos C\u00f3rdoba","potentialAction":[{"@type":"SearchAction","target":{"@type":"EntryPoint","urlTemplate":"https:\/\/cordoba.salesianos.edu\/colegio\/?s={search_term_string}"},"query-input":{"@type":"PropertyValueSpecification","valueRequired":true,"valueName":"search_term_string"}}],"inLanguage":"es"},{"@type":"Person","@id":"https:\/\/cordoba.salesianos.edu\/colegio\/#\/schema\/person\/9b881b94cc149f5135dd166fe5fca630","name":"gestorweb","image":{"@type":"ImageObject","inLanguage":"es","@id":"https:\/\/secure.gravatar.com\/avatar\/89bfbd418b5718bb5b0e64c99c3c8e16970290599f0b79176d1d9401d1f717f3?s=96&d=mm&r=g","url":"https:\/\/secure.gravatar.com\/avatar\/89bfbd418b5718bb5b0e64c99c3c8e16970290599f0b79176d1d9401d1f717f3?s=96&d=mm&r=g","contentUrl":"https:\/\/secure.gravatar.com\/avatar\/89bfbd418b5718bb5b0e64c99c3c8e16970290599f0b79176d1d9401d1f717f3?s=96&d=mm&r=g","caption":"gestorweb"}}]}},"_links":{"self":[{"href":"https:\/\/cordoba.salesianos.edu\/colegio\/wp-json\/wp\/v2\/posts\/9465","targetHints":{"allow":["GET"]}}],"collection":[{"href":"https:\/\/cordoba.salesianos.edu\/colegio\/wp-json\/wp\/v2\/posts"}],"about":[{"href":"https:\/\/cordoba.salesianos.edu\/colegio\/wp-json\/wp\/v2\/types\/post"}],"author":[{"embeddable":true,"href":"https:\/\/cordoba.salesianos.edu\/colegio\/wp-json\/wp\/v2\/users\/3"}],"replies":[{"embeddable":true,"href":"https:\/\/cordoba.salesianos.edu\/colegio\/wp-json\/wp\/v2\/comments?post=9465"}],"version-history":[{"count":2,"href":"https:\/\/cordoba.salesianos.edu\/colegio\/wp-json\/wp\/v2\/posts\/9465\/revisions"}],"predecessor-version":[{"id":9470,"href":"https:\/\/cordoba.salesianos.edu\/colegio\/wp-json\/wp\/v2\/posts\/9465\/revisions\/9470"}],"wp:featuredmedia":[{"embeddable":true,"href":"https:\/\/cordoba.salesianos.edu\/colegio\/wp-json\/wp\/v2\/media\/9467"}],"wp:attachment":[{"href":"https:\/\/cordoba.salesianos.edu\/colegio\/wp-json\/wp\/v2\/media?parent=9465"}],"wp:term":[{"taxonomy":"category","embeddable":true,"href":"https:\/\/cordoba.salesianos.edu\/colegio\/wp-json\/wp\/v2\/categories?post=9465"},{"taxonomy":"post_tag","embeddable":true,"href":"https:\/\/cordoba.salesianos.edu\/colegio\/wp-json\/wp\/v2\/tags?post=9465"}],"curies":[{"name":"wp","href":"https:\/\/api.w.org\/{rel}","templated":true}]}}