{"id":7436,"date":"2021-05-24T12:11:43","date_gmt":"2021-05-24T10:11:43","guid":{"rendered":"https:\/\/cordoba.salesianos.edu\/colegio\/blog\/2021\/05\/24\/nueva-etapa-en-la-pagina-web-de-salesianos-cordoba\/"},"modified":"2021-05-24T12:11:43","modified_gmt":"2021-05-24T10:11:43","slug":"nueva-etapa-en-la-pagina-web-de-salesianos-cordoba","status":"publish","type":"post","link":"https:\/\/cordoba.salesianos.edu\/colegio\/blog\/2021\/05\/24\/nueva-etapa-en-la-pagina-web-de-salesianos-cordoba\/","title":{"rendered":"Nueva etapa en la p\u00e1gina web de Salesianos C\u00f3rdoba"},"content":{"rendered":"<p>[et_pb_section fb_built=\u00bb1&#8243; _builder_version=\u00bb4.9.4&#8243; _module_preset=\u00bbdefault\u00bb][et_pb_row _builder_version=\u00bb4.9.4&#8243; _module_preset=\u00bbdefault\u00bb][et_pb_column type=\u00bb4_4&#8243; _builder_version=\u00bb4.9.4&#8243; _module_preset=\u00bbdefault\u00bb][et_pb_text _builder_version=\u00bb4.9.4&#8243; _module_preset=\u00bbdefault\u00bb]<\/p>\n<div class=\"et_pb_module et_pb_text et_pb_text_4  et_pb_text_align_left et_pb_bg_layout_light\">\n<div class=\"et_pb_text_inner\">\n<div dir=\"ltr\">\n<blockquote>\n<p>\u00a1Ya estamos de nuevo en l\u00ednea! Regresamos con una renovaci\u00f3n total de la web de la Casa de C\u00f3rdoba para seguir contando lo que somos, lo que hacemos, la vida de nuestros centros y casas.<\/p>\n<\/blockquote>\n<p>Como venimos trabajando hace a\u00f1os, hemos dado un paso de conjunto para el cambio y actualizaci\u00f3n de la p\u00e1gina web. La actual la pusimos en marcha en 2014, cuando naci\u00f3 nuestra Inspector\u00eda y, despu\u00e9s de siete a\u00f1os, necesitaba una renovaci\u00f3n profunda. <strong>Continuando con la propuesta t\u00e9cnica ofrecida tambi\u00e9n a las otras casas\u00a0Salesianas de la\u00a0<\/strong><b>inspector\u00eda<\/b>, ahora la web de C\u00f3rdoba da tambi\u00e9n el salto al nuevo modelo.<\/p>\n<p><strong>Compartir dise\u00f1o, formatos y tecnolog\u00eda<\/strong> nos permite un m\u00e1s f\u00e1cil intercambio de contenidos, aprovechar sinergias y proyectar una imagen com\u00fan que nos identifica como Salesianos, independientemente del lugar en el que estemos.<\/p>\n<p>Con un concepto m\u00e1s actual, con <strong>mayor protagonismo de la imagen<\/strong>, presentamos la nueva web <a href=\"https:\/\/www.cordoba.salesianos.edu\/\" target=\"_blank\" rel=\"noopener noreferrer\" data-saferedirecturl=\"https:\/\/www.google.com\/url?q=https:\/\/www.salesianos.edu&amp;source=gmail&amp;ust=1590171299882000&amp;usg=AFQjCNFGcEqVUQ8BD4xSJD-5AloIrJNjlA\">www.cordoba.salesianos.edu<\/a>\u00a0 que ha sido trabajada con gran profesionalidad por el equipo de comunicaci\u00f3n de la casa, con el asesoramiento de la Delegaci\u00f3n de Comunicaci\u00f3n de la Inspector\u00eda, departamento de Inform\u00e1tica y el soporte de Dosatic.<\/p>\n<p>En un primer golpe de vista, el usuario puede acceder a todas las secciones de la web, tanto desde los men\u00fas, como desde el \u201cslider\u201d inicial. Y una gran novedad. Navegando por los men\u00fas de los distintos ambientes se puede acceder a un mapa interactivo en el que buscar, en toda Espa\u00f1a, las diferentes casas y obras salesianas, con una informaci\u00f3n b\u00e1sica de cada una de ellas.<\/p>\n<\/div>\n<div dir=\"ltr\">\u00a0<\/div>\n<\/div>\n<\/div>\n<div class=\"et_pb_module et_pb_text et_pb_text_6  et_pb_text_align_left et_pb_bg_layout_light\">\n<div class=\"et_pb_text_inner\">\n<div dir=\"ltr\">\u00a0<\/div>\n<\/div>\n<\/div>\n<div class=\"et_pb_module et_pb_text et_pb_text_9  et_pb_text_align_left et_pb_bg_layout_light\">\n<div class=\"et_pb_text_inner\">\n<div dir=\"ltr\">\n<p>Os invitamos a dar una vuelta en este nuevo espacio, para <strong>conocer mejor la\u00a0realidad de la\u00a0Casa Salesiana.\u00a0<\/strong>Y os motivamos a dedicar alg\u00fan minuto a navegar por las diferentes secciones y as\u00ed conocer d\u00f3nde puedes encontrar aquello que est\u00e1s buscando.<\/p>\n<p>\u00a1Bienvenidos a esta nueva \u201ccasa\u201d! <strong>\u00a1Entrad al patio digital!<\/strong><\/p>\n<\/div>\n<\/div>\n<\/div>\n<p>[\/et_pb_text][\/et_pb_column][\/et_pb_row][\/et_pb_section]<\/p>\n","protected":false},"excerpt":{"rendered":"<p>\u00a1Ya estamos de nuevo en l\u00ednea! Regresamos con una renovaci\u00f3n total<\/p>\n","protected":false},"author":3,"featured_media":7437,"comment_status":"open","ping_status":"open","sticky":false,"template":"","format":"standard","meta":{"_et_pb_use_builder":"on","_et_pb_old_content":"","_et_gb_content_width":"","footnotes":""},"categories":[13],"tags":[],"class_list":["post-7436","post","type-post","status-publish","format-standard","has-post-thumbnail","hentry","category-casa-salesiana"],"yoast_head":"<!-- This site is optimized with the Yoast SEO plugin v28.4 - https:\/\/yoast.com\/product\/yoast-seo-wordpress\/ -->\n<title>Nueva etapa en la p\u00e1gina web de Salesianos C\u00f3rdoba - Colegio Salesiano San Francisco de Sales<\/title>\n<meta name=\"robots\" content=\"index, follow, max-snippet:-1, max-image-preview:large, max-video-preview:-1\" \/>\n<link rel=\"canonical\" href=\"https:\/\/cordoba.salesianos.edu\/colegio\/blog\/2021\/05\/24\/nueva-etapa-en-la-pagina-web-de-salesianos-cordoba\/\" \/>\n<meta property=\"og:locale\" content=\"es_ES\" \/>\n<meta property=\"og:type\" content=\"article\" \/>\n<meta property=\"og:title\" content=\"Nueva etapa en la p\u00e1gina web de Salesianos C\u00f3rdoba - Colegio Salesiano San Francisco de Sales\" \/>\n<meta property=\"og:description\" content=\"\u00a1Ya estamos de nuevo en l\u00ednea! Regresamos con una renovaci\u00f3n total\" \/>\n<meta property=\"og:url\" content=\"https:\/\/cordoba.salesianos.edu\/colegio\/blog\/2021\/05\/24\/nueva-etapa-en-la-pagina-web-de-salesianos-cordoba\/\" \/>\n<meta property=\"og:site_name\" content=\"Colegio Salesiano San Francisco de Sales\" \/>\n<meta property=\"article:published_time\" content=\"2021-05-24T10:11:43+00:00\" \/>\n<meta property=\"og:image\" content=\"https:\/\/cordoba.salesianos.edu\/colegio\/wp-content\/uploads\/sites\/2\/2021\/05\/Captura-de-pantalla-2021-05-24-a-las-12.07.58-1024x632.png\" \/>\n\t<meta property=\"og:image:width\" content=\"1024\" \/>\n\t<meta property=\"og:image:height\" content=\"632\" \/>\n\t<meta property=\"og:image:type\" content=\"image\/png\" \/>\n<meta name=\"author\" content=\"gestorweb\" \/>\n<meta name=\"twitter:card\" content=\"summary_large_image\" \/>\n<meta name=\"twitter:label1\" content=\"Escrito por\" \/>\n\t<meta name=\"twitter:data1\" content=\"gestorweb\" \/>\n\t<meta name=\"twitter:label2\" content=\"Tiempo de lectura\" \/>\n\t<meta name=\"twitter:data2\" content=\"2 minutos\" \/>\n<script type=\"application\/ld+json\" class=\"yoast-schema-graph\">{\"@context\":\"https:\\\/\\\/schema.org\",\"@graph\":[{\"@type\":\"Article\",\"@id\":\"https:\\\/\\\/cordoba.salesianos.edu\\\/colegio\\\/blog\\\/2021\\\/05\\\/24\\\/nueva-etapa-en-la-pagina-web-de-salesianos-cordoba\\\/#article\",\"isPartOf\":{\"@id\":\"https:\\\/\\\/cordoba.salesianos.edu\\\/colegio\\\/blog\\\/2021\\\/05\\\/24\\\/nueva-etapa-en-la-pagina-web-de-salesianos-cordoba\\\/\"},\"author\":{\"name\":\"gestorweb\",\"@id\":\"https:\\\/\\\/cordoba.salesianos.edu\\\/colegio\\\/#\\\/schema\\\/person\\\/9b881b94cc149f5135dd166fe5fca630\"},\"headline\":\"Nueva etapa en la p\u00e1gina web de Salesianos C\u00f3rdoba\",\"datePublished\":\"2021-05-24T10:11:43+00:00\",\"mainEntityOfPage\":{\"@id\":\"https:\\\/\\\/cordoba.salesianos.edu\\\/colegio\\\/blog\\\/2021\\\/05\\\/24\\\/nueva-etapa-en-la-pagina-web-de-salesianos-cordoba\\\/\"},\"wordCount\":397,\"commentCount\":0,\"image\":{\"@id\":\"https:\\\/\\\/cordoba.salesianos.edu\\\/colegio\\\/blog\\\/2021\\\/05\\\/24\\\/nueva-etapa-en-la-pagina-web-de-salesianos-cordoba\\\/#primaryimage\"},\"thumbnailUrl\":\"https:\\\/\\\/cordoba.salesianos.edu\\\/colegio\\\/wp-content\\\/uploads\\\/sites\\\/2\\\/2021\\\/05\\\/Captura-de-pantalla-2021-05-24-a-las-12.07.58.png\",\"articleSection\":[\"Casa Salesiana\"],\"inLanguage\":\"es\",\"potentialAction\":[{\"@type\":\"CommentAction\",\"name\":\"Comment\",\"target\":[\"https:\\\/\\\/cordoba.salesianos.edu\\\/colegio\\\/blog\\\/2021\\\/05\\\/24\\\/nueva-etapa-en-la-pagina-web-de-salesianos-cordoba\\\/#respond\"]}]},{\"@type\":\"WebPage\",\"@id\":\"https:\\\/\\\/cordoba.salesianos.edu\\\/colegio\\\/blog\\\/2021\\\/05\\\/24\\\/nueva-etapa-en-la-pagina-web-de-salesianos-cordoba\\\/\",\"url\":\"https:\\\/\\\/cordoba.salesianos.edu\\\/colegio\\\/blog\\\/2021\\\/05\\\/24\\\/nueva-etapa-en-la-pagina-web-de-salesianos-cordoba\\\/\",\"name\":\"Nueva etapa en la p\u00e1gina web de Salesianos C\u00f3rdoba - Colegio Salesiano San Francisco de Sales\",\"isPartOf\":{\"@id\":\"https:\\\/\\\/cordoba.salesianos.edu\\\/colegio\\\/#website\"},\"primaryImageOfPage\":{\"@id\":\"https:\\\/\\\/cordoba.salesianos.edu\\\/colegio\\\/blog\\\/2021\\\/05\\\/24\\\/nueva-etapa-en-la-pagina-web-de-salesianos-cordoba\\\/#primaryimage\"},\"image\":{\"@id\":\"https:\\\/\\\/cordoba.salesianos.edu\\\/colegio\\\/blog\\\/2021\\\/05\\\/24\\\/nueva-etapa-en-la-pagina-web-de-salesianos-cordoba\\\/#primaryimage\"},\"thumbnailUrl\":\"https:\\\/\\\/cordoba.salesianos.edu\\\/colegio\\\/wp-content\\\/uploads\\\/sites\\\/2\\\/2021\\\/05\\\/Captura-de-pantalla-2021-05-24-a-las-12.07.58.png\",\"datePublished\":\"2021-05-24T10:11:43+00:00\",\"author\":{\"@id\":\"https:\\\/\\\/cordoba.salesianos.edu\\\/colegio\\\/#\\\/schema\\\/person\\\/9b881b94cc149f5135dd166fe5fca630\"},\"breadcrumb\":{\"@id\":\"https:\\\/\\\/cordoba.salesianos.edu\\\/colegio\\\/blog\\\/2021\\\/05\\\/24\\\/nueva-etapa-en-la-pagina-web-de-salesianos-cordoba\\\/#breadcrumb\"},\"inLanguage\":\"es\",\"potentialAction\":[{\"@type\":\"ReadAction\",\"target\":[\"https:\\\/\\\/cordoba.salesianos.edu\\\/colegio\\\/blog\\\/2021\\\/05\\\/24\\\/nueva-etapa-en-la-pagina-web-de-salesianos-cordoba\\\/\"]}]},{\"@type\":\"ImageObject\",\"inLanguage\":\"es\",\"@id\":\"https:\\\/\\\/cordoba.salesianos.edu\\\/colegio\\\/blog\\\/2021\\\/05\\\/24\\\/nueva-etapa-en-la-pagina-web-de-salesianos-cordoba\\\/#primaryimage\",\"url\":\"https:\\\/\\\/cordoba.salesianos.edu\\\/colegio\\\/wp-content\\\/uploads\\\/sites\\\/2\\\/2021\\\/05\\\/Captura-de-pantalla-2021-05-24-a-las-12.07.58.png\",\"contentUrl\":\"https:\\\/\\\/cordoba.salesianos.edu\\\/colegio\\\/wp-content\\\/uploads\\\/sites\\\/2\\\/2021\\\/05\\\/Captura-de-pantalla-2021-05-24-a-las-12.07.58.png\",\"width\":1862,\"height\":1150},{\"@type\":\"BreadcrumbList\",\"@id\":\"https:\\\/\\\/cordoba.salesianos.edu\\\/colegio\\\/blog\\\/2021\\\/05\\\/24\\\/nueva-etapa-en-la-pagina-web-de-salesianos-cordoba\\\/#breadcrumb\",\"itemListElement\":[{\"@type\":\"ListItem\",\"position\":1,\"name\":\"Portada\",\"item\":\"https:\\\/\\\/cordoba.salesianos.edu\\\/colegio\\\/\"},{\"@type\":\"ListItem\",\"position\":2,\"name\":\"Nueva etapa en la p\u00e1gina web de Salesianos C\u00f3rdoba\"}]},{\"@type\":\"WebSite\",\"@id\":\"https:\\\/\\\/cordoba.salesianos.edu\\\/colegio\\\/#website\",\"url\":\"https:\\\/\\\/cordoba.salesianos.edu\\\/colegio\\\/\",\"name\":\"Colegio Salesiano San Francisco de Sales\",\"description\":\"P\u00e1gina oficial Salesianos C\u00f3rdoba\",\"potentialAction\":[{\"@type\":\"SearchAction\",\"target\":{\"@type\":\"EntryPoint\",\"urlTemplate\":\"https:\\\/\\\/cordoba.salesianos.edu\\\/colegio\\\/?s={search_term_string}\"},\"query-input\":{\"@type\":\"PropertyValueSpecification\",\"valueRequired\":true,\"valueName\":\"search_term_string\"}}],\"inLanguage\":\"es\"},{\"@type\":\"Person\",\"@id\":\"https:\\\/\\\/cordoba.salesianos.edu\\\/colegio\\\/#\\\/schema\\\/person\\\/9b881b94cc149f5135dd166fe5fca630\",\"name\":\"gestorweb\",\"image\":{\"@type\":\"ImageObject\",\"inLanguage\":\"es\",\"@id\":\"https:\\\/\\\/secure.gravatar.com\\\/avatar\\\/89bfbd418b5718bb5b0e64c99c3c8e16970290599f0b79176d1d9401d1f717f3?s=96&d=mm&r=g\",\"url\":\"https:\\\/\\\/secure.gravatar.com\\\/avatar\\\/89bfbd418b5718bb5b0e64c99c3c8e16970290599f0b79176d1d9401d1f717f3?s=96&d=mm&r=g\",\"contentUrl\":\"https:\\\/\\\/secure.gravatar.com\\\/avatar\\\/89bfbd418b5718bb5b0e64c99c3c8e16970290599f0b79176d1d9401d1f717f3?s=96&d=mm&r=g\",\"caption\":\"gestorweb\"}}]}<\/script>\n<!-- \/ Yoast SEO plugin. -->","yoast_head_json":{"title":"Nueva etapa en la p\u00e1gina web de Salesianos C\u00f3rdoba - Colegio Salesiano San Francisco de Sales","robots":{"index":"index","follow":"follow","max-snippet":"max-snippet:-1","max-image-preview":"max-image-preview:large","max-video-preview":"max-video-preview:-1"},"canonical":"https:\/\/cordoba.salesianos.edu\/colegio\/blog\/2021\/05\/24\/nueva-etapa-en-la-pagina-web-de-salesianos-cordoba\/","og_locale":"es_ES","og_type":"article","og_title":"Nueva etapa en la p\u00e1gina web de Salesianos C\u00f3rdoba - Colegio Salesiano San Francisco de Sales","og_description":"\u00a1Ya estamos de nuevo en l\u00ednea! Regresamos con una renovaci\u00f3n total","og_url":"https:\/\/cordoba.salesianos.edu\/colegio\/blog\/2021\/05\/24\/nueva-etapa-en-la-pagina-web-de-salesianos-cordoba\/","og_site_name":"Colegio Salesiano San Francisco de Sales","article_published_time":"2021-05-24T10:11:43+00:00","og_image":[{"width":1024,"height":632,"url":"https:\/\/cordoba.salesianos.edu\/colegio\/wp-content\/uploads\/sites\/2\/2021\/05\/Captura-de-pantalla-2021-05-24-a-las-12.07.58-1024x632.png","type":"image\/png"}],"author":"gestorweb","twitter_card":"summary_large_image","twitter_misc":{"Escrito por":"gestorweb","Tiempo de lectura":"2 minutos"},"schema":{"@context":"https:\/\/schema.org","@graph":[{"@type":"Article","@id":"https:\/\/cordoba.salesianos.edu\/colegio\/blog\/2021\/05\/24\/nueva-etapa-en-la-pagina-web-de-salesianos-cordoba\/#article","isPartOf":{"@id":"https:\/\/cordoba.salesianos.edu\/colegio\/blog\/2021\/05\/24\/nueva-etapa-en-la-pagina-web-de-salesianos-cordoba\/"},"author":{"name":"gestorweb","@id":"https:\/\/cordoba.salesianos.edu\/colegio\/#\/schema\/person\/9b881b94cc149f5135dd166fe5fca630"},"headline":"Nueva etapa en la p\u00e1gina web de Salesianos C\u00f3rdoba","datePublished":"2021-05-24T10:11:43+00:00","mainEntityOfPage":{"@id":"https:\/\/cordoba.salesianos.edu\/colegio\/blog\/2021\/05\/24\/nueva-etapa-en-la-pagina-web-de-salesianos-cordoba\/"},"wordCount":397,"commentCount":0,"image":{"@id":"https:\/\/cordoba.salesianos.edu\/colegio\/blog\/2021\/05\/24\/nueva-etapa-en-la-pagina-web-de-salesianos-cordoba\/#primaryimage"},"thumbnailUrl":"https:\/\/cordoba.salesianos.edu\/colegio\/wp-content\/uploads\/sites\/2\/2021\/05\/Captura-de-pantalla-2021-05-24-a-las-12.07.58.png","articleSection":["Casa Salesiana"],"inLanguage":"es","potentialAction":[{"@type":"CommentAction","name":"Comment","target":["https:\/\/cordoba.salesianos.edu\/colegio\/blog\/2021\/05\/24\/nueva-etapa-en-la-pagina-web-de-salesianos-cordoba\/#respond"]}]},{"@type":"WebPage","@id":"https:\/\/cordoba.salesianos.edu\/colegio\/blog\/2021\/05\/24\/nueva-etapa-en-la-pagina-web-de-salesianos-cordoba\/","url":"https:\/\/cordoba.salesianos.edu\/colegio\/blog\/2021\/05\/24\/nueva-etapa-en-la-pagina-web-de-salesianos-cordoba\/","name":"Nueva etapa en la p\u00e1gina web de Salesianos C\u00f3rdoba - Colegio Salesiano San Francisco de Sales","isPartOf":{"@id":"https:\/\/cordoba.salesianos.edu\/colegio\/#website"},"primaryImageOfPage":{"@id":"https:\/\/cordoba.salesianos.edu\/colegio\/blog\/2021\/05\/24\/nueva-etapa-en-la-pagina-web-de-salesianos-cordoba\/#primaryimage"},"image":{"@id":"https:\/\/cordoba.salesianos.edu\/colegio\/blog\/2021\/05\/24\/nueva-etapa-en-la-pagina-web-de-salesianos-cordoba\/#primaryimage"},"thumbnailUrl":"https:\/\/cordoba.salesianos.edu\/colegio\/wp-content\/uploads\/sites\/2\/2021\/05\/Captura-de-pantalla-2021-05-24-a-las-12.07.58.png","datePublished":"2021-05-24T10:11:43+00:00","author":{"@id":"https:\/\/cordoba.salesianos.edu\/colegio\/#\/schema\/person\/9b881b94cc149f5135dd166fe5fca630"},"breadcrumb":{"@id":"https:\/\/cordoba.salesianos.edu\/colegio\/blog\/2021\/05\/24\/nueva-etapa-en-la-pagina-web-de-salesianos-cordoba\/#breadcrumb"},"inLanguage":"es","potentialAction":[{"@type":"ReadAction","target":["https:\/\/cordoba.salesianos.edu\/colegio\/blog\/2021\/05\/24\/nueva-etapa-en-la-pagina-web-de-salesianos-cordoba\/"]}]},{"@type":"ImageObject","inLanguage":"es","@id":"https:\/\/cordoba.salesianos.edu\/colegio\/blog\/2021\/05\/24\/nueva-etapa-en-la-pagina-web-de-salesianos-cordoba\/#primaryimage","url":"https:\/\/cordoba.salesianos.edu\/colegio\/wp-content\/uploads\/sites\/2\/2021\/05\/Captura-de-pantalla-2021-05-24-a-las-12.07.58.png","contentUrl":"https:\/\/cordoba.salesianos.edu\/colegio\/wp-content\/uploads\/sites\/2\/2021\/05\/Captura-de-pantalla-2021-05-24-a-las-12.07.58.png","width":1862,"height":1150},{"@type":"BreadcrumbList","@id":"https:\/\/cordoba.salesianos.edu\/colegio\/blog\/2021\/05\/24\/nueva-etapa-en-la-pagina-web-de-salesianos-cordoba\/#breadcrumb","itemListElement":[{"@type":"ListItem","position":1,"name":"Portada","item":"https:\/\/cordoba.salesianos.edu\/colegio\/"},{"@type":"ListItem","position":2,"name":"Nueva etapa en la p\u00e1gina web de Salesianos C\u00f3rdoba"}]},{"@type":"WebSite","@id":"https:\/\/cordoba.salesianos.edu\/colegio\/#website","url":"https:\/\/cordoba.salesianos.edu\/colegio\/","name":"Colegio Salesiano San Francisco de Sales","description":"P\u00e1gina oficial Salesianos C\u00f3rdoba","potentialAction":[{"@type":"SearchAction","target":{"@type":"EntryPoint","urlTemplate":"https:\/\/cordoba.salesianos.edu\/colegio\/?s={search_term_string}"},"query-input":{"@type":"PropertyValueSpecification","valueRequired":true,"valueName":"search_term_string"}}],"inLanguage":"es"},{"@type":"Person","@id":"https:\/\/cordoba.salesianos.edu\/colegio\/#\/schema\/person\/9b881b94cc149f5135dd166fe5fca630","name":"gestorweb","image":{"@type":"ImageObject","inLanguage":"es","@id":"https:\/\/secure.gravatar.com\/avatar\/89bfbd418b5718bb5b0e64c99c3c8e16970290599f0b79176d1d9401d1f717f3?s=96&d=mm&r=g","url":"https:\/\/secure.gravatar.com\/avatar\/89bfbd418b5718bb5b0e64c99c3c8e16970290599f0b79176d1d9401d1f717f3?s=96&d=mm&r=g","contentUrl":"https:\/\/secure.gravatar.com\/avatar\/89bfbd418b5718bb5b0e64c99c3c8e16970290599f0b79176d1d9401d1f717f3?s=96&d=mm&r=g","caption":"gestorweb"}}]}},"_links":{"self":[{"href":"https:\/\/cordoba.salesianos.edu\/colegio\/wp-json\/wp\/v2\/posts\/7436","targetHints":{"allow":["GET"]}}],"collection":[{"href":"https:\/\/cordoba.salesianos.edu\/colegio\/wp-json\/wp\/v2\/posts"}],"about":[{"href":"https:\/\/cordoba.salesianos.edu\/colegio\/wp-json\/wp\/v2\/types\/post"}],"author":[{"embeddable":true,"href":"https:\/\/cordoba.salesianos.edu\/colegio\/wp-json\/wp\/v2\/users\/3"}],"replies":[{"embeddable":true,"href":"https:\/\/cordoba.salesianos.edu\/colegio\/wp-json\/wp\/v2\/comments?post=7436"}],"version-history":[{"count":0,"href":"https:\/\/cordoba.salesianos.edu\/colegio\/wp-json\/wp\/v2\/posts\/7436\/revisions"}],"wp:featuredmedia":[{"embeddable":true,"href":"https:\/\/cordoba.salesianos.edu\/colegio\/wp-json\/wp\/v2\/media\/7437"}],"wp:attachment":[{"href":"https:\/\/cordoba.salesianos.edu\/colegio\/wp-json\/wp\/v2\/media?parent=7436"}],"wp:term":[{"taxonomy":"category","embeddable":true,"href":"https:\/\/cordoba.salesianos.edu\/colegio\/wp-json\/wp\/v2\/categories?post=7436"},{"taxonomy":"post_tag","embeddable":true,"href":"https:\/\/cordoba.salesianos.edu\/colegio\/wp-json\/wp\/v2\/tags?post=7436"}],"curies":[{"name":"wp","href":"https:\/\/api.w.org\/{rel}","templated":true}]}}