{"id":7431,"date":"2021-05-24T12:11:15","date_gmt":"2021-05-24T10:11:15","guid":{"rendered":"https:\/\/cordoba.salesianos.edu\/colegio\/?p=7431"},"modified":"2021-05-24T12:11:18","modified_gmt":"2021-05-24T10:11:18","slug":"estos-son-los-actos-previstos-para-este-lunes-en-honor-a-maria-auxiliadora-de-cordoba","status":"publish","type":"post","link":"https:\/\/cordoba.salesianos.edu\/colegio\/blog\/2021\/05\/24\/estos-son-los-actos-previstos-para-este-lunes-en-honor-a-maria-auxiliadora-de-cordoba\/","title":{"rendered":"Estos son los actos previstos para este lunes en honor a Mar\u00eda Auxiliadora de C\u00f3rdoba"},"content":{"rendered":"<p>[et_pb_section fb_built=\u00bb1&#8243; _builder_version=\u00bb4.9.4&#8243; _module_preset=\u00bbdefault\u00bb][et_pb_row _builder_version=\u00bb4.9.4&#8243; _module_preset=\u00bbdefault\u00bb][et_pb_column type=\u00bb4_4&#8243; _builder_version=\u00bb4.9.4&#8243; _module_preset=\u00bbdefault\u00bb][et_pb_text _builder_version=\u00bb4.9.4&#8243; _module_preset=\u00bbdefault\u00bb]<\/p>\n<p class=\"mce\">La <strong class=\"mce\">Asociaci\u00f3n de Mar\u00eda Auxiliadora<\/strong> tiene ya todo preparado para el gran d\u00eda de su titular mariana. Sin procesi\u00f3n por las calles de C\u00f3rdoba por segundo a\u00f1o consecutivo debido a la crisis del covid-19, los actos previstos para este lunes arrancan con el <strong class=\"mce\">acto de veneraci\u00f3n<\/strong> a la Virgen en su Santuario. Adem\u00e1s, el patio del colegio Salesianos acoger\u00e1 la <strong class=\"mce\">misa solemne<\/strong>, que estar\u00e1 presidida por el obispo Demetrio Fern\u00e1ndez, un acto que no se pudo celebrar el a\u00f1o pasado por el coronavirus.<\/p>\n<p class=\"mce\">El Santuario de Mar\u00eda Auxiliadora ha cerrado este domingo la <strong class=\"mce\">novena<\/strong> realizada a su titular mariana, que arranc\u00f3 el pasado s\u00e1bado 15. Durante este domingo se ha celebrado tambi\u00e9n el acto de <strong class=\"mce\">presentaci\u00f3n de los ni\u00f1os<\/strong> a la Virgen. Adem\u00e1s, tuvo lugar la <strong class=\"mce\">bendici\u00f3n e imposici\u00f3n de las medallas<\/strong> de los nuevos asociados. Un d\u00eda antes, este pasado s\u00e1bado, fue\u00a0la bajada de la imagen mariana con una exaltaci\u00f3n a cargo de Antonio Guillaume Sep\u00falveda, cooperador salesiano.<\/p>\n<p class=\"mce\">Previamente, a todos estos actos, se present\u00f3 el cartel de Mar\u00eda Auxiliadora para el mes de mayo, obra que ha sido realizada por <strong class=\"mce\">Jos\u00e9 Ignacio Aguilera<\/strong>, hermano y miembro de esta Asociaci\u00f3n, que celebrar\u00e1 la festividad de su titular durante este lunes. Las campanas del Santuario volver\u00e1n a repicar para festejar el gran d\u00eda de Mar\u00eda Auxiliadora.<\/p>\n<p class=\"mce\">Durante el acto de veneraci\u00f3n, que est\u00e1 previsto de 8:30 a 19:00, numerosos fieles y devotos podr\u00e1n rezar ante la imagen de Mar\u00eda Auxiliadora. A las 11:00 y a las 18:00 est\u00e1n previstas dos santas misas en el Santuario, aunque la eucar\u00edstica central ser\u00e1 a las 20:00, que volver\u00e1 a estar presidida Demetrio Fern\u00e1ndez, obispo de la di\u00f3cesis. Media hora antes, tendr\u00e1 lugar el <strong class=\"mce\">acto de acogida de la Virgen<\/strong> en el patio del colegio San Francisco de Sales. La festividad de Mar\u00eda Auxiliadora es un gran d\u00eda para la familia salesiana, a pesar de que su titular no podr\u00e1 recorrer en procesi\u00f3n las calles aleda\u00f1as a su templo por la pandemia del coronavirus.\u00a0<\/p>\n<p class=\"mce\">Coronada hace 12 a\u00f1os, Mar\u00eda Auxiliadora vivir\u00e1 unos actos especiales porque este pr\u00f3ximo mes de julio ser\u00e1 <strong class=\"mce\">retirada al culto<\/strong> durante nueve meses aproximadamente <strong class=\"mce\">por un proceso de restauraci\u00f3n<\/strong> que fue aprobado el pasado 25 de noviembre de 2020 y que se llevar\u00e1 a cabo por los escultores cordobeses Juan Jim\u00e9nez Gonz\u00e1lez y Pablo Porras Castro.\u00a0<\/p>\n<p>[\/et_pb_text][\/et_pb_column][\/et_pb_row][\/et_pb_section]<\/p>\n","protected":false},"excerpt":{"rendered":"<p>El patio del colegio Salesianos acoger\u00e1 la eucar\u00edstica presidida por el obispo Demetrio Fern\u00e1ndez (20:00)<\/p>\n","protected":false},"author":3,"featured_media":7432,"comment_status":"open","ping_status":"open","sticky":false,"template":"","format":"standard","meta":{"_et_pb_use_builder":"on","_et_pb_old_content":"","_et_gb_content_width":"","footnotes":""},"categories":[13],"tags":[],"class_list":["post-7431","post","type-post","status-publish","format-standard","has-post-thumbnail","hentry","category-casa-salesiana"],"yoast_head":"<!-- This site is optimized with the Yoast SEO plugin v28.4 - https:\/\/yoast.com\/product\/yoast-seo-wordpress\/ -->\n<title>Estos son los actos previstos para este lunes en honor a Mar\u00eda Auxiliadora de C\u00f3rdoba - Colegio Salesiano San Francisco de Sales<\/title>\n<meta name=\"robots\" content=\"index, follow, max-snippet:-1, max-image-preview:large, max-video-preview:-1\" \/>\n<link rel=\"canonical\" href=\"https:\/\/cordoba.salesianos.edu\/colegio\/blog\/2021\/05\/24\/estos-son-los-actos-previstos-para-este-lunes-en-honor-a-maria-auxiliadora-de-cordoba\/\" \/>\n<meta property=\"og:locale\" content=\"es_ES\" \/>\n<meta property=\"og:type\" content=\"article\" \/>\n<meta property=\"og:title\" content=\"Estos son los actos previstos para este lunes en honor a Mar\u00eda Auxiliadora de C\u00f3rdoba - Colegio Salesiano San Francisco de Sales\" \/>\n<meta property=\"og:description\" content=\"El patio del colegio Salesianos acoger\u00e1 la eucar\u00edstica presidida por el obispo Demetrio Fern\u00e1ndez (20:00)\" \/>\n<meta property=\"og:url\" content=\"https:\/\/cordoba.salesianos.edu\/colegio\/blog\/2021\/05\/24\/estos-son-los-actos-previstos-para-este-lunes-en-honor-a-maria-auxiliadora-de-cordoba\/\" \/>\n<meta property=\"og:site_name\" content=\"Colegio Salesiano San Francisco de Sales\" \/>\n<meta property=\"article:published_time\" content=\"2021-05-24T10:11:15+00:00\" \/>\n<meta property=\"article:modified_time\" content=\"2021-05-24T10:11:18+00:00\" \/>\n<meta property=\"og:image\" content=\"https:\/\/cordoba.salesianos.edu\/colegio\/wp-content\/uploads\/sites\/2\/2021\/05\/Maria-Auxiliadora-actos-desarrollados-Santuario_1576652794_138983942_667x375.jpg\" \/>\n\t<meta property=\"og:image:width\" content=\"667\" \/>\n\t<meta property=\"og:image:height\" content=\"375\" \/>\n\t<meta property=\"og:image:type\" content=\"image\/jpeg\" \/>\n<meta name=\"author\" content=\"gestorweb\" \/>\n<meta name=\"twitter:card\" content=\"summary_large_image\" \/>\n<meta name=\"twitter:label1\" content=\"Escrito por\" \/>\n\t<meta name=\"twitter:data1\" content=\"gestorweb\" \/>\n\t<meta name=\"twitter:label2\" content=\"Tiempo de lectura\" \/>\n\t<meta name=\"twitter:data2\" content=\"2 minutos\" \/>\n<script type=\"application\/ld+json\" class=\"yoast-schema-graph\">{\"@context\":\"https:\\\/\\\/schema.org\",\"@graph\":[{\"@type\":\"Article\",\"@id\":\"https:\\\/\\\/cordoba.salesianos.edu\\\/colegio\\\/blog\\\/2021\\\/05\\\/24\\\/estos-son-los-actos-previstos-para-este-lunes-en-honor-a-maria-auxiliadora-de-cordoba\\\/#article\",\"isPartOf\":{\"@id\":\"https:\\\/\\\/cordoba.salesianos.edu\\\/colegio\\\/blog\\\/2021\\\/05\\\/24\\\/estos-son-los-actos-previstos-para-este-lunes-en-honor-a-maria-auxiliadora-de-cordoba\\\/\"},\"author\":{\"name\":\"gestorweb\",\"@id\":\"https:\\\/\\\/cordoba.salesianos.edu\\\/colegio\\\/#\\\/schema\\\/person\\\/9b881b94cc149f5135dd166fe5fca630\"},\"headline\":\"Estos son los actos previstos para este lunes en honor a Mar\u00eda Auxiliadora de C\u00f3rdoba\",\"datePublished\":\"2021-05-24T10:11:15+00:00\",\"dateModified\":\"2021-05-24T10:11:18+00:00\",\"mainEntityOfPage\":{\"@id\":\"https:\\\/\\\/cordoba.salesianos.edu\\\/colegio\\\/blog\\\/2021\\\/05\\\/24\\\/estos-son-los-actos-previstos-para-este-lunes-en-honor-a-maria-auxiliadora-de-cordoba\\\/\"},\"wordCount\":486,\"commentCount\":0,\"image\":{\"@id\":\"https:\\\/\\\/cordoba.salesianos.edu\\\/colegio\\\/blog\\\/2021\\\/05\\\/24\\\/estos-son-los-actos-previstos-para-este-lunes-en-honor-a-maria-auxiliadora-de-cordoba\\\/#primaryimage\"},\"thumbnailUrl\":\"https:\\\/\\\/cordoba.salesianos.edu\\\/colegio\\\/wp-content\\\/uploads\\\/sites\\\/2\\\/2021\\\/05\\\/Maria-Auxiliadora-actos-desarrollados-Santuario_1576652794_138983942_667x375.jpg\",\"articleSection\":[\"Casa Salesiana\"],\"inLanguage\":\"es\",\"potentialAction\":[{\"@type\":\"CommentAction\",\"name\":\"Comment\",\"target\":[\"https:\\\/\\\/cordoba.salesianos.edu\\\/colegio\\\/blog\\\/2021\\\/05\\\/24\\\/estos-son-los-actos-previstos-para-este-lunes-en-honor-a-maria-auxiliadora-de-cordoba\\\/#respond\"]}]},{\"@type\":\"WebPage\",\"@id\":\"https:\\\/\\\/cordoba.salesianos.edu\\\/colegio\\\/blog\\\/2021\\\/05\\\/24\\\/estos-son-los-actos-previstos-para-este-lunes-en-honor-a-maria-auxiliadora-de-cordoba\\\/\",\"url\":\"https:\\\/\\\/cordoba.salesianos.edu\\\/colegio\\\/blog\\\/2021\\\/05\\\/24\\\/estos-son-los-actos-previstos-para-este-lunes-en-honor-a-maria-auxiliadora-de-cordoba\\\/\",\"name\":\"Estos son los actos previstos para este lunes en honor a Mar\u00eda Auxiliadora de C\u00f3rdoba - Colegio Salesiano San Francisco de Sales\",\"isPartOf\":{\"@id\":\"https:\\\/\\\/cordoba.salesianos.edu\\\/colegio\\\/#website\"},\"primaryImageOfPage\":{\"@id\":\"https:\\\/\\\/cordoba.salesianos.edu\\\/colegio\\\/blog\\\/2021\\\/05\\\/24\\\/estos-son-los-actos-previstos-para-este-lunes-en-honor-a-maria-auxiliadora-de-cordoba\\\/#primaryimage\"},\"image\":{\"@id\":\"https:\\\/\\\/cordoba.salesianos.edu\\\/colegio\\\/blog\\\/2021\\\/05\\\/24\\\/estos-son-los-actos-previstos-para-este-lunes-en-honor-a-maria-auxiliadora-de-cordoba\\\/#primaryimage\"},\"thumbnailUrl\":\"https:\\\/\\\/cordoba.salesianos.edu\\\/colegio\\\/wp-content\\\/uploads\\\/sites\\\/2\\\/2021\\\/05\\\/Maria-Auxiliadora-actos-desarrollados-Santuario_1576652794_138983942_667x375.jpg\",\"datePublished\":\"2021-05-24T10:11:15+00:00\",\"dateModified\":\"2021-05-24T10:11:18+00:00\",\"author\":{\"@id\":\"https:\\\/\\\/cordoba.salesianos.edu\\\/colegio\\\/#\\\/schema\\\/person\\\/9b881b94cc149f5135dd166fe5fca630\"},\"breadcrumb\":{\"@id\":\"https:\\\/\\\/cordoba.salesianos.edu\\\/colegio\\\/blog\\\/2021\\\/05\\\/24\\\/estos-son-los-actos-previstos-para-este-lunes-en-honor-a-maria-auxiliadora-de-cordoba\\\/#breadcrumb\"},\"inLanguage\":\"es\",\"potentialAction\":[{\"@type\":\"ReadAction\",\"target\":[\"https:\\\/\\\/cordoba.salesianos.edu\\\/colegio\\\/blog\\\/2021\\\/05\\\/24\\\/estos-son-los-actos-previstos-para-este-lunes-en-honor-a-maria-auxiliadora-de-cordoba\\\/\"]}]},{\"@type\":\"ImageObject\",\"inLanguage\":\"es\",\"@id\":\"https:\\\/\\\/cordoba.salesianos.edu\\\/colegio\\\/blog\\\/2021\\\/05\\\/24\\\/estos-son-los-actos-previstos-para-este-lunes-en-honor-a-maria-auxiliadora-de-cordoba\\\/#primaryimage\",\"url\":\"https:\\\/\\\/cordoba.salesianos.edu\\\/colegio\\\/wp-content\\\/uploads\\\/sites\\\/2\\\/2021\\\/05\\\/Maria-Auxiliadora-actos-desarrollados-Santuario_1576652794_138983942_667x375.jpg\",\"contentUrl\":\"https:\\\/\\\/cordoba.salesianos.edu\\\/colegio\\\/wp-content\\\/uploads\\\/sites\\\/2\\\/2021\\\/05\\\/Maria-Auxiliadora-actos-desarrollados-Santuario_1576652794_138983942_667x375.jpg\",\"width\":667,\"height\":375},{\"@type\":\"BreadcrumbList\",\"@id\":\"https:\\\/\\\/cordoba.salesianos.edu\\\/colegio\\\/blog\\\/2021\\\/05\\\/24\\\/estos-son-los-actos-previstos-para-este-lunes-en-honor-a-maria-auxiliadora-de-cordoba\\\/#breadcrumb\",\"itemListElement\":[{\"@type\":\"ListItem\",\"position\":1,\"name\":\"Portada\",\"item\":\"https:\\\/\\\/cordoba.salesianos.edu\\\/colegio\\\/\"},{\"@type\":\"ListItem\",\"position\":2,\"name\":\"Estos son los actos previstos para este lunes en honor a Mar\u00eda Auxiliadora de C\u00f3rdoba\"}]},{\"@type\":\"WebSite\",\"@id\":\"https:\\\/\\\/cordoba.salesianos.edu\\\/colegio\\\/#website\",\"url\":\"https:\\\/\\\/cordoba.salesianos.edu\\\/colegio\\\/\",\"name\":\"Colegio Salesiano San Francisco de Sales\",\"description\":\"P\u00e1gina oficial Salesianos C\u00f3rdoba\",\"potentialAction\":[{\"@type\":\"SearchAction\",\"target\":{\"@type\":\"EntryPoint\",\"urlTemplate\":\"https:\\\/\\\/cordoba.salesianos.edu\\\/colegio\\\/?s={search_term_string}\"},\"query-input\":{\"@type\":\"PropertyValueSpecification\",\"valueRequired\":true,\"valueName\":\"search_term_string\"}}],\"inLanguage\":\"es\"},{\"@type\":\"Person\",\"@id\":\"https:\\\/\\\/cordoba.salesianos.edu\\\/colegio\\\/#\\\/schema\\\/person\\\/9b881b94cc149f5135dd166fe5fca630\",\"name\":\"gestorweb\",\"image\":{\"@type\":\"ImageObject\",\"inLanguage\":\"es\",\"@id\":\"https:\\\/\\\/secure.gravatar.com\\\/avatar\\\/89bfbd418b5718bb5b0e64c99c3c8e16970290599f0b79176d1d9401d1f717f3?s=96&d=mm&r=g\",\"url\":\"https:\\\/\\\/secure.gravatar.com\\\/avatar\\\/89bfbd418b5718bb5b0e64c99c3c8e16970290599f0b79176d1d9401d1f717f3?s=96&d=mm&r=g\",\"contentUrl\":\"https:\\\/\\\/secure.gravatar.com\\\/avatar\\\/89bfbd418b5718bb5b0e64c99c3c8e16970290599f0b79176d1d9401d1f717f3?s=96&d=mm&r=g\",\"caption\":\"gestorweb\"}}]}<\/script>\n<!-- \/ Yoast SEO plugin. -->","yoast_head_json":{"title":"Estos son los actos previstos para este lunes en honor a Mar\u00eda Auxiliadora de C\u00f3rdoba - Colegio Salesiano San Francisco de Sales","robots":{"index":"index","follow":"follow","max-snippet":"max-snippet:-1","max-image-preview":"max-image-preview:large","max-video-preview":"max-video-preview:-1"},"canonical":"https:\/\/cordoba.salesianos.edu\/colegio\/blog\/2021\/05\/24\/estos-son-los-actos-previstos-para-este-lunes-en-honor-a-maria-auxiliadora-de-cordoba\/","og_locale":"es_ES","og_type":"article","og_title":"Estos son los actos previstos para este lunes en honor a Mar\u00eda Auxiliadora de C\u00f3rdoba - Colegio Salesiano San Francisco de Sales","og_description":"El patio del colegio Salesianos acoger\u00e1 la eucar\u00edstica presidida por el obispo Demetrio Fern\u00e1ndez (20:00)","og_url":"https:\/\/cordoba.salesianos.edu\/colegio\/blog\/2021\/05\/24\/estos-son-los-actos-previstos-para-este-lunes-en-honor-a-maria-auxiliadora-de-cordoba\/","og_site_name":"Colegio Salesiano San Francisco de Sales","article_published_time":"2021-05-24T10:11:15+00:00","article_modified_time":"2021-05-24T10:11:18+00:00","og_image":[{"width":667,"height":375,"url":"https:\/\/cordoba.salesianos.edu\/colegio\/wp-content\/uploads\/sites\/2\/2021\/05\/Maria-Auxiliadora-actos-desarrollados-Santuario_1576652794_138983942_667x375.jpg","type":"image\/jpeg"}],"author":"gestorweb","twitter_card":"summary_large_image","twitter_misc":{"Escrito por":"gestorweb","Tiempo de lectura":"2 minutos"},"schema":{"@context":"https:\/\/schema.org","@graph":[{"@type":"Article","@id":"https:\/\/cordoba.salesianos.edu\/colegio\/blog\/2021\/05\/24\/estos-son-los-actos-previstos-para-este-lunes-en-honor-a-maria-auxiliadora-de-cordoba\/#article","isPartOf":{"@id":"https:\/\/cordoba.salesianos.edu\/colegio\/blog\/2021\/05\/24\/estos-son-los-actos-previstos-para-este-lunes-en-honor-a-maria-auxiliadora-de-cordoba\/"},"author":{"name":"gestorweb","@id":"https:\/\/cordoba.salesianos.edu\/colegio\/#\/schema\/person\/9b881b94cc149f5135dd166fe5fca630"},"headline":"Estos son los actos previstos para este lunes en honor a Mar\u00eda Auxiliadora de C\u00f3rdoba","datePublished":"2021-05-24T10:11:15+00:00","dateModified":"2021-05-24T10:11:18+00:00","mainEntityOfPage":{"@id":"https:\/\/cordoba.salesianos.edu\/colegio\/blog\/2021\/05\/24\/estos-son-los-actos-previstos-para-este-lunes-en-honor-a-maria-auxiliadora-de-cordoba\/"},"wordCount":486,"commentCount":0,"image":{"@id":"https:\/\/cordoba.salesianos.edu\/colegio\/blog\/2021\/05\/24\/estos-son-los-actos-previstos-para-este-lunes-en-honor-a-maria-auxiliadora-de-cordoba\/#primaryimage"},"thumbnailUrl":"https:\/\/cordoba.salesianos.edu\/colegio\/wp-content\/uploads\/sites\/2\/2021\/05\/Maria-Auxiliadora-actos-desarrollados-Santuario_1576652794_138983942_667x375.jpg","articleSection":["Casa Salesiana"],"inLanguage":"es","potentialAction":[{"@type":"CommentAction","name":"Comment","target":["https:\/\/cordoba.salesianos.edu\/colegio\/blog\/2021\/05\/24\/estos-son-los-actos-previstos-para-este-lunes-en-honor-a-maria-auxiliadora-de-cordoba\/#respond"]}]},{"@type":"WebPage","@id":"https:\/\/cordoba.salesianos.edu\/colegio\/blog\/2021\/05\/24\/estos-son-los-actos-previstos-para-este-lunes-en-honor-a-maria-auxiliadora-de-cordoba\/","url":"https:\/\/cordoba.salesianos.edu\/colegio\/blog\/2021\/05\/24\/estos-son-los-actos-previstos-para-este-lunes-en-honor-a-maria-auxiliadora-de-cordoba\/","name":"Estos son los actos previstos para este lunes en honor a Mar\u00eda Auxiliadora de C\u00f3rdoba - Colegio Salesiano San Francisco de Sales","isPartOf":{"@id":"https:\/\/cordoba.salesianos.edu\/colegio\/#website"},"primaryImageOfPage":{"@id":"https:\/\/cordoba.salesianos.edu\/colegio\/blog\/2021\/05\/24\/estos-son-los-actos-previstos-para-este-lunes-en-honor-a-maria-auxiliadora-de-cordoba\/#primaryimage"},"image":{"@id":"https:\/\/cordoba.salesianos.edu\/colegio\/blog\/2021\/05\/24\/estos-son-los-actos-previstos-para-este-lunes-en-honor-a-maria-auxiliadora-de-cordoba\/#primaryimage"},"thumbnailUrl":"https:\/\/cordoba.salesianos.edu\/colegio\/wp-content\/uploads\/sites\/2\/2021\/05\/Maria-Auxiliadora-actos-desarrollados-Santuario_1576652794_138983942_667x375.jpg","datePublished":"2021-05-24T10:11:15+00:00","dateModified":"2021-05-24T10:11:18+00:00","author":{"@id":"https:\/\/cordoba.salesianos.edu\/colegio\/#\/schema\/person\/9b881b94cc149f5135dd166fe5fca630"},"breadcrumb":{"@id":"https:\/\/cordoba.salesianos.edu\/colegio\/blog\/2021\/05\/24\/estos-son-los-actos-previstos-para-este-lunes-en-honor-a-maria-auxiliadora-de-cordoba\/#breadcrumb"},"inLanguage":"es","potentialAction":[{"@type":"ReadAction","target":["https:\/\/cordoba.salesianos.edu\/colegio\/blog\/2021\/05\/24\/estos-son-los-actos-previstos-para-este-lunes-en-honor-a-maria-auxiliadora-de-cordoba\/"]}]},{"@type":"ImageObject","inLanguage":"es","@id":"https:\/\/cordoba.salesianos.edu\/colegio\/blog\/2021\/05\/24\/estos-son-los-actos-previstos-para-este-lunes-en-honor-a-maria-auxiliadora-de-cordoba\/#primaryimage","url":"https:\/\/cordoba.salesianos.edu\/colegio\/wp-content\/uploads\/sites\/2\/2021\/05\/Maria-Auxiliadora-actos-desarrollados-Santuario_1576652794_138983942_667x375.jpg","contentUrl":"https:\/\/cordoba.salesianos.edu\/colegio\/wp-content\/uploads\/sites\/2\/2021\/05\/Maria-Auxiliadora-actos-desarrollados-Santuario_1576652794_138983942_667x375.jpg","width":667,"height":375},{"@type":"BreadcrumbList","@id":"https:\/\/cordoba.salesianos.edu\/colegio\/blog\/2021\/05\/24\/estos-son-los-actos-previstos-para-este-lunes-en-honor-a-maria-auxiliadora-de-cordoba\/#breadcrumb","itemListElement":[{"@type":"ListItem","position":1,"name":"Portada","item":"https:\/\/cordoba.salesianos.edu\/colegio\/"},{"@type":"ListItem","position":2,"name":"Estos son los actos previstos para este lunes en honor a Mar\u00eda Auxiliadora de C\u00f3rdoba"}]},{"@type":"WebSite","@id":"https:\/\/cordoba.salesianos.edu\/colegio\/#website","url":"https:\/\/cordoba.salesianos.edu\/colegio\/","name":"Colegio Salesiano San Francisco de Sales","description":"P\u00e1gina oficial Salesianos C\u00f3rdoba","potentialAction":[{"@type":"SearchAction","target":{"@type":"EntryPoint","urlTemplate":"https:\/\/cordoba.salesianos.edu\/colegio\/?s={search_term_string}"},"query-input":{"@type":"PropertyValueSpecification","valueRequired":true,"valueName":"search_term_string"}}],"inLanguage":"es"},{"@type":"Person","@id":"https:\/\/cordoba.salesianos.edu\/colegio\/#\/schema\/person\/9b881b94cc149f5135dd166fe5fca630","name":"gestorweb","image":{"@type":"ImageObject","inLanguage":"es","@id":"https:\/\/secure.gravatar.com\/avatar\/89bfbd418b5718bb5b0e64c99c3c8e16970290599f0b79176d1d9401d1f717f3?s=96&d=mm&r=g","url":"https:\/\/secure.gravatar.com\/avatar\/89bfbd418b5718bb5b0e64c99c3c8e16970290599f0b79176d1d9401d1f717f3?s=96&d=mm&r=g","contentUrl":"https:\/\/secure.gravatar.com\/avatar\/89bfbd418b5718bb5b0e64c99c3c8e16970290599f0b79176d1d9401d1f717f3?s=96&d=mm&r=g","caption":"gestorweb"}}]}},"_links":{"self":[{"href":"https:\/\/cordoba.salesianos.edu\/colegio\/wp-json\/wp\/v2\/posts\/7431","targetHints":{"allow":["GET"]}}],"collection":[{"href":"https:\/\/cordoba.salesianos.edu\/colegio\/wp-json\/wp\/v2\/posts"}],"about":[{"href":"https:\/\/cordoba.salesianos.edu\/colegio\/wp-json\/wp\/v2\/types\/post"}],"author":[{"embeddable":true,"href":"https:\/\/cordoba.salesianos.edu\/colegio\/wp-json\/wp\/v2\/users\/3"}],"replies":[{"embeddable":true,"href":"https:\/\/cordoba.salesianos.edu\/colegio\/wp-json\/wp\/v2\/comments?post=7431"}],"version-history":[{"count":2,"href":"https:\/\/cordoba.salesianos.edu\/colegio\/wp-json\/wp\/v2\/posts\/7431\/revisions"}],"predecessor-version":[{"id":7435,"href":"https:\/\/cordoba.salesianos.edu\/colegio\/wp-json\/wp\/v2\/posts\/7431\/revisions\/7435"}],"wp:featuredmedia":[{"embeddable":true,"href":"https:\/\/cordoba.salesianos.edu\/colegio\/wp-json\/wp\/v2\/media\/7432"}],"wp:attachment":[{"href":"https:\/\/cordoba.salesianos.edu\/colegio\/wp-json\/wp\/v2\/media?parent=7431"}],"wp:term":[{"taxonomy":"category","embeddable":true,"href":"https:\/\/cordoba.salesianos.edu\/colegio\/wp-json\/wp\/v2\/categories?post=7431"},{"taxonomy":"post_tag","embeddable":true,"href":"https:\/\/cordoba.salesianos.edu\/colegio\/wp-json\/wp\/v2\/tags?post=7431"}],"curies":[{"name":"wp","href":"https:\/\/api.w.org\/{rel}","templated":true}]}}