{"id":7429,"date":"2021-05-24T11:47:48","date_gmt":"2021-05-24T09:47:48","guid":{"rendered":"https:\/\/cordoba.salesianos.edu\/colegio\/?p=7429"},"modified":"2021-05-24T12:11:05","modified_gmt":"2021-05-24T10:11:05","slug":"bendicion-de-la-imagen-de-maria-auxiliadora-y-rosario-de-la-aurora-en-salesianos","status":"publish","type":"post","link":"https:\/\/cordoba.salesianos.edu\/colegio\/blog\/2021\/05\/24\/bendicion-de-la-imagen-de-maria-auxiliadora-y-rosario-de-la-aurora-en-salesianos\/","title":{"rendered":"Bendici\u00f3n de la imagen de Mar\u00eda Auxiliadora y rosario de la aurora en Salesianos"},"content":{"rendered":"<p>[et_pb_section fb_built=\u00bb1&#8243; _builder_version=\u00bb4.9.4&#8243; _module_preset=\u00bbdefault\u00bb][et_pb_row _builder_version=\u00bb4.9.4&#8243; _module_preset=\u00bbdefault\u00bb][et_pb_column _builder_version=\u00bb4.9.4&#8243; _module_preset=\u00bbdefault\u00bb type=\u00bb4_4&#8243;][et_pb_text _builder_version=\u00bb4.9.4&#8243; _module_preset=\u00bbdefault\u00bb hover_enabled=\u00bb0&#8243; sticky_enabled=\u00bb0&#8243;]<\/p>\n<p class=\"article-body__text article-body__text--entry article-body__text-middle\">En la ma\u00f1ana del domingo, d\u00eda 9 de mayo, ha tenido lugar la celebraci\u00f3n del <strong>rosario <\/strong>de la <strong>aurora <\/strong>que cada a\u00f1o organiza la Archicofrad\u00eda de <strong>Mar\u00eda Auxiliadora<\/strong>, en el segundo domingo del mes de mayo.\u00a0<\/p>\n<p class=\"article-body__text \">En esta ocasi\u00f3n, la celebraci\u00f3n ha contado con algunas novedades, respecto a a\u00f1os anteriores. Antes de comenzar el rezo del santo rosario, ha tenido lugar el rito de bendici\u00f3n de la peque\u00f1a imagen de Mar\u00eda Auxiliadora, tras su reciente restauraci\u00f3n por el imaginero Sebasti\u00e1n Montes Carpio.<\/p>\n<p>[\/et_pb_text][et_pb_text _builder_version=\u00bb4.9.4&#8243; _module_preset=\u00bbdefault\u00bb hover_enabled=\u00bb0&#8243; sticky_enabled=\u00bb0&#8243;]<\/p>\n<p class=\"article-body__text \">Se trata de una imagen de gran valor hist\u00f3rico y devocional ya que fue la primera imagen de Mar\u00eda Auxiliadora que llega a la <strong>Obra Salesiana <\/strong>de <strong>C\u00f3rdoba<\/strong>, siendo un obsequio del entonces director de la Obra Salesiana de Carmona, Antonio Ricaldone, al primer director de la Casa de C\u00f3rdoba, Juan Castellano, con ocasi\u00f3n de la apertura del colegio el 1 de diciembre del 1901. Es una imagen de talla de madera de pino, de 0,70 cms de altura, procedente de los talleres salesianos de Barcelona-Sarri\u00e1.\u00a0<\/p>\n<h2 class=\"article-body__ladillo\">Una imagen con mucha historia<\/h2>\n<p class=\"article-body__text \">Esta imagen fue venerada en la capilla del colegio hasta 1908, fecha de la bendici\u00f3n de la nueva y actual imagen que preside el camar\u00edn del Santuario. La capilla, que fue bendecida el d\u00eda 16 de abril del 1902 por Mariano Amaya (p\u00e1rroco de San Lorenzo y fundador de la Obra Salesiana en C\u00f3rdoba) estaba situada a la izquierda de la puerta de entrada al <strong>colegio<\/strong>, actual calle Mar\u00eda Auxiliadora, 12. Durante muchos a\u00f1os, la imagen ha estado custodiada por la Asociaci\u00f3n de Antiguos Alumnos. Hasta ahora, se encontraba en la sede social de los antiguos alumnos. Desde hoy, la imagen se entroniza en la capilla del Columbario que se encuentra en la cripta del Santuario, donde recibir\u00e1 la veneraci\u00f3n de todos sus hijos cordobeses.\u00a0<\/p>\n<p class=\"article-body__text \">La imagen fue restaurada en el a\u00f1o 2006 por Rafael Valverde. En el 2021 ha sido restaurada por Sebasti\u00e1n Montes. La intervenci\u00f3n ha consistido en la aplicaci\u00f3n de una nueva policrom\u00eda, adem\u00e1s del enriquecimiento de los ropajes, ya que no se ha encontrado ninguna policrom\u00eda bajo la actual que presentaba. La corona del Ni\u00f1o y de la Virgen se han dorado las que ya ten\u00edan. El aro de estrellas y el cetro son nuevos.\u00a0<\/p>\n<h2 class=\"article-body__ladillo\">En el interior del patio salesiano<\/h2>\n<article class=\"article-photo article-photo-- \">\n<div class=\"multimedia-block__element\" data-lozad-loaded=\"true\"><picture class=\"image lozad\" data-alt=\"Un gran n\u00famero de devotos de Mar\u00eda Auxiliadora han acudido a la cita.\" data-loaded=\"true\"><source srcset=\"https:\/\/estaticos-cdn.prensaiberica.es\/clip\/8bbe282b-780a-48d8-af26-e65b4a2d065c_16-9-discover-aspect-ratio_default_0.jpg\" media=\"(max-width:  767px)\" \/><source srcset=\"https:\/\/estaticos-cdn.prensaiberica.es\/clip\/8bbe282b-780a-48d8-af26-e65b4a2d065c_16-9-discover-aspect-ratio_75p_0.jpg\" media=\"(max-width: 1201px)\" \/><source srcset=\"https:\/\/estaticos-cdn.prensaiberica.es\/clip\/8bbe282b-780a-48d8-af26-e65b4a2d065c_16-9-discover-aspect-ratio_default_0.jpg\" media=\"(max-width:  100vw)\" \/><img decoding=\"async\" title=\"Un gran n\u00famero de devotos de Mar\u00eda Auxiliadora han acudido a la cita.\" src=\"https:\/\/estaticos-cdn.prensaiberica.es\/clip\/8bbe282b-780a-48d8-af26-e65b4a2d065c_16-9-discover-aspect-ratio_default_0.jpg\" alt=\"Un gran n\u00famero de devotos de Mar\u00eda Auxiliadora han acudido a la cita.\" \/><\/picture><\/div>\n<p class=\"article-photo__footer\"><em>Un gran n\u00famero de devotos de Mar\u00eda Auxiliadora han acudido a la cita.<\/em> CASAVI<\/p>\n<\/article>\n<article class=\"article-photo article-photo-- \">\n<div class=\"multimedia-block__element\" data-lozad-loaded=\"true\"><picture class=\"image lozad\" data-alt=\"Un gran n\u00famero de devotos de Mar\u00eda Auxiliadora han acudido a la cita.\" data-loaded=\"true\"><source srcset=\"https:\/\/estaticos-cdn.prensaiberica.es\/clip\/97ca9665-2a30-4e17-afe1-c458a65c5bfb_16-9-discover-aspect-ratio_default_0.jpg\" media=\"(max-width:  767px)\" \/><source srcset=\"https:\/\/estaticos-cdn.prensaiberica.es\/clip\/97ca9665-2a30-4e17-afe1-c458a65c5bfb_16-9-discover-aspect-ratio_75p_0.jpg\" media=\"(max-width: 1201px)\" \/><source srcset=\"https:\/\/estaticos-cdn.prensaiberica.es\/clip\/97ca9665-2a30-4e17-afe1-c458a65c5bfb_16-9-discover-aspect-ratio_default_0.jpg\" media=\"(max-width:  100vw)\" \/><img decoding=\"async\" title=\"Un gran n\u00famero de devotos de Mar\u00eda Auxiliadora han acudido a la cita.\" src=\"https:\/\/estaticos-cdn.prensaiberica.es\/clip\/97ca9665-2a30-4e17-afe1-c458a65c5bfb_16-9-discover-aspect-ratio_default_0.jpg\" alt=\"Un gran n\u00famero de devotos de Mar\u00eda Auxiliadora han acudido a la cita.\" \/><\/picture><\/div>\n<p class=\"article-photo__footer\"><em>Un gran n\u00famero de devotos de Mar\u00eda Auxiliadora han acudido a la cita.<\/em> CASAVI<\/p>\n<\/article>\n<p class=\"article-body__text \">Otra de las novedades del d\u00eda, debido a la situaci\u00f3n de pandemia que estamos viviendo, ha sido que el rosario de la aurora ha transcurrido por el interior del patio salesiano, en lugar de recorrer las calles cercanas al Santuario. Un gran n\u00famero de devotos de Mar\u00eda Auxiliadora han acudido a la cita. Abr\u00eda el cortejo la cruz con dos ciriales, fieles, bandera de <strong>Mar\u00eda Auxiliadora<\/strong>, miembros del Consejo Local de la Archicofrad\u00eda de Mar\u00eda Auxiliadora que preside Dolores Morales Sarmiento, sacerdotes salesianos, y la parihuela con la primitiva imagen de Mar\u00eda Auxiliadora, portada por los costaleros del paso de San Juan Bosco, a la voz del capataz David Mart\u00ednez Leal.\u00a0<\/p>\n<div id=\"quantum-intext-1\">\u00a0<\/div>\n<p class=\"article-body__text \">Al concluir el rezo del rosario, ha tenido lugar la celebraci\u00f3n de la Santa Misa, presidida por el Director de la Casa Salesiana, Jos\u00e9 Antonio Perdigones Bautista.\u00a0<\/p>\n<h2 class=\"article-body__ladillo\">Novena en honor Mar\u00eda Auxiliadora<\/h2>\n<p class=\"article-body__text \">El pr\u00f3ximo s\u00e1bado d\u00eda 15 de mayo, dar\u00e1 comienzo la solemne Novena en honor a Mar\u00eda Auxiliadora, para concluir el 24 de mayo, d\u00eda de su fiesta, con la celebraci\u00f3n de la Misa Solemne en el patio del colegio, presidida por el Obispo de C\u00f3rdoba, Demetrio Fern\u00e1ndez.\u00a0<\/p>\n<p>[\/et_pb_text][\/et_pb_column][\/et_pb_row][\/et_pb_section]<\/p>\n","protected":false},"excerpt":{"rendered":"<p>Un gran n\u00famero de fieles han acudido a la cita<\/p>\n","protected":false},"author":3,"featured_media":7430,"comment_status":"open","ping_status":"open","sticky":false,"template":"","format":"standard","meta":{"_et_pb_use_builder":"on","_et_pb_old_content":"","_et_gb_content_width":"","footnotes":""},"categories":[13],"tags":[],"class_list":["post-7429","post","type-post","status-publish","format-standard","has-post-thumbnail","hentry","category-casa-salesiana"],"yoast_head":"<!-- This site is optimized with the Yoast SEO plugin v28.4 - https:\/\/yoast.com\/product\/yoast-seo-wordpress\/ -->\n<title>Bendici\u00f3n de la imagen de Mar\u00eda Auxiliadora y rosario de la aurora en Salesianos - Colegio Salesiano San Francisco de Sales<\/title>\n<meta name=\"robots\" content=\"index, follow, max-snippet:-1, max-image-preview:large, max-video-preview:-1\" \/>\n<link rel=\"canonical\" href=\"https:\/\/cordoba.salesianos.edu\/colegio\/blog\/2021\/05\/24\/bendicion-de-la-imagen-de-maria-auxiliadora-y-rosario-de-la-aurora-en-salesianos\/\" \/>\n<meta property=\"og:locale\" content=\"es_ES\" \/>\n<meta property=\"og:type\" content=\"article\" \/>\n<meta property=\"og:title\" content=\"Bendici\u00f3n de la imagen de Mar\u00eda Auxiliadora y rosario de la aurora en Salesianos - Colegio Salesiano San Francisco de Sales\" \/>\n<meta property=\"og:description\" content=\"Un gran n\u00famero de fieles han acudido a la cita\" \/>\n<meta property=\"og:url\" content=\"https:\/\/cordoba.salesianos.edu\/colegio\/blog\/2021\/05\/24\/bendicion-de-la-imagen-de-maria-auxiliadora-y-rosario-de-la-aurora-en-salesianos\/\" \/>\n<meta property=\"og:site_name\" content=\"Colegio Salesiano San Francisco de Sales\" \/>\n<meta property=\"article:published_time\" content=\"2021-05-24T09:47:48+00:00\" \/>\n<meta property=\"article:modified_time\" content=\"2021-05-24T10:11:05+00:00\" \/>\n<meta property=\"og:image\" content=\"https:\/\/cordoba.salesianos.edu\/colegio\/wp-content\/uploads\/sites\/2\/2021\/05\/92237a88-02f6-4252-b798-b48f0828adda_16-9-discover-aspect-ratio_default_0.jpg\" \/>\n\t<meta property=\"og:image:width\" content=\"1200\" \/>\n\t<meta property=\"og:image:height\" content=\"675\" \/>\n\t<meta property=\"og:image:type\" content=\"image\/jpeg\" \/>\n<meta name=\"author\" content=\"gestorweb\" \/>\n<meta name=\"twitter:card\" content=\"summary_large_image\" \/>\n<meta name=\"twitter:label1\" content=\"Escrito por\" \/>\n\t<meta name=\"twitter:data1\" content=\"gestorweb\" \/>\n\t<meta name=\"twitter:label2\" content=\"Tiempo de lectura\" \/>\n\t<meta name=\"twitter:data2\" content=\"4 minutos\" \/>\n<script type=\"application\/ld+json\" class=\"yoast-schema-graph\">{\"@context\":\"https:\\\/\\\/schema.org\",\"@graph\":[{\"@type\":\"Article\",\"@id\":\"https:\\\/\\\/cordoba.salesianos.edu\\\/colegio\\\/blog\\\/2021\\\/05\\\/24\\\/bendicion-de-la-imagen-de-maria-auxiliadora-y-rosario-de-la-aurora-en-salesianos\\\/#article\",\"isPartOf\":{\"@id\":\"https:\\\/\\\/cordoba.salesianos.edu\\\/colegio\\\/blog\\\/2021\\\/05\\\/24\\\/bendicion-de-la-imagen-de-maria-auxiliadora-y-rosario-de-la-aurora-en-salesianos\\\/\"},\"author\":{\"name\":\"gestorweb\",\"@id\":\"https:\\\/\\\/cordoba.salesianos.edu\\\/colegio\\\/#\\\/schema\\\/person\\\/9b881b94cc149f5135dd166fe5fca630\"},\"headline\":\"Bendici\u00f3n de la imagen de Mar\u00eda Auxiliadora y rosario de la aurora en Salesianos\",\"datePublished\":\"2021-05-24T09:47:48+00:00\",\"dateModified\":\"2021-05-24T10:11:05+00:00\",\"mainEntityOfPage\":{\"@id\":\"https:\\\/\\\/cordoba.salesianos.edu\\\/colegio\\\/blog\\\/2021\\\/05\\\/24\\\/bendicion-de-la-imagen-de-maria-auxiliadora-y-rosario-de-la-aurora-en-salesianos\\\/\"},\"wordCount\":727,\"commentCount\":0,\"image\":{\"@id\":\"https:\\\/\\\/cordoba.salesianos.edu\\\/colegio\\\/blog\\\/2021\\\/05\\\/24\\\/bendicion-de-la-imagen-de-maria-auxiliadora-y-rosario-de-la-aurora-en-salesianos\\\/#primaryimage\"},\"thumbnailUrl\":\"https:\\\/\\\/cordoba.salesianos.edu\\\/colegio\\\/wp-content\\\/uploads\\\/sites\\\/2\\\/2021\\\/05\\\/92237a88-02f6-4252-b798-b48f0828adda_16-9-discover-aspect-ratio_default_0.jpg\",\"articleSection\":[\"Casa Salesiana\"],\"inLanguage\":\"es\",\"potentialAction\":[{\"@type\":\"CommentAction\",\"name\":\"Comment\",\"target\":[\"https:\\\/\\\/cordoba.salesianos.edu\\\/colegio\\\/blog\\\/2021\\\/05\\\/24\\\/bendicion-de-la-imagen-de-maria-auxiliadora-y-rosario-de-la-aurora-en-salesianos\\\/#respond\"]}]},{\"@type\":\"WebPage\",\"@id\":\"https:\\\/\\\/cordoba.salesianos.edu\\\/colegio\\\/blog\\\/2021\\\/05\\\/24\\\/bendicion-de-la-imagen-de-maria-auxiliadora-y-rosario-de-la-aurora-en-salesianos\\\/\",\"url\":\"https:\\\/\\\/cordoba.salesianos.edu\\\/colegio\\\/blog\\\/2021\\\/05\\\/24\\\/bendicion-de-la-imagen-de-maria-auxiliadora-y-rosario-de-la-aurora-en-salesianos\\\/\",\"name\":\"Bendici\u00f3n de la imagen de Mar\u00eda Auxiliadora y rosario de la aurora en Salesianos - Colegio Salesiano San Francisco de Sales\",\"isPartOf\":{\"@id\":\"https:\\\/\\\/cordoba.salesianos.edu\\\/colegio\\\/#website\"},\"primaryImageOfPage\":{\"@id\":\"https:\\\/\\\/cordoba.salesianos.edu\\\/colegio\\\/blog\\\/2021\\\/05\\\/24\\\/bendicion-de-la-imagen-de-maria-auxiliadora-y-rosario-de-la-aurora-en-salesianos\\\/#primaryimage\"},\"image\":{\"@id\":\"https:\\\/\\\/cordoba.salesianos.edu\\\/colegio\\\/blog\\\/2021\\\/05\\\/24\\\/bendicion-de-la-imagen-de-maria-auxiliadora-y-rosario-de-la-aurora-en-salesianos\\\/#primaryimage\"},\"thumbnailUrl\":\"https:\\\/\\\/cordoba.salesianos.edu\\\/colegio\\\/wp-content\\\/uploads\\\/sites\\\/2\\\/2021\\\/05\\\/92237a88-02f6-4252-b798-b48f0828adda_16-9-discover-aspect-ratio_default_0.jpg\",\"datePublished\":\"2021-05-24T09:47:48+00:00\",\"dateModified\":\"2021-05-24T10:11:05+00:00\",\"author\":{\"@id\":\"https:\\\/\\\/cordoba.salesianos.edu\\\/colegio\\\/#\\\/schema\\\/person\\\/9b881b94cc149f5135dd166fe5fca630\"},\"breadcrumb\":{\"@id\":\"https:\\\/\\\/cordoba.salesianos.edu\\\/colegio\\\/blog\\\/2021\\\/05\\\/24\\\/bendicion-de-la-imagen-de-maria-auxiliadora-y-rosario-de-la-aurora-en-salesianos\\\/#breadcrumb\"},\"inLanguage\":\"es\",\"potentialAction\":[{\"@type\":\"ReadAction\",\"target\":[\"https:\\\/\\\/cordoba.salesianos.edu\\\/colegio\\\/blog\\\/2021\\\/05\\\/24\\\/bendicion-de-la-imagen-de-maria-auxiliadora-y-rosario-de-la-aurora-en-salesianos\\\/\"]}]},{\"@type\":\"ImageObject\",\"inLanguage\":\"es\",\"@id\":\"https:\\\/\\\/cordoba.salesianos.edu\\\/colegio\\\/blog\\\/2021\\\/05\\\/24\\\/bendicion-de-la-imagen-de-maria-auxiliadora-y-rosario-de-la-aurora-en-salesianos\\\/#primaryimage\",\"url\":\"https:\\\/\\\/cordoba.salesianos.edu\\\/colegio\\\/wp-content\\\/uploads\\\/sites\\\/2\\\/2021\\\/05\\\/92237a88-02f6-4252-b798-b48f0828adda_16-9-discover-aspect-ratio_default_0.jpg\",\"contentUrl\":\"https:\\\/\\\/cordoba.salesianos.edu\\\/colegio\\\/wp-content\\\/uploads\\\/sites\\\/2\\\/2021\\\/05\\\/92237a88-02f6-4252-b798-b48f0828adda_16-9-discover-aspect-ratio_default_0.jpg\",\"width\":1200,\"height\":675},{\"@type\":\"BreadcrumbList\",\"@id\":\"https:\\\/\\\/cordoba.salesianos.edu\\\/colegio\\\/blog\\\/2021\\\/05\\\/24\\\/bendicion-de-la-imagen-de-maria-auxiliadora-y-rosario-de-la-aurora-en-salesianos\\\/#breadcrumb\",\"itemListElement\":[{\"@type\":\"ListItem\",\"position\":1,\"name\":\"Portada\",\"item\":\"https:\\\/\\\/cordoba.salesianos.edu\\\/colegio\\\/\"},{\"@type\":\"ListItem\",\"position\":2,\"name\":\"Bendici\u00f3n de la imagen de Mar\u00eda Auxiliadora y rosario de la aurora en Salesianos\"}]},{\"@type\":\"WebSite\",\"@id\":\"https:\\\/\\\/cordoba.salesianos.edu\\\/colegio\\\/#website\",\"url\":\"https:\\\/\\\/cordoba.salesianos.edu\\\/colegio\\\/\",\"name\":\"Colegio Salesiano San Francisco de Sales\",\"description\":\"P\u00e1gina oficial Salesianos C\u00f3rdoba\",\"potentialAction\":[{\"@type\":\"SearchAction\",\"target\":{\"@type\":\"EntryPoint\",\"urlTemplate\":\"https:\\\/\\\/cordoba.salesianos.edu\\\/colegio\\\/?s={search_term_string}\"},\"query-input\":{\"@type\":\"PropertyValueSpecification\",\"valueRequired\":true,\"valueName\":\"search_term_string\"}}],\"inLanguage\":\"es\"},{\"@type\":\"Person\",\"@id\":\"https:\\\/\\\/cordoba.salesianos.edu\\\/colegio\\\/#\\\/schema\\\/person\\\/9b881b94cc149f5135dd166fe5fca630\",\"name\":\"gestorweb\",\"image\":{\"@type\":\"ImageObject\",\"inLanguage\":\"es\",\"@id\":\"https:\\\/\\\/secure.gravatar.com\\\/avatar\\\/89bfbd418b5718bb5b0e64c99c3c8e16970290599f0b79176d1d9401d1f717f3?s=96&d=mm&r=g\",\"url\":\"https:\\\/\\\/secure.gravatar.com\\\/avatar\\\/89bfbd418b5718bb5b0e64c99c3c8e16970290599f0b79176d1d9401d1f717f3?s=96&d=mm&r=g\",\"contentUrl\":\"https:\\\/\\\/secure.gravatar.com\\\/avatar\\\/89bfbd418b5718bb5b0e64c99c3c8e16970290599f0b79176d1d9401d1f717f3?s=96&d=mm&r=g\",\"caption\":\"gestorweb\"}}]}<\/script>\n<!-- \/ Yoast SEO plugin. -->","yoast_head_json":{"title":"Bendici\u00f3n de la imagen de Mar\u00eda Auxiliadora y rosario de la aurora en Salesianos - Colegio Salesiano San Francisco de Sales","robots":{"index":"index","follow":"follow","max-snippet":"max-snippet:-1","max-image-preview":"max-image-preview:large","max-video-preview":"max-video-preview:-1"},"canonical":"https:\/\/cordoba.salesianos.edu\/colegio\/blog\/2021\/05\/24\/bendicion-de-la-imagen-de-maria-auxiliadora-y-rosario-de-la-aurora-en-salesianos\/","og_locale":"es_ES","og_type":"article","og_title":"Bendici\u00f3n de la imagen de Mar\u00eda Auxiliadora y rosario de la aurora en Salesianos - Colegio Salesiano San Francisco de Sales","og_description":"Un gran n\u00famero de fieles han acudido a la cita","og_url":"https:\/\/cordoba.salesianos.edu\/colegio\/blog\/2021\/05\/24\/bendicion-de-la-imagen-de-maria-auxiliadora-y-rosario-de-la-aurora-en-salesianos\/","og_site_name":"Colegio Salesiano San Francisco de Sales","article_published_time":"2021-05-24T09:47:48+00:00","article_modified_time":"2021-05-24T10:11:05+00:00","og_image":[{"width":1200,"height":675,"url":"https:\/\/cordoba.salesianos.edu\/colegio\/wp-content\/uploads\/sites\/2\/2021\/05\/92237a88-02f6-4252-b798-b48f0828adda_16-9-discover-aspect-ratio_default_0.jpg","type":"image\/jpeg"}],"author":"gestorweb","twitter_card":"summary_large_image","twitter_misc":{"Escrito por":"gestorweb","Tiempo de lectura":"4 minutos"},"schema":{"@context":"https:\/\/schema.org","@graph":[{"@type":"Article","@id":"https:\/\/cordoba.salesianos.edu\/colegio\/blog\/2021\/05\/24\/bendicion-de-la-imagen-de-maria-auxiliadora-y-rosario-de-la-aurora-en-salesianos\/#article","isPartOf":{"@id":"https:\/\/cordoba.salesianos.edu\/colegio\/blog\/2021\/05\/24\/bendicion-de-la-imagen-de-maria-auxiliadora-y-rosario-de-la-aurora-en-salesianos\/"},"author":{"name":"gestorweb","@id":"https:\/\/cordoba.salesianos.edu\/colegio\/#\/schema\/person\/9b881b94cc149f5135dd166fe5fca630"},"headline":"Bendici\u00f3n de la imagen de Mar\u00eda Auxiliadora y rosario de la aurora en Salesianos","datePublished":"2021-05-24T09:47:48+00:00","dateModified":"2021-05-24T10:11:05+00:00","mainEntityOfPage":{"@id":"https:\/\/cordoba.salesianos.edu\/colegio\/blog\/2021\/05\/24\/bendicion-de-la-imagen-de-maria-auxiliadora-y-rosario-de-la-aurora-en-salesianos\/"},"wordCount":727,"commentCount":0,"image":{"@id":"https:\/\/cordoba.salesianos.edu\/colegio\/blog\/2021\/05\/24\/bendicion-de-la-imagen-de-maria-auxiliadora-y-rosario-de-la-aurora-en-salesianos\/#primaryimage"},"thumbnailUrl":"https:\/\/cordoba.salesianos.edu\/colegio\/wp-content\/uploads\/sites\/2\/2021\/05\/92237a88-02f6-4252-b798-b48f0828adda_16-9-discover-aspect-ratio_default_0.jpg","articleSection":["Casa Salesiana"],"inLanguage":"es","potentialAction":[{"@type":"CommentAction","name":"Comment","target":["https:\/\/cordoba.salesianos.edu\/colegio\/blog\/2021\/05\/24\/bendicion-de-la-imagen-de-maria-auxiliadora-y-rosario-de-la-aurora-en-salesianos\/#respond"]}]},{"@type":"WebPage","@id":"https:\/\/cordoba.salesianos.edu\/colegio\/blog\/2021\/05\/24\/bendicion-de-la-imagen-de-maria-auxiliadora-y-rosario-de-la-aurora-en-salesianos\/","url":"https:\/\/cordoba.salesianos.edu\/colegio\/blog\/2021\/05\/24\/bendicion-de-la-imagen-de-maria-auxiliadora-y-rosario-de-la-aurora-en-salesianos\/","name":"Bendici\u00f3n de la imagen de Mar\u00eda Auxiliadora y rosario de la aurora en Salesianos - Colegio Salesiano San Francisco de Sales","isPartOf":{"@id":"https:\/\/cordoba.salesianos.edu\/colegio\/#website"},"primaryImageOfPage":{"@id":"https:\/\/cordoba.salesianos.edu\/colegio\/blog\/2021\/05\/24\/bendicion-de-la-imagen-de-maria-auxiliadora-y-rosario-de-la-aurora-en-salesianos\/#primaryimage"},"image":{"@id":"https:\/\/cordoba.salesianos.edu\/colegio\/blog\/2021\/05\/24\/bendicion-de-la-imagen-de-maria-auxiliadora-y-rosario-de-la-aurora-en-salesianos\/#primaryimage"},"thumbnailUrl":"https:\/\/cordoba.salesianos.edu\/colegio\/wp-content\/uploads\/sites\/2\/2021\/05\/92237a88-02f6-4252-b798-b48f0828adda_16-9-discover-aspect-ratio_default_0.jpg","datePublished":"2021-05-24T09:47:48+00:00","dateModified":"2021-05-24T10:11:05+00:00","author":{"@id":"https:\/\/cordoba.salesianos.edu\/colegio\/#\/schema\/person\/9b881b94cc149f5135dd166fe5fca630"},"breadcrumb":{"@id":"https:\/\/cordoba.salesianos.edu\/colegio\/blog\/2021\/05\/24\/bendicion-de-la-imagen-de-maria-auxiliadora-y-rosario-de-la-aurora-en-salesianos\/#breadcrumb"},"inLanguage":"es","potentialAction":[{"@type":"ReadAction","target":["https:\/\/cordoba.salesianos.edu\/colegio\/blog\/2021\/05\/24\/bendicion-de-la-imagen-de-maria-auxiliadora-y-rosario-de-la-aurora-en-salesianos\/"]}]},{"@type":"ImageObject","inLanguage":"es","@id":"https:\/\/cordoba.salesianos.edu\/colegio\/blog\/2021\/05\/24\/bendicion-de-la-imagen-de-maria-auxiliadora-y-rosario-de-la-aurora-en-salesianos\/#primaryimage","url":"https:\/\/cordoba.salesianos.edu\/colegio\/wp-content\/uploads\/sites\/2\/2021\/05\/92237a88-02f6-4252-b798-b48f0828adda_16-9-discover-aspect-ratio_default_0.jpg","contentUrl":"https:\/\/cordoba.salesianos.edu\/colegio\/wp-content\/uploads\/sites\/2\/2021\/05\/92237a88-02f6-4252-b798-b48f0828adda_16-9-discover-aspect-ratio_default_0.jpg","width":1200,"height":675},{"@type":"BreadcrumbList","@id":"https:\/\/cordoba.salesianos.edu\/colegio\/blog\/2021\/05\/24\/bendicion-de-la-imagen-de-maria-auxiliadora-y-rosario-de-la-aurora-en-salesianos\/#breadcrumb","itemListElement":[{"@type":"ListItem","position":1,"name":"Portada","item":"https:\/\/cordoba.salesianos.edu\/colegio\/"},{"@type":"ListItem","position":2,"name":"Bendici\u00f3n de la imagen de Mar\u00eda Auxiliadora y rosario de la aurora en Salesianos"}]},{"@type":"WebSite","@id":"https:\/\/cordoba.salesianos.edu\/colegio\/#website","url":"https:\/\/cordoba.salesianos.edu\/colegio\/","name":"Colegio Salesiano San Francisco de Sales","description":"P\u00e1gina oficial Salesianos C\u00f3rdoba","potentialAction":[{"@type":"SearchAction","target":{"@type":"EntryPoint","urlTemplate":"https:\/\/cordoba.salesianos.edu\/colegio\/?s={search_term_string}"},"query-input":{"@type":"PropertyValueSpecification","valueRequired":true,"valueName":"search_term_string"}}],"inLanguage":"es"},{"@type":"Person","@id":"https:\/\/cordoba.salesianos.edu\/colegio\/#\/schema\/person\/9b881b94cc149f5135dd166fe5fca630","name":"gestorweb","image":{"@type":"ImageObject","inLanguage":"es","@id":"https:\/\/secure.gravatar.com\/avatar\/89bfbd418b5718bb5b0e64c99c3c8e16970290599f0b79176d1d9401d1f717f3?s=96&d=mm&r=g","url":"https:\/\/secure.gravatar.com\/avatar\/89bfbd418b5718bb5b0e64c99c3c8e16970290599f0b79176d1d9401d1f717f3?s=96&d=mm&r=g","contentUrl":"https:\/\/secure.gravatar.com\/avatar\/89bfbd418b5718bb5b0e64c99c3c8e16970290599f0b79176d1d9401d1f717f3?s=96&d=mm&r=g","caption":"gestorweb"}}]}},"_links":{"self":[{"href":"https:\/\/cordoba.salesianos.edu\/colegio\/wp-json\/wp\/v2\/posts\/7429","targetHints":{"allow":["GET"]}}],"collection":[{"href":"https:\/\/cordoba.salesianos.edu\/colegio\/wp-json\/wp\/v2\/posts"}],"about":[{"href":"https:\/\/cordoba.salesianos.edu\/colegio\/wp-json\/wp\/v2\/types\/post"}],"author":[{"embeddable":true,"href":"https:\/\/cordoba.salesianos.edu\/colegio\/wp-json\/wp\/v2\/users\/3"}],"replies":[{"embeddable":true,"href":"https:\/\/cordoba.salesianos.edu\/colegio\/wp-json\/wp\/v2\/comments?post=7429"}],"version-history":[{"count":1,"href":"https:\/\/cordoba.salesianos.edu\/colegio\/wp-json\/wp\/v2\/posts\/7429\/revisions"}],"predecessor-version":[{"id":7433,"href":"https:\/\/cordoba.salesianos.edu\/colegio\/wp-json\/wp\/v2\/posts\/7429\/revisions\/7433"}],"wp:featuredmedia":[{"embeddable":true,"href":"https:\/\/cordoba.salesianos.edu\/colegio\/wp-json\/wp\/v2\/media\/7430"}],"wp:attachment":[{"href":"https:\/\/cordoba.salesianos.edu\/colegio\/wp-json\/wp\/v2\/media?parent=7429"}],"wp:term":[{"taxonomy":"category","embeddable":true,"href":"https:\/\/cordoba.salesianos.edu\/colegio\/wp-json\/wp\/v2\/categories?post=7429"},{"taxonomy":"post_tag","embeddable":true,"href":"https:\/\/cordoba.salesianos.edu\/colegio\/wp-json\/wp\/v2\/tags?post=7429"}],"curies":[{"name":"wp","href":"https:\/\/api.w.org\/{rel}","templated":true}]}}