{"id":6296,"date":"2012-05-02T00:00:00","date_gmt":"2012-05-02T00:00:00","guid":{"rendered":"https:\/\/cordoba.salesianos.edu\/?p=6296"},"modified":"2012-04-13T00:00:00","modified_gmt":"2012-04-13T00:00:00","slug":"consejo-regional-aa-aa-don-bosco","status":"publish","type":"post","link":"https:\/\/cordoba.salesianos.edu\/colegio\/blog\/2012\/05\/02\/consejo-regional-aa-aa-don-bosco\/","title":{"rendered":"Consejo Regional AA.AA. Don Bosco"},"content":{"rendered":"<p><font size=\"2\">Durante los d\u00edas 14 y 15 de abril de 2012, y con motivo de los actos conmemorativos del centenario de la asociaci\u00f3n Antiguos Alumnos y Antiguas Alumnas de Don Bosco de C\u00f3rdoba, la Federaci\u00f3n Regional de AA.AA. Don Bosco de la Inspector\u00eda Salesiana Mar\u00eda Auxiliadora, celebra en C\u00f3rdoba su Consejo Regional Anual. Asociaciones de antiguos alumnos de los colegios salesinaos de Extremadura, Andaluc\u00eda y Canarias asistir\u00e1n al CR &#8211; 2012 presidido por don Pedro Cantos.<\/font><\/p>\n<p><font size=\"2\">La jornada del S\u00e1bado se desarrollar\u00e1 en el Hotel Averroes mientras que la sesi\u00f3n dominical se har\u00e1 en el propio Colegio Salesiano &quot;San Francisco de Sales&quot; de C\u00f3rdoba.<\/font><\/p>\n<p><font size=\"2\">Sean bienvenidos.<\/font><\/p>\n","protected":false},"excerpt":{"rendered":"<p>Durante los d\u00edas 14 y 15 de abril de 2012, y con motivo de los actos conmemorativos del centenario de la asociaci\u00f3n Antiguos Alumnos y Antiguas Alumnas de Don Bosco de C\u00f3rdoba, la Federaci\u00f3n Regional de AA.AA. Don Bosco de la Inspector\u00eda Salesiana Mar\u00eda Auxiliadora, celebra en C\u00f3rdoba su Consejo Regional Anual. Asociaciones de antiguos [&hellip;]<\/p>\n","protected":false},"author":1,"featured_media":6297,"comment_status":"open","ping_status":"open","sticky":false,"template":"","format":"standard","meta":{"_et_pb_use_builder":"","_et_pb_old_content":"","_et_gb_content_width":"","footnotes":""},"categories":[9],"tags":[],"class_list":["post-6296","post","type-post","status-publish","format-standard","has-post-thumbnail","hentry","category-antigua-web"],"yoast_head":"<!-- This site is optimized with the Yoast SEO plugin v28.4 - https:\/\/yoast.com\/product\/yoast-seo-wordpress\/ -->\n<title>Consejo Regional AA.AA. Don Bosco - Colegio Salesiano San Francisco de Sales<\/title>\n<meta name=\"robots\" content=\"index, follow, max-snippet:-1, max-image-preview:large, max-video-preview:-1\" \/>\n<link rel=\"canonical\" href=\"https:\/\/cordoba.salesianos.edu\/colegio\/blog\/2012\/05\/02\/consejo-regional-aa-aa-don-bosco\/\" \/>\n<meta property=\"og:locale\" content=\"es_ES\" \/>\n<meta property=\"og:type\" content=\"article\" \/>\n<meta property=\"og:title\" content=\"Consejo Regional AA.AA. Don Bosco - Colegio Salesiano San Francisco de Sales\" \/>\n<meta property=\"og:description\" content=\"Durante los d\u00edas 14 y 15 de abril de 2012, y con motivo de los actos conmemorativos del centenario de la asociaci\u00f3n Antiguos Alumnos y Antiguas Alumnas de Don Bosco de C\u00f3rdoba, la Federaci\u00f3n Regional de AA.AA. Don Bosco de la Inspector\u00eda Salesiana Mar\u00eda Auxiliadora, celebra en C\u00f3rdoba su Consejo Regional Anual. Asociaciones de antiguos [&hellip;]\" \/>\n<meta property=\"og:url\" content=\"https:\/\/cordoba.salesianos.edu\/colegio\/blog\/2012\/05\/02\/consejo-regional-aa-aa-don-bosco\/\" \/>\n<meta property=\"og:site_name\" content=\"Colegio Salesiano San Francisco de Sales\" \/>\n<meta property=\"article:published_time\" content=\"2012-05-02T00:00:00+00:00\" \/>\n<meta name=\"author\" content=\"admin\" \/>\n<meta name=\"twitter:card\" content=\"summary_large_image\" \/>\n<meta name=\"twitter:label1\" content=\"Escrito por\" \/>\n\t<meta name=\"twitter:data1\" content=\"admin\" \/>\n\t<meta name=\"twitter:label2\" content=\"Tiempo de lectura\" \/>\n\t<meta name=\"twitter:data2\" content=\"1 minuto\" \/>\n<script type=\"application\/ld+json\" class=\"yoast-schema-graph\">{\"@context\":\"https:\\\/\\\/schema.org\",\"@graph\":[{\"@type\":\"Article\",\"@id\":\"https:\\\/\\\/cordoba.salesianos.edu\\\/colegio\\\/blog\\\/2012\\\/05\\\/02\\\/consejo-regional-aa-aa-don-bosco\\\/#article\",\"isPartOf\":{\"@id\":\"https:\\\/\\\/cordoba.salesianos.edu\\\/colegio\\\/blog\\\/2012\\\/05\\\/02\\\/consejo-regional-aa-aa-don-bosco\\\/\"},\"author\":{\"name\":\"admin\",\"@id\":\"https:\\\/\\\/cordoba.salesianos.edu\\\/colegio\\\/#\\\/schema\\\/person\\\/009789cba19db1ee4bbceccb5fbabfd2\"},\"headline\":\"Consejo Regional AA.AA. Don Bosco\",\"datePublished\":\"2012-05-02T00:00:00+00:00\",\"mainEntityOfPage\":{\"@id\":\"https:\\\/\\\/cordoba.salesianos.edu\\\/colegio\\\/blog\\\/2012\\\/05\\\/02\\\/consejo-regional-aa-aa-don-bosco\\\/\"},\"wordCount\":122,\"commentCount\":0,\"image\":{\"@id\":\"https:\\\/\\\/cordoba.salesianos.edu\\\/colegio\\\/blog\\\/2012\\\/05\\\/02\\\/consejo-regional-aa-aa-don-bosco\\\/#primaryimage\"},\"thumbnailUrl\":\"https:\\\/\\\/cordoba.salesianos.edu\\\/colegio\\\/wp-content\\\/uploads\\\/sites\\\/2\\\/https:\\\/\\\/www.salesianos-cordoba.net\\\/Archivos\\\/Galerias\\\/Mis_Galerias\\\/antiguos alumnos\\\/cr-2012.jpg\",\"articleSection\":[\"Antigua Web\"],\"inLanguage\":\"es\",\"potentialAction\":[{\"@type\":\"CommentAction\",\"name\":\"Comment\",\"target\":[\"https:\\\/\\\/cordoba.salesianos.edu\\\/colegio\\\/blog\\\/2012\\\/05\\\/02\\\/consejo-regional-aa-aa-don-bosco\\\/#respond\"]}]},{\"@type\":\"WebPage\",\"@id\":\"https:\\\/\\\/cordoba.salesianos.edu\\\/colegio\\\/blog\\\/2012\\\/05\\\/02\\\/consejo-regional-aa-aa-don-bosco\\\/\",\"url\":\"https:\\\/\\\/cordoba.salesianos.edu\\\/colegio\\\/blog\\\/2012\\\/05\\\/02\\\/consejo-regional-aa-aa-don-bosco\\\/\",\"name\":\"Consejo Regional AA.AA. Don Bosco - Colegio Salesiano San Francisco de Sales\",\"isPartOf\":{\"@id\":\"https:\\\/\\\/cordoba.salesianos.edu\\\/colegio\\\/#website\"},\"primaryImageOfPage\":{\"@id\":\"https:\\\/\\\/cordoba.salesianos.edu\\\/colegio\\\/blog\\\/2012\\\/05\\\/02\\\/consejo-regional-aa-aa-don-bosco\\\/#primaryimage\"},\"image\":{\"@id\":\"https:\\\/\\\/cordoba.salesianos.edu\\\/colegio\\\/blog\\\/2012\\\/05\\\/02\\\/consejo-regional-aa-aa-don-bosco\\\/#primaryimage\"},\"thumbnailUrl\":\"https:\\\/\\\/cordoba.salesianos.edu\\\/colegio\\\/wp-content\\\/uploads\\\/sites\\\/2\\\/https:\\\/\\\/www.salesianos-cordoba.net\\\/Archivos\\\/Galerias\\\/Mis_Galerias\\\/antiguos alumnos\\\/cr-2012.jpg\",\"datePublished\":\"2012-05-02T00:00:00+00:00\",\"author\":{\"@id\":\"https:\\\/\\\/cordoba.salesianos.edu\\\/colegio\\\/#\\\/schema\\\/person\\\/009789cba19db1ee4bbceccb5fbabfd2\"},\"breadcrumb\":{\"@id\":\"https:\\\/\\\/cordoba.salesianos.edu\\\/colegio\\\/blog\\\/2012\\\/05\\\/02\\\/consejo-regional-aa-aa-don-bosco\\\/#breadcrumb\"},\"inLanguage\":\"es\",\"potentialAction\":[{\"@type\":\"ReadAction\",\"target\":[\"https:\\\/\\\/cordoba.salesianos.edu\\\/colegio\\\/blog\\\/2012\\\/05\\\/02\\\/consejo-regional-aa-aa-don-bosco\\\/\"]}]},{\"@type\":\"ImageObject\",\"inLanguage\":\"es\",\"@id\":\"https:\\\/\\\/cordoba.salesianos.edu\\\/colegio\\\/blog\\\/2012\\\/05\\\/02\\\/consejo-regional-aa-aa-don-bosco\\\/#primaryimage\",\"url\":\"https:\\\/\\\/cordoba.salesianos.edu\\\/colegio\\\/wp-content\\\/uploads\\\/sites\\\/2\\\/https:\\\/\\\/www.salesianos-cordoba.net\\\/Archivos\\\/Galerias\\\/Mis_Galerias\\\/antiguos alumnos\\\/cr-2012.jpg\",\"contentUrl\":\"https:\\\/\\\/cordoba.salesianos.edu\\\/colegio\\\/wp-content\\\/uploads\\\/sites\\\/2\\\/https:\\\/\\\/www.salesianos-cordoba.net\\\/Archivos\\\/Galerias\\\/Mis_Galerias\\\/antiguos alumnos\\\/cr-2012.jpg\"},{\"@type\":\"BreadcrumbList\",\"@id\":\"https:\\\/\\\/cordoba.salesianos.edu\\\/colegio\\\/blog\\\/2012\\\/05\\\/02\\\/consejo-regional-aa-aa-don-bosco\\\/#breadcrumb\",\"itemListElement\":[{\"@type\":\"ListItem\",\"position\":1,\"name\":\"Portada\",\"item\":\"https:\\\/\\\/cordoba.salesianos.edu\\\/colegio\\\/\"},{\"@type\":\"ListItem\",\"position\":2,\"name\":\"Consejo Regional AA.AA. Don Bosco\"}]},{\"@type\":\"WebSite\",\"@id\":\"https:\\\/\\\/cordoba.salesianos.edu\\\/colegio\\\/#website\",\"url\":\"https:\\\/\\\/cordoba.salesianos.edu\\\/colegio\\\/\",\"name\":\"Colegio Salesiano San Francisco de Sales\",\"description\":\"P\u00e1gina oficial Salesianos C\u00f3rdoba\",\"potentialAction\":[{\"@type\":\"SearchAction\",\"target\":{\"@type\":\"EntryPoint\",\"urlTemplate\":\"https:\\\/\\\/cordoba.salesianos.edu\\\/colegio\\\/?s={search_term_string}\"},\"query-input\":{\"@type\":\"PropertyValueSpecification\",\"valueRequired\":true,\"valueName\":\"search_term_string\"}}],\"inLanguage\":\"es\"},{\"@type\":\"Person\",\"@id\":\"https:\\\/\\\/cordoba.salesianos.edu\\\/colegio\\\/#\\\/schema\\\/person\\\/009789cba19db1ee4bbceccb5fbabfd2\",\"name\":\"admin\",\"image\":{\"@type\":\"ImageObject\",\"inLanguage\":\"es\",\"@id\":\"https:\\\/\\\/secure.gravatar.com\\\/avatar\\\/7cabc6eb04cc9e1c0d94c7a5a470633983687566b575c68041627f56eb39184e?s=96&d=mm&r=g\",\"url\":\"https:\\\/\\\/secure.gravatar.com\\\/avatar\\\/7cabc6eb04cc9e1c0d94c7a5a470633983687566b575c68041627f56eb39184e?s=96&d=mm&r=g\",\"contentUrl\":\"https:\\\/\\\/secure.gravatar.com\\\/avatar\\\/7cabc6eb04cc9e1c0d94c7a5a470633983687566b575c68041627f56eb39184e?s=96&d=mm&r=g\",\"caption\":\"admin\"}}]}<\/script>\n<!-- \/ Yoast SEO plugin. -->","yoast_head_json":{"title":"Consejo Regional AA.AA. Don Bosco - Colegio Salesiano San Francisco de Sales","robots":{"index":"index","follow":"follow","max-snippet":"max-snippet:-1","max-image-preview":"max-image-preview:large","max-video-preview":"max-video-preview:-1"},"canonical":"https:\/\/cordoba.salesianos.edu\/colegio\/blog\/2012\/05\/02\/consejo-regional-aa-aa-don-bosco\/","og_locale":"es_ES","og_type":"article","og_title":"Consejo Regional AA.AA. Don Bosco - Colegio Salesiano San Francisco de Sales","og_description":"Durante los d\u00edas 14 y 15 de abril de 2012, y con motivo de los actos conmemorativos del centenario de la asociaci\u00f3n Antiguos Alumnos y Antiguas Alumnas de Don Bosco de C\u00f3rdoba, la Federaci\u00f3n Regional de AA.AA. Don Bosco de la Inspector\u00eda Salesiana Mar\u00eda Auxiliadora, celebra en C\u00f3rdoba su Consejo Regional Anual. Asociaciones de antiguos [&hellip;]","og_url":"https:\/\/cordoba.salesianos.edu\/colegio\/blog\/2012\/05\/02\/consejo-regional-aa-aa-don-bosco\/","og_site_name":"Colegio Salesiano San Francisco de Sales","article_published_time":"2012-05-02T00:00:00+00:00","author":"admin","twitter_card":"summary_large_image","twitter_misc":{"Escrito por":"admin","Tiempo de lectura":"1 minuto"},"schema":{"@context":"https:\/\/schema.org","@graph":[{"@type":"Article","@id":"https:\/\/cordoba.salesianos.edu\/colegio\/blog\/2012\/05\/02\/consejo-regional-aa-aa-don-bosco\/#article","isPartOf":{"@id":"https:\/\/cordoba.salesianos.edu\/colegio\/blog\/2012\/05\/02\/consejo-regional-aa-aa-don-bosco\/"},"author":{"name":"admin","@id":"https:\/\/cordoba.salesianos.edu\/colegio\/#\/schema\/person\/009789cba19db1ee4bbceccb5fbabfd2"},"headline":"Consejo Regional AA.AA. Don Bosco","datePublished":"2012-05-02T00:00:00+00:00","mainEntityOfPage":{"@id":"https:\/\/cordoba.salesianos.edu\/colegio\/blog\/2012\/05\/02\/consejo-regional-aa-aa-don-bosco\/"},"wordCount":122,"commentCount":0,"image":{"@id":"https:\/\/cordoba.salesianos.edu\/colegio\/blog\/2012\/05\/02\/consejo-regional-aa-aa-don-bosco\/#primaryimage"},"thumbnailUrl":"https:\/\/cordoba.salesianos.edu\/colegio\/wp-content\/uploads\/sites\/2\/https:\/\/www.salesianos-cordoba.net\/Archivos\/Galerias\/Mis_Galerias\/antiguos alumnos\/cr-2012.jpg","articleSection":["Antigua Web"],"inLanguage":"es","potentialAction":[{"@type":"CommentAction","name":"Comment","target":["https:\/\/cordoba.salesianos.edu\/colegio\/blog\/2012\/05\/02\/consejo-regional-aa-aa-don-bosco\/#respond"]}]},{"@type":"WebPage","@id":"https:\/\/cordoba.salesianos.edu\/colegio\/blog\/2012\/05\/02\/consejo-regional-aa-aa-don-bosco\/","url":"https:\/\/cordoba.salesianos.edu\/colegio\/blog\/2012\/05\/02\/consejo-regional-aa-aa-don-bosco\/","name":"Consejo Regional AA.AA. Don Bosco - Colegio Salesiano San Francisco de Sales","isPartOf":{"@id":"https:\/\/cordoba.salesianos.edu\/colegio\/#website"},"primaryImageOfPage":{"@id":"https:\/\/cordoba.salesianos.edu\/colegio\/blog\/2012\/05\/02\/consejo-regional-aa-aa-don-bosco\/#primaryimage"},"image":{"@id":"https:\/\/cordoba.salesianos.edu\/colegio\/blog\/2012\/05\/02\/consejo-regional-aa-aa-don-bosco\/#primaryimage"},"thumbnailUrl":"https:\/\/cordoba.salesianos.edu\/colegio\/wp-content\/uploads\/sites\/2\/https:\/\/www.salesianos-cordoba.net\/Archivos\/Galerias\/Mis_Galerias\/antiguos alumnos\/cr-2012.jpg","datePublished":"2012-05-02T00:00:00+00:00","author":{"@id":"https:\/\/cordoba.salesianos.edu\/colegio\/#\/schema\/person\/009789cba19db1ee4bbceccb5fbabfd2"},"breadcrumb":{"@id":"https:\/\/cordoba.salesianos.edu\/colegio\/blog\/2012\/05\/02\/consejo-regional-aa-aa-don-bosco\/#breadcrumb"},"inLanguage":"es","potentialAction":[{"@type":"ReadAction","target":["https:\/\/cordoba.salesianos.edu\/colegio\/blog\/2012\/05\/02\/consejo-regional-aa-aa-don-bosco\/"]}]},{"@type":"ImageObject","inLanguage":"es","@id":"https:\/\/cordoba.salesianos.edu\/colegio\/blog\/2012\/05\/02\/consejo-regional-aa-aa-don-bosco\/#primaryimage","url":"https:\/\/cordoba.salesianos.edu\/colegio\/wp-content\/uploads\/sites\/2\/https:\/\/www.salesianos-cordoba.net\/Archivos\/Galerias\/Mis_Galerias\/antiguos alumnos\/cr-2012.jpg","contentUrl":"https:\/\/cordoba.salesianos.edu\/colegio\/wp-content\/uploads\/sites\/2\/https:\/\/www.salesianos-cordoba.net\/Archivos\/Galerias\/Mis_Galerias\/antiguos alumnos\/cr-2012.jpg"},{"@type":"BreadcrumbList","@id":"https:\/\/cordoba.salesianos.edu\/colegio\/blog\/2012\/05\/02\/consejo-regional-aa-aa-don-bosco\/#breadcrumb","itemListElement":[{"@type":"ListItem","position":1,"name":"Portada","item":"https:\/\/cordoba.salesianos.edu\/colegio\/"},{"@type":"ListItem","position":2,"name":"Consejo Regional AA.AA. Don Bosco"}]},{"@type":"WebSite","@id":"https:\/\/cordoba.salesianos.edu\/colegio\/#website","url":"https:\/\/cordoba.salesianos.edu\/colegio\/","name":"Colegio Salesiano San Francisco de Sales","description":"P\u00e1gina oficial Salesianos C\u00f3rdoba","potentialAction":[{"@type":"SearchAction","target":{"@type":"EntryPoint","urlTemplate":"https:\/\/cordoba.salesianos.edu\/colegio\/?s={search_term_string}"},"query-input":{"@type":"PropertyValueSpecification","valueRequired":true,"valueName":"search_term_string"}}],"inLanguage":"es"},{"@type":"Person","@id":"https:\/\/cordoba.salesianos.edu\/colegio\/#\/schema\/person\/009789cba19db1ee4bbceccb5fbabfd2","name":"admin","image":{"@type":"ImageObject","inLanguage":"es","@id":"https:\/\/secure.gravatar.com\/avatar\/7cabc6eb04cc9e1c0d94c7a5a470633983687566b575c68041627f56eb39184e?s=96&d=mm&r=g","url":"https:\/\/secure.gravatar.com\/avatar\/7cabc6eb04cc9e1c0d94c7a5a470633983687566b575c68041627f56eb39184e?s=96&d=mm&r=g","contentUrl":"https:\/\/secure.gravatar.com\/avatar\/7cabc6eb04cc9e1c0d94c7a5a470633983687566b575c68041627f56eb39184e?s=96&d=mm&r=g","caption":"admin"}}]}},"_links":{"self":[{"href":"https:\/\/cordoba.salesianos.edu\/colegio\/wp-json\/wp\/v2\/posts\/6296","targetHints":{"allow":["GET"]}}],"collection":[{"href":"https:\/\/cordoba.salesianos.edu\/colegio\/wp-json\/wp\/v2\/posts"}],"about":[{"href":"https:\/\/cordoba.salesianos.edu\/colegio\/wp-json\/wp\/v2\/types\/post"}],"author":[{"embeddable":true,"href":"https:\/\/cordoba.salesianos.edu\/colegio\/wp-json\/wp\/v2\/users\/1"}],"replies":[{"embeddable":true,"href":"https:\/\/cordoba.salesianos.edu\/colegio\/wp-json\/wp\/v2\/comments?post=6296"}],"version-history":[{"count":0,"href":"https:\/\/cordoba.salesianos.edu\/colegio\/wp-json\/wp\/v2\/posts\/6296\/revisions"}],"wp:featuredmedia":[{"embeddable":true,"href":"https:\/\/cordoba.salesianos.edu\/colegio\/wp-json\/wp\/v2\/media\/6297"}],"wp:attachment":[{"href":"https:\/\/cordoba.salesianos.edu\/colegio\/wp-json\/wp\/v2\/media?parent=6296"}],"wp:term":[{"taxonomy":"category","embeddable":true,"href":"https:\/\/cordoba.salesianos.edu\/colegio\/wp-json\/wp\/v2\/categories?post=6296"},{"taxonomy":"post_tag","embeddable":true,"href":"https:\/\/cordoba.salesianos.edu\/colegio\/wp-json\/wp\/v2\/tags?post=6296"}],"curies":[{"name":"wp","href":"https:\/\/api.w.org\/{rel}","templated":true}]}}