{"id":6190,"date":"2011-04-26T00:00:00","date_gmt":"2011-04-26T00:00:00","guid":{"rendered":"https:\/\/cordoba.salesianos.edu\/?p=6190"},"modified":"2011-04-26T00:00:00","modified_gmt":"2011-04-26T00:00:00","slug":"emergencia-en-costa-de-marfil","status":"publish","type":"post","link":"https:\/\/cordoba.salesianos.edu\/colegio\/blog\/2011\/04\/26\/emergencia-en-costa-de-marfil\/","title":{"rendered":"Emergencia en Costa de Marfil"},"content":{"rendered":"<p><font size=\"2\"><\/p>\n<p style=\"text-align: justify\"><span style=\"font-size: x-small\"><span style=\"font-family: Verdana\">En pleno fragor de la celebraci\u00f3n de la Semana Santa, <strong>recibimos una urgente petici\u00f3n del Rector Mayor<\/strong>:<span style=\"background-color: #ffffff\"> ayudar a la emergencia humanitaria de nuestra presencia salesiana de Du\u00e9kou\u00e9 en Costa de Marfil.<\/span><\/span><\/span><\/p>\n<p style=\"text-align: justify\"><span style=\"font-size: x-small\"><span style=\"font-family: Verdana\">Costa de Marfil pertenece a la Inspector\u00eda AFO. En esta naci\u00f3n hay tres casas salesianas: Abidjan, Du\u00e9kou\u00e9 y Korhogo. Desde hace un tiempo vive un grave enfrentamiento entre facciones fruto de las \u00faltimas elecciones en pol\u00edtica. Esta situaci\u00f3n ha provocado que una parte de la poblaci\u00f3n huya y se refugie en lugares considerados m\u00e1s seguros. Entre ellos se encuentra nuestra casa de Du\u00e9kou\u00e9.<\/span><\/span><\/p>\n<p style=\"text-align: justify\"><span style=\"font-size: x-small\"><span style=\"font-family: Verdana\">Nos informan que la actividad normal de la misi\u00f3n en Du\u00e9kou\u00e9 ha quedado en suspenso. Los salesianos cuentan con una parroquia, un centro de formaci\u00f3n profesional, un hogar de acogida para ni\u00f1os y centro juvenil. Adem\u00e1s, los salesianos atend\u00edan 90 poblaciones rurales cercanas a la ciudad, a las que no han podido acceder desde hace m\u00e1s de 3 meses. En palabras del director: &ldquo;Nuestro trabajo ahora debe ser principalmente social. Tenemos que volcar nuestros esfuerzos en recuperar la convivencia pac\u00edfica y solidaria&rdquo;.<\/span><\/span><\/p>\n<p style=\"text-align: justify\"><span style=\"font-size: x-small\"><span style=\"font-family: Verdana\">Ante esta situaci\u00f3n, el Rector Mayor, por medio del consejero para la misiones D. V\u00e1clav Klement, pide una respuesta urgente de toda la Familia Salesiana.<\/span><\/span><\/p>\n<p style=\"text-align: justify\"><span style=\"font-size: x-small\"><span style=\"font-family: Verdana\">Nuestra ONG&rsquo;d Solidaridad Don Bosco promover\u00e1, junto con otras ONG&rsquo;s de Andaluc\u00eda, una petici\u00f3n oficial a la ONU para crear un campo de refugiados que atienda esta situaci\u00f3n l\u00edmite en la que <\/span><\/span>se encuentran 30.000 personas.<br \/>\n<em><span style=\"font-family: Verdana\"><span style=\"background-color: #ffffff\">Las aportaciones se podr\u00e1n ingresar en una de estas cuentas abiertas para este fin:<br \/>\n&#8211; Inspector\u00eda Salesianos-Costa de Marfil <strong>2100 2542 69 0210113966<\/strong> (La Caixa)<br \/>\n<\/span>&#8211; Solidaridad Don Bosco-Ayuda Costa de Marfil <strong>2100 2542 64 0210113853<\/strong> (La Caixa)<\/span><\/em><\/font><\/p>\n","protected":false},"excerpt":{"rendered":"<p>En pleno fragor de la celebraci\u00f3n de la Semana Santa, recibimos una urgente petici\u00f3n del Rector Mayor: ayudar a la emergencia humanitaria de nuestra presencia salesiana de Du\u00e9kou\u00e9 en Costa de Marfil. Costa de Marfil pertenece a la Inspector\u00eda AFO. En esta naci\u00f3n hay tres casas salesianas: Abidjan, Du\u00e9kou\u00e9 y Korhogo. Desde hace un tiempo [&hellip;]<\/p>\n","protected":false},"author":1,"featured_media":6191,"comment_status":"open","ping_status":"open","sticky":false,"template":"","format":"standard","meta":{"_et_pb_use_builder":"","_et_pb_old_content":"","_et_gb_content_width":"","footnotes":""},"categories":[9],"tags":[],"class_list":["post-6190","post","type-post","status-publish","format-standard","has-post-thumbnail","hentry","category-antigua-web"],"yoast_head":"<!-- This site is optimized with the Yoast SEO plugin v28.4 - https:\/\/yoast.com\/product\/yoast-seo-wordpress\/ -->\n<title>Emergencia en Costa de Marfil - Colegio Salesiano San Francisco de Sales<\/title>\n<meta name=\"robots\" content=\"index, follow, max-snippet:-1, max-image-preview:large, max-video-preview:-1\" \/>\n<link rel=\"canonical\" href=\"https:\/\/cordoba.salesianos.edu\/colegio\/blog\/2011\/04\/26\/emergencia-en-costa-de-marfil\/\" \/>\n<meta property=\"og:locale\" content=\"es_ES\" \/>\n<meta property=\"og:type\" content=\"article\" \/>\n<meta property=\"og:title\" content=\"Emergencia en Costa de Marfil - Colegio Salesiano San Francisco de Sales\" \/>\n<meta property=\"og:description\" content=\"En pleno fragor de la celebraci\u00f3n de la Semana Santa, recibimos una urgente petici\u00f3n del Rector Mayor: ayudar a la emergencia humanitaria de nuestra presencia salesiana de Du\u00e9kou\u00e9 en Costa de Marfil. Costa de Marfil pertenece a la Inspector\u00eda AFO. En esta naci\u00f3n hay tres casas salesianas: Abidjan, Du\u00e9kou\u00e9 y Korhogo. Desde hace un tiempo [&hellip;]\" \/>\n<meta property=\"og:url\" content=\"https:\/\/cordoba.salesianos.edu\/colegio\/blog\/2011\/04\/26\/emergencia-en-costa-de-marfil\/\" \/>\n<meta property=\"og:site_name\" content=\"Colegio Salesiano San Francisco de Sales\" \/>\n<meta property=\"article:published_time\" content=\"2011-04-26T00:00:00+00:00\" \/>\n<meta name=\"author\" content=\"admin\" \/>\n<meta name=\"twitter:card\" content=\"summary_large_image\" \/>\n<meta name=\"twitter:label1\" content=\"Escrito por\" \/>\n\t<meta name=\"twitter:data1\" content=\"admin\" \/>\n\t<meta name=\"twitter:label2\" content=\"Tiempo de lectura\" \/>\n\t<meta name=\"twitter:data2\" content=\"1 minuto\" \/>\n<script type=\"application\/ld+json\" class=\"yoast-schema-graph\">{\"@context\":\"https:\\\/\\\/schema.org\",\"@graph\":[{\"@type\":\"Article\",\"@id\":\"https:\\\/\\\/cordoba.salesianos.edu\\\/colegio\\\/blog\\\/2011\\\/04\\\/26\\\/emergencia-en-costa-de-marfil\\\/#article\",\"isPartOf\":{\"@id\":\"https:\\\/\\\/cordoba.salesianos.edu\\\/colegio\\\/blog\\\/2011\\\/04\\\/26\\\/emergencia-en-costa-de-marfil\\\/\"},\"author\":{\"name\":\"admin\",\"@id\":\"https:\\\/\\\/cordoba.salesianos.edu\\\/colegio\\\/#\\\/schema\\\/person\\\/009789cba19db1ee4bbceccb5fbabfd2\"},\"headline\":\"Emergencia en Costa de Marfil\",\"datePublished\":\"2011-04-26T00:00:00+00:00\",\"mainEntityOfPage\":{\"@id\":\"https:\\\/\\\/cordoba.salesianos.edu\\\/colegio\\\/blog\\\/2011\\\/04\\\/26\\\/emergencia-en-costa-de-marfil\\\/\"},\"wordCount\":303,\"commentCount\":0,\"image\":{\"@id\":\"https:\\\/\\\/cordoba.salesianos.edu\\\/colegio\\\/blog\\\/2011\\\/04\\\/26\\\/emergencia-en-costa-de-marfil\\\/#primaryimage\"},\"thumbnailUrl\":\"https:\\\/\\\/cordoba.salesianos.edu\\\/colegio\\\/wp-content\\\/uploads\\\/sites\\\/2\\\/https:\\\/\\\/www.salesianos-cordoba.net\\\/Archivos\\\/Galerias\\\/Mis_Galerias\\\/cs_general\\\/marfil.jpg\",\"articleSection\":[\"Antigua Web\"],\"inLanguage\":\"es\",\"potentialAction\":[{\"@type\":\"CommentAction\",\"name\":\"Comment\",\"target\":[\"https:\\\/\\\/cordoba.salesianos.edu\\\/colegio\\\/blog\\\/2011\\\/04\\\/26\\\/emergencia-en-costa-de-marfil\\\/#respond\"]}]},{\"@type\":\"WebPage\",\"@id\":\"https:\\\/\\\/cordoba.salesianos.edu\\\/colegio\\\/blog\\\/2011\\\/04\\\/26\\\/emergencia-en-costa-de-marfil\\\/\",\"url\":\"https:\\\/\\\/cordoba.salesianos.edu\\\/colegio\\\/blog\\\/2011\\\/04\\\/26\\\/emergencia-en-costa-de-marfil\\\/\",\"name\":\"Emergencia en Costa de Marfil - Colegio Salesiano San Francisco de Sales\",\"isPartOf\":{\"@id\":\"https:\\\/\\\/cordoba.salesianos.edu\\\/colegio\\\/#website\"},\"primaryImageOfPage\":{\"@id\":\"https:\\\/\\\/cordoba.salesianos.edu\\\/colegio\\\/blog\\\/2011\\\/04\\\/26\\\/emergencia-en-costa-de-marfil\\\/#primaryimage\"},\"image\":{\"@id\":\"https:\\\/\\\/cordoba.salesianos.edu\\\/colegio\\\/blog\\\/2011\\\/04\\\/26\\\/emergencia-en-costa-de-marfil\\\/#primaryimage\"},\"thumbnailUrl\":\"https:\\\/\\\/cordoba.salesianos.edu\\\/colegio\\\/wp-content\\\/uploads\\\/sites\\\/2\\\/https:\\\/\\\/www.salesianos-cordoba.net\\\/Archivos\\\/Galerias\\\/Mis_Galerias\\\/cs_general\\\/marfil.jpg\",\"datePublished\":\"2011-04-26T00:00:00+00:00\",\"author\":{\"@id\":\"https:\\\/\\\/cordoba.salesianos.edu\\\/colegio\\\/#\\\/schema\\\/person\\\/009789cba19db1ee4bbceccb5fbabfd2\"},\"breadcrumb\":{\"@id\":\"https:\\\/\\\/cordoba.salesianos.edu\\\/colegio\\\/blog\\\/2011\\\/04\\\/26\\\/emergencia-en-costa-de-marfil\\\/#breadcrumb\"},\"inLanguage\":\"es\",\"potentialAction\":[{\"@type\":\"ReadAction\",\"target\":[\"https:\\\/\\\/cordoba.salesianos.edu\\\/colegio\\\/blog\\\/2011\\\/04\\\/26\\\/emergencia-en-costa-de-marfil\\\/\"]}]},{\"@type\":\"ImageObject\",\"inLanguage\":\"es\",\"@id\":\"https:\\\/\\\/cordoba.salesianos.edu\\\/colegio\\\/blog\\\/2011\\\/04\\\/26\\\/emergencia-en-costa-de-marfil\\\/#primaryimage\",\"url\":\"https:\\\/\\\/cordoba.salesianos.edu\\\/colegio\\\/wp-content\\\/uploads\\\/sites\\\/2\\\/https:\\\/\\\/www.salesianos-cordoba.net\\\/Archivos\\\/Galerias\\\/Mis_Galerias\\\/cs_general\\\/marfil.jpg\",\"contentUrl\":\"https:\\\/\\\/cordoba.salesianos.edu\\\/colegio\\\/wp-content\\\/uploads\\\/sites\\\/2\\\/https:\\\/\\\/www.salesianos-cordoba.net\\\/Archivos\\\/Galerias\\\/Mis_Galerias\\\/cs_general\\\/marfil.jpg\"},{\"@type\":\"BreadcrumbList\",\"@id\":\"https:\\\/\\\/cordoba.salesianos.edu\\\/colegio\\\/blog\\\/2011\\\/04\\\/26\\\/emergencia-en-costa-de-marfil\\\/#breadcrumb\",\"itemListElement\":[{\"@type\":\"ListItem\",\"position\":1,\"name\":\"Portada\",\"item\":\"https:\\\/\\\/cordoba.salesianos.edu\\\/colegio\\\/\"},{\"@type\":\"ListItem\",\"position\":2,\"name\":\"Emergencia en Costa de Marfil\"}]},{\"@type\":\"WebSite\",\"@id\":\"https:\\\/\\\/cordoba.salesianos.edu\\\/colegio\\\/#website\",\"url\":\"https:\\\/\\\/cordoba.salesianos.edu\\\/colegio\\\/\",\"name\":\"Colegio Salesiano San Francisco de Sales\",\"description\":\"P\u00e1gina oficial Salesianos C\u00f3rdoba\",\"potentialAction\":[{\"@type\":\"SearchAction\",\"target\":{\"@type\":\"EntryPoint\",\"urlTemplate\":\"https:\\\/\\\/cordoba.salesianos.edu\\\/colegio\\\/?s={search_term_string}\"},\"query-input\":{\"@type\":\"PropertyValueSpecification\",\"valueRequired\":true,\"valueName\":\"search_term_string\"}}],\"inLanguage\":\"es\"},{\"@type\":\"Person\",\"@id\":\"https:\\\/\\\/cordoba.salesianos.edu\\\/colegio\\\/#\\\/schema\\\/person\\\/009789cba19db1ee4bbceccb5fbabfd2\",\"name\":\"admin\",\"image\":{\"@type\":\"ImageObject\",\"inLanguage\":\"es\",\"@id\":\"https:\\\/\\\/secure.gravatar.com\\\/avatar\\\/7cabc6eb04cc9e1c0d94c7a5a470633983687566b575c68041627f56eb39184e?s=96&d=mm&r=g\",\"url\":\"https:\\\/\\\/secure.gravatar.com\\\/avatar\\\/7cabc6eb04cc9e1c0d94c7a5a470633983687566b575c68041627f56eb39184e?s=96&d=mm&r=g\",\"contentUrl\":\"https:\\\/\\\/secure.gravatar.com\\\/avatar\\\/7cabc6eb04cc9e1c0d94c7a5a470633983687566b575c68041627f56eb39184e?s=96&d=mm&r=g\",\"caption\":\"admin\"}}]}<\/script>\n<!-- \/ Yoast SEO plugin. -->","yoast_head_json":{"title":"Emergencia en Costa de Marfil - Colegio Salesiano San Francisco de Sales","robots":{"index":"index","follow":"follow","max-snippet":"max-snippet:-1","max-image-preview":"max-image-preview:large","max-video-preview":"max-video-preview:-1"},"canonical":"https:\/\/cordoba.salesianos.edu\/colegio\/blog\/2011\/04\/26\/emergencia-en-costa-de-marfil\/","og_locale":"es_ES","og_type":"article","og_title":"Emergencia en Costa de Marfil - Colegio Salesiano San Francisco de Sales","og_description":"En pleno fragor de la celebraci\u00f3n de la Semana Santa, recibimos una urgente petici\u00f3n del Rector Mayor: ayudar a la emergencia humanitaria de nuestra presencia salesiana de Du\u00e9kou\u00e9 en Costa de Marfil. Costa de Marfil pertenece a la Inspector\u00eda AFO. En esta naci\u00f3n hay tres casas salesianas: Abidjan, Du\u00e9kou\u00e9 y Korhogo. Desde hace un tiempo [&hellip;]","og_url":"https:\/\/cordoba.salesianos.edu\/colegio\/blog\/2011\/04\/26\/emergencia-en-costa-de-marfil\/","og_site_name":"Colegio Salesiano San Francisco de Sales","article_published_time":"2011-04-26T00:00:00+00:00","author":"admin","twitter_card":"summary_large_image","twitter_misc":{"Escrito por":"admin","Tiempo de lectura":"1 minuto"},"schema":{"@context":"https:\/\/schema.org","@graph":[{"@type":"Article","@id":"https:\/\/cordoba.salesianos.edu\/colegio\/blog\/2011\/04\/26\/emergencia-en-costa-de-marfil\/#article","isPartOf":{"@id":"https:\/\/cordoba.salesianos.edu\/colegio\/blog\/2011\/04\/26\/emergencia-en-costa-de-marfil\/"},"author":{"name":"admin","@id":"https:\/\/cordoba.salesianos.edu\/colegio\/#\/schema\/person\/009789cba19db1ee4bbceccb5fbabfd2"},"headline":"Emergencia en Costa de Marfil","datePublished":"2011-04-26T00:00:00+00:00","mainEntityOfPage":{"@id":"https:\/\/cordoba.salesianos.edu\/colegio\/blog\/2011\/04\/26\/emergencia-en-costa-de-marfil\/"},"wordCount":303,"commentCount":0,"image":{"@id":"https:\/\/cordoba.salesianos.edu\/colegio\/blog\/2011\/04\/26\/emergencia-en-costa-de-marfil\/#primaryimage"},"thumbnailUrl":"https:\/\/cordoba.salesianos.edu\/colegio\/wp-content\/uploads\/sites\/2\/https:\/\/www.salesianos-cordoba.net\/Archivos\/Galerias\/Mis_Galerias\/cs_general\/marfil.jpg","articleSection":["Antigua Web"],"inLanguage":"es","potentialAction":[{"@type":"CommentAction","name":"Comment","target":["https:\/\/cordoba.salesianos.edu\/colegio\/blog\/2011\/04\/26\/emergencia-en-costa-de-marfil\/#respond"]}]},{"@type":"WebPage","@id":"https:\/\/cordoba.salesianos.edu\/colegio\/blog\/2011\/04\/26\/emergencia-en-costa-de-marfil\/","url":"https:\/\/cordoba.salesianos.edu\/colegio\/blog\/2011\/04\/26\/emergencia-en-costa-de-marfil\/","name":"Emergencia en Costa de Marfil - Colegio Salesiano San Francisco de Sales","isPartOf":{"@id":"https:\/\/cordoba.salesianos.edu\/colegio\/#website"},"primaryImageOfPage":{"@id":"https:\/\/cordoba.salesianos.edu\/colegio\/blog\/2011\/04\/26\/emergencia-en-costa-de-marfil\/#primaryimage"},"image":{"@id":"https:\/\/cordoba.salesianos.edu\/colegio\/blog\/2011\/04\/26\/emergencia-en-costa-de-marfil\/#primaryimage"},"thumbnailUrl":"https:\/\/cordoba.salesianos.edu\/colegio\/wp-content\/uploads\/sites\/2\/https:\/\/www.salesianos-cordoba.net\/Archivos\/Galerias\/Mis_Galerias\/cs_general\/marfil.jpg","datePublished":"2011-04-26T00:00:00+00:00","author":{"@id":"https:\/\/cordoba.salesianos.edu\/colegio\/#\/schema\/person\/009789cba19db1ee4bbceccb5fbabfd2"},"breadcrumb":{"@id":"https:\/\/cordoba.salesianos.edu\/colegio\/blog\/2011\/04\/26\/emergencia-en-costa-de-marfil\/#breadcrumb"},"inLanguage":"es","potentialAction":[{"@type":"ReadAction","target":["https:\/\/cordoba.salesianos.edu\/colegio\/blog\/2011\/04\/26\/emergencia-en-costa-de-marfil\/"]}]},{"@type":"ImageObject","inLanguage":"es","@id":"https:\/\/cordoba.salesianos.edu\/colegio\/blog\/2011\/04\/26\/emergencia-en-costa-de-marfil\/#primaryimage","url":"https:\/\/cordoba.salesianos.edu\/colegio\/wp-content\/uploads\/sites\/2\/https:\/\/www.salesianos-cordoba.net\/Archivos\/Galerias\/Mis_Galerias\/cs_general\/marfil.jpg","contentUrl":"https:\/\/cordoba.salesianos.edu\/colegio\/wp-content\/uploads\/sites\/2\/https:\/\/www.salesianos-cordoba.net\/Archivos\/Galerias\/Mis_Galerias\/cs_general\/marfil.jpg"},{"@type":"BreadcrumbList","@id":"https:\/\/cordoba.salesianos.edu\/colegio\/blog\/2011\/04\/26\/emergencia-en-costa-de-marfil\/#breadcrumb","itemListElement":[{"@type":"ListItem","position":1,"name":"Portada","item":"https:\/\/cordoba.salesianos.edu\/colegio\/"},{"@type":"ListItem","position":2,"name":"Emergencia en Costa de Marfil"}]},{"@type":"WebSite","@id":"https:\/\/cordoba.salesianos.edu\/colegio\/#website","url":"https:\/\/cordoba.salesianos.edu\/colegio\/","name":"Colegio Salesiano San Francisco de Sales","description":"P\u00e1gina oficial Salesianos C\u00f3rdoba","potentialAction":[{"@type":"SearchAction","target":{"@type":"EntryPoint","urlTemplate":"https:\/\/cordoba.salesianos.edu\/colegio\/?s={search_term_string}"},"query-input":{"@type":"PropertyValueSpecification","valueRequired":true,"valueName":"search_term_string"}}],"inLanguage":"es"},{"@type":"Person","@id":"https:\/\/cordoba.salesianos.edu\/colegio\/#\/schema\/person\/009789cba19db1ee4bbceccb5fbabfd2","name":"admin","image":{"@type":"ImageObject","inLanguage":"es","@id":"https:\/\/secure.gravatar.com\/avatar\/7cabc6eb04cc9e1c0d94c7a5a470633983687566b575c68041627f56eb39184e?s=96&d=mm&r=g","url":"https:\/\/secure.gravatar.com\/avatar\/7cabc6eb04cc9e1c0d94c7a5a470633983687566b575c68041627f56eb39184e?s=96&d=mm&r=g","contentUrl":"https:\/\/secure.gravatar.com\/avatar\/7cabc6eb04cc9e1c0d94c7a5a470633983687566b575c68041627f56eb39184e?s=96&d=mm&r=g","caption":"admin"}}]}},"_links":{"self":[{"href":"https:\/\/cordoba.salesianos.edu\/colegio\/wp-json\/wp\/v2\/posts\/6190","targetHints":{"allow":["GET"]}}],"collection":[{"href":"https:\/\/cordoba.salesianos.edu\/colegio\/wp-json\/wp\/v2\/posts"}],"about":[{"href":"https:\/\/cordoba.salesianos.edu\/colegio\/wp-json\/wp\/v2\/types\/post"}],"author":[{"embeddable":true,"href":"https:\/\/cordoba.salesianos.edu\/colegio\/wp-json\/wp\/v2\/users\/1"}],"replies":[{"embeddable":true,"href":"https:\/\/cordoba.salesianos.edu\/colegio\/wp-json\/wp\/v2\/comments?post=6190"}],"version-history":[{"count":0,"href":"https:\/\/cordoba.salesianos.edu\/colegio\/wp-json\/wp\/v2\/posts\/6190\/revisions"}],"wp:featuredmedia":[{"embeddable":true,"href":"https:\/\/cordoba.salesianos.edu\/colegio\/wp-json\/wp\/v2\/media\/6191"}],"wp:attachment":[{"href":"https:\/\/cordoba.salesianos.edu\/colegio\/wp-json\/wp\/v2\/media?parent=6190"}],"wp:term":[{"taxonomy":"category","embeddable":true,"href":"https:\/\/cordoba.salesianos.edu\/colegio\/wp-json\/wp\/v2\/categories?post=6190"},{"taxonomy":"post_tag","embeddable":true,"href":"https:\/\/cordoba.salesianos.edu\/colegio\/wp-json\/wp\/v2\/tags?post=6190"}],"curies":[{"name":"wp","href":"https:\/\/api.w.org\/{rel}","templated":true}]}}