{"id":5854,"date":"2009-04-03T00:00:00","date_gmt":"2009-04-03T00:00:00","guid":{"rendered":"https:\/\/cordoba.salesianos.edu\/?p=5854"},"modified":"2009-04-03T00:00:00","modified_gmt":"2009-04-03T00:00:00","slug":"una-calle-para-kiko-pastor","status":"publish","type":"post","link":"https:\/\/cordoba.salesianos.edu\/colegio\/blog\/2009\/04\/03\/una-calle-para-kiko-pastor\/","title":{"rendered":"Una calle para Kiko Pastor"},"content":{"rendered":"<p><font size=\"2\">&nbsp;<\/p>\n<div align=\"justify\"><font face=\"Verdana\" size=\"2\">Cuando se cumple en estos d\u00edas a\u00f1o y medio desde la muerte de Francisco &ldquo;Kiko&rdquo; Pastor, profesor del Colegio salesiano San Francisco de Sales y un puntal en la vida deportiva de la ciudad de C\u00f3rdoba, los tr\u00e1mites est\u00e1n muy avanzados para que en pr\u00f3ximas fechas el ayuntamiento de la ciudad rotule una calle con su nombre.<\/font><\/div>\n<div align=\"justify\"><font face=\"Verdana\" size=\"2\">&nbsp;<\/font><\/div>\n<div align=\"justify\"><font face=\"Verdana\" size=\"2\">Kiko Pastor, como era conocido en todos los ambientes deportivos de la ciudad cordobesa, realiz\u00f3 una ingente labor, durante varias d\u00e9cadas,&nbsp;al frente de los deportes en el Colegio salesiano. Una vez fallecido, fueron varios de sus colaboradores los que impulsaron la idea de rotular una calle con su nombre, hecho que fue bien acogido por el Ayuntamiento y que est\u00e1 a punto de culminarse.<\/font><\/div>\n<div align=\"justify\"><font face=\"Verdana\" size=\"2\">&nbsp;<\/font><\/div>\n<div align=\"justify\"><font face=\"Verdana\" size=\"2\">La calle escogida es una de reciente apertura, situada en la continuaci\u00f3n de san Francisco de Sales hasta la calle Esca\u00f1uela, justo en un lateral del Colegio salesiano, junto a la conocida como &ldquo;casa de los curillas&rdquo;, actual sede de dos organismos inspectoriales: la Fundaci\u00f3n Proyecto Don Bosco y DOSA Comunicaciones.<\/font><\/div>\n<p>&nbsp;<\/p>\n<p><\/font><\/p>\n","protected":false},"excerpt":{"rendered":"<p>&nbsp; Cuando se cumple en estos d\u00edas a\u00f1o y medio desde la muerte de Francisco &ldquo;Kiko&rdquo; Pastor, profesor del Colegio salesiano San Francisco de Sales y un puntal en la vida deportiva de la ciudad de C\u00f3rdoba, los tr\u00e1mites est\u00e1n muy avanzados para que en pr\u00f3ximas fechas el ayuntamiento de la ciudad rotule una calle [&hellip;]<\/p>\n","protected":false},"author":1,"featured_media":5855,"comment_status":"open","ping_status":"open","sticky":false,"template":"","format":"standard","meta":{"_et_pb_use_builder":"","_et_pb_old_content":"","_et_gb_content_width":"","footnotes":""},"categories":[9],"tags":[],"class_list":["post-5854","post","type-post","status-publish","format-standard","has-post-thumbnail","hentry","category-antigua-web"],"yoast_head":"<!-- This site is optimized with the Yoast SEO plugin v28.4 - https:\/\/yoast.com\/product\/yoast-seo-wordpress\/ -->\n<title>Una calle para Kiko Pastor - Colegio Salesiano San Francisco de Sales<\/title>\n<meta name=\"robots\" content=\"index, follow, max-snippet:-1, max-image-preview:large, max-video-preview:-1\" \/>\n<link rel=\"canonical\" href=\"https:\/\/cordoba.salesianos.edu\/colegio\/blog\/2009\/04\/03\/una-calle-para-kiko-pastor\/\" \/>\n<meta property=\"og:locale\" content=\"es_ES\" \/>\n<meta property=\"og:type\" content=\"article\" \/>\n<meta property=\"og:title\" content=\"Una calle para Kiko Pastor - Colegio Salesiano San Francisco de Sales\" \/>\n<meta property=\"og:description\" content=\"&nbsp; Cuando se cumple en estos d\u00edas a\u00f1o y medio desde la muerte de Francisco &ldquo;Kiko&rdquo; Pastor, profesor del Colegio salesiano San Francisco de Sales y un puntal en la vida deportiva de la ciudad de C\u00f3rdoba, los tr\u00e1mites est\u00e1n muy avanzados para que en pr\u00f3ximas fechas el ayuntamiento de la ciudad rotule una calle [&hellip;]\" \/>\n<meta property=\"og:url\" content=\"https:\/\/cordoba.salesianos.edu\/colegio\/blog\/2009\/04\/03\/una-calle-para-kiko-pastor\/\" \/>\n<meta property=\"og:site_name\" content=\"Colegio Salesiano San Francisco de Sales\" \/>\n<meta property=\"article:published_time\" content=\"2009-04-03T00:00:00+00:00\" \/>\n<meta name=\"author\" content=\"admin\" \/>\n<meta name=\"twitter:card\" content=\"summary_large_image\" \/>\n<meta name=\"twitter:label1\" content=\"Escrito por\" \/>\n\t<meta name=\"twitter:data1\" content=\"admin\" \/>\n\t<meta name=\"twitter:label2\" content=\"Tiempo de lectura\" \/>\n\t<meta name=\"twitter:data2\" content=\"1 minuto\" \/>\n<script type=\"application\/ld+json\" class=\"yoast-schema-graph\">{\"@context\":\"https:\\\/\\\/schema.org\",\"@graph\":[{\"@type\":\"Article\",\"@id\":\"https:\\\/\\\/cordoba.salesianos.edu\\\/colegio\\\/blog\\\/2009\\\/04\\\/03\\\/una-calle-para-kiko-pastor\\\/#article\",\"isPartOf\":{\"@id\":\"https:\\\/\\\/cordoba.salesianos.edu\\\/colegio\\\/blog\\\/2009\\\/04\\\/03\\\/una-calle-para-kiko-pastor\\\/\"},\"author\":{\"name\":\"admin\",\"@id\":\"https:\\\/\\\/cordoba.salesianos.edu\\\/colegio\\\/#\\\/schema\\\/person\\\/009789cba19db1ee4bbceccb5fbabfd2\"},\"headline\":\"Una calle para Kiko Pastor\",\"datePublished\":\"2009-04-03T00:00:00+00:00\",\"mainEntityOfPage\":{\"@id\":\"https:\\\/\\\/cordoba.salesianos.edu\\\/colegio\\\/blog\\\/2009\\\/04\\\/03\\\/una-calle-para-kiko-pastor\\\/\"},\"wordCount\":197,\"commentCount\":0,\"image\":{\"@id\":\"https:\\\/\\\/cordoba.salesianos.edu\\\/colegio\\\/blog\\\/2009\\\/04\\\/03\\\/una-calle-para-kiko-pastor\\\/#primaryimage\"},\"thumbnailUrl\":\"https:\\\/\\\/cordoba.salesianos.edu\\\/colegio\\\/wp-content\\\/uploads\\\/sites\\\/2\\\/https:\\\/\\\/www.salesianos-cordoba.net\\\/Archivos\\\/Galerias\\\/Mis_Galerias\\\/INICIO\\\/curillas.jpg\",\"articleSection\":[\"Antigua Web\"],\"inLanguage\":\"es\",\"potentialAction\":[{\"@type\":\"CommentAction\",\"name\":\"Comment\",\"target\":[\"https:\\\/\\\/cordoba.salesianos.edu\\\/colegio\\\/blog\\\/2009\\\/04\\\/03\\\/una-calle-para-kiko-pastor\\\/#respond\"]}]},{\"@type\":\"WebPage\",\"@id\":\"https:\\\/\\\/cordoba.salesianos.edu\\\/colegio\\\/blog\\\/2009\\\/04\\\/03\\\/una-calle-para-kiko-pastor\\\/\",\"url\":\"https:\\\/\\\/cordoba.salesianos.edu\\\/colegio\\\/blog\\\/2009\\\/04\\\/03\\\/una-calle-para-kiko-pastor\\\/\",\"name\":\"Una calle para Kiko Pastor - Colegio Salesiano San Francisco de Sales\",\"isPartOf\":{\"@id\":\"https:\\\/\\\/cordoba.salesianos.edu\\\/colegio\\\/#website\"},\"primaryImageOfPage\":{\"@id\":\"https:\\\/\\\/cordoba.salesianos.edu\\\/colegio\\\/blog\\\/2009\\\/04\\\/03\\\/una-calle-para-kiko-pastor\\\/#primaryimage\"},\"image\":{\"@id\":\"https:\\\/\\\/cordoba.salesianos.edu\\\/colegio\\\/blog\\\/2009\\\/04\\\/03\\\/una-calle-para-kiko-pastor\\\/#primaryimage\"},\"thumbnailUrl\":\"https:\\\/\\\/cordoba.salesianos.edu\\\/colegio\\\/wp-content\\\/uploads\\\/sites\\\/2\\\/https:\\\/\\\/www.salesianos-cordoba.net\\\/Archivos\\\/Galerias\\\/Mis_Galerias\\\/INICIO\\\/curillas.jpg\",\"datePublished\":\"2009-04-03T00:00:00+00:00\",\"author\":{\"@id\":\"https:\\\/\\\/cordoba.salesianos.edu\\\/colegio\\\/#\\\/schema\\\/person\\\/009789cba19db1ee4bbceccb5fbabfd2\"},\"breadcrumb\":{\"@id\":\"https:\\\/\\\/cordoba.salesianos.edu\\\/colegio\\\/blog\\\/2009\\\/04\\\/03\\\/una-calle-para-kiko-pastor\\\/#breadcrumb\"},\"inLanguage\":\"es\",\"potentialAction\":[{\"@type\":\"ReadAction\",\"target\":[\"https:\\\/\\\/cordoba.salesianos.edu\\\/colegio\\\/blog\\\/2009\\\/04\\\/03\\\/una-calle-para-kiko-pastor\\\/\"]}]},{\"@type\":\"ImageObject\",\"inLanguage\":\"es\",\"@id\":\"https:\\\/\\\/cordoba.salesianos.edu\\\/colegio\\\/blog\\\/2009\\\/04\\\/03\\\/una-calle-para-kiko-pastor\\\/#primaryimage\",\"url\":\"https:\\\/\\\/cordoba.salesianos.edu\\\/colegio\\\/wp-content\\\/uploads\\\/sites\\\/2\\\/https:\\\/\\\/www.salesianos-cordoba.net\\\/Archivos\\\/Galerias\\\/Mis_Galerias\\\/INICIO\\\/curillas.jpg\",\"contentUrl\":\"https:\\\/\\\/cordoba.salesianos.edu\\\/colegio\\\/wp-content\\\/uploads\\\/sites\\\/2\\\/https:\\\/\\\/www.salesianos-cordoba.net\\\/Archivos\\\/Galerias\\\/Mis_Galerias\\\/INICIO\\\/curillas.jpg\"},{\"@type\":\"BreadcrumbList\",\"@id\":\"https:\\\/\\\/cordoba.salesianos.edu\\\/colegio\\\/blog\\\/2009\\\/04\\\/03\\\/una-calle-para-kiko-pastor\\\/#breadcrumb\",\"itemListElement\":[{\"@type\":\"ListItem\",\"position\":1,\"name\":\"Portada\",\"item\":\"https:\\\/\\\/cordoba.salesianos.edu\\\/colegio\\\/\"},{\"@type\":\"ListItem\",\"position\":2,\"name\":\"Una calle para Kiko Pastor\"}]},{\"@type\":\"WebSite\",\"@id\":\"https:\\\/\\\/cordoba.salesianos.edu\\\/colegio\\\/#website\",\"url\":\"https:\\\/\\\/cordoba.salesianos.edu\\\/colegio\\\/\",\"name\":\"Colegio Salesiano San Francisco de Sales\",\"description\":\"P\u00e1gina oficial Salesianos C\u00f3rdoba\",\"potentialAction\":[{\"@type\":\"SearchAction\",\"target\":{\"@type\":\"EntryPoint\",\"urlTemplate\":\"https:\\\/\\\/cordoba.salesianos.edu\\\/colegio\\\/?s={search_term_string}\"},\"query-input\":{\"@type\":\"PropertyValueSpecification\",\"valueRequired\":true,\"valueName\":\"search_term_string\"}}],\"inLanguage\":\"es\"},{\"@type\":\"Person\",\"@id\":\"https:\\\/\\\/cordoba.salesianos.edu\\\/colegio\\\/#\\\/schema\\\/person\\\/009789cba19db1ee4bbceccb5fbabfd2\",\"name\":\"admin\",\"image\":{\"@type\":\"ImageObject\",\"inLanguage\":\"es\",\"@id\":\"https:\\\/\\\/secure.gravatar.com\\\/avatar\\\/7cabc6eb04cc9e1c0d94c7a5a470633983687566b575c68041627f56eb39184e?s=96&d=mm&r=g\",\"url\":\"https:\\\/\\\/secure.gravatar.com\\\/avatar\\\/7cabc6eb04cc9e1c0d94c7a5a470633983687566b575c68041627f56eb39184e?s=96&d=mm&r=g\",\"contentUrl\":\"https:\\\/\\\/secure.gravatar.com\\\/avatar\\\/7cabc6eb04cc9e1c0d94c7a5a470633983687566b575c68041627f56eb39184e?s=96&d=mm&r=g\",\"caption\":\"admin\"}}]}<\/script>\n<!-- \/ Yoast SEO plugin. -->","yoast_head_json":{"title":"Una calle para Kiko Pastor - Colegio Salesiano San Francisco de Sales","robots":{"index":"index","follow":"follow","max-snippet":"max-snippet:-1","max-image-preview":"max-image-preview:large","max-video-preview":"max-video-preview:-1"},"canonical":"https:\/\/cordoba.salesianos.edu\/colegio\/blog\/2009\/04\/03\/una-calle-para-kiko-pastor\/","og_locale":"es_ES","og_type":"article","og_title":"Una calle para Kiko Pastor - Colegio Salesiano San Francisco de Sales","og_description":"&nbsp; Cuando se cumple en estos d\u00edas a\u00f1o y medio desde la muerte de Francisco &ldquo;Kiko&rdquo; Pastor, profesor del Colegio salesiano San Francisco de Sales y un puntal en la vida deportiva de la ciudad de C\u00f3rdoba, los tr\u00e1mites est\u00e1n muy avanzados para que en pr\u00f3ximas fechas el ayuntamiento de la ciudad rotule una calle [&hellip;]","og_url":"https:\/\/cordoba.salesianos.edu\/colegio\/blog\/2009\/04\/03\/una-calle-para-kiko-pastor\/","og_site_name":"Colegio Salesiano San Francisco de Sales","article_published_time":"2009-04-03T00:00:00+00:00","author":"admin","twitter_card":"summary_large_image","twitter_misc":{"Escrito por":"admin","Tiempo de lectura":"1 minuto"},"schema":{"@context":"https:\/\/schema.org","@graph":[{"@type":"Article","@id":"https:\/\/cordoba.salesianos.edu\/colegio\/blog\/2009\/04\/03\/una-calle-para-kiko-pastor\/#article","isPartOf":{"@id":"https:\/\/cordoba.salesianos.edu\/colegio\/blog\/2009\/04\/03\/una-calle-para-kiko-pastor\/"},"author":{"name":"admin","@id":"https:\/\/cordoba.salesianos.edu\/colegio\/#\/schema\/person\/009789cba19db1ee4bbceccb5fbabfd2"},"headline":"Una calle para Kiko Pastor","datePublished":"2009-04-03T00:00:00+00:00","mainEntityOfPage":{"@id":"https:\/\/cordoba.salesianos.edu\/colegio\/blog\/2009\/04\/03\/una-calle-para-kiko-pastor\/"},"wordCount":197,"commentCount":0,"image":{"@id":"https:\/\/cordoba.salesianos.edu\/colegio\/blog\/2009\/04\/03\/una-calle-para-kiko-pastor\/#primaryimage"},"thumbnailUrl":"https:\/\/cordoba.salesianos.edu\/colegio\/wp-content\/uploads\/sites\/2\/https:\/\/www.salesianos-cordoba.net\/Archivos\/Galerias\/Mis_Galerias\/INICIO\/curillas.jpg","articleSection":["Antigua Web"],"inLanguage":"es","potentialAction":[{"@type":"CommentAction","name":"Comment","target":["https:\/\/cordoba.salesianos.edu\/colegio\/blog\/2009\/04\/03\/una-calle-para-kiko-pastor\/#respond"]}]},{"@type":"WebPage","@id":"https:\/\/cordoba.salesianos.edu\/colegio\/blog\/2009\/04\/03\/una-calle-para-kiko-pastor\/","url":"https:\/\/cordoba.salesianos.edu\/colegio\/blog\/2009\/04\/03\/una-calle-para-kiko-pastor\/","name":"Una calle para Kiko Pastor - Colegio Salesiano San Francisco de Sales","isPartOf":{"@id":"https:\/\/cordoba.salesianos.edu\/colegio\/#website"},"primaryImageOfPage":{"@id":"https:\/\/cordoba.salesianos.edu\/colegio\/blog\/2009\/04\/03\/una-calle-para-kiko-pastor\/#primaryimage"},"image":{"@id":"https:\/\/cordoba.salesianos.edu\/colegio\/blog\/2009\/04\/03\/una-calle-para-kiko-pastor\/#primaryimage"},"thumbnailUrl":"https:\/\/cordoba.salesianos.edu\/colegio\/wp-content\/uploads\/sites\/2\/https:\/\/www.salesianos-cordoba.net\/Archivos\/Galerias\/Mis_Galerias\/INICIO\/curillas.jpg","datePublished":"2009-04-03T00:00:00+00:00","author":{"@id":"https:\/\/cordoba.salesianos.edu\/colegio\/#\/schema\/person\/009789cba19db1ee4bbceccb5fbabfd2"},"breadcrumb":{"@id":"https:\/\/cordoba.salesianos.edu\/colegio\/blog\/2009\/04\/03\/una-calle-para-kiko-pastor\/#breadcrumb"},"inLanguage":"es","potentialAction":[{"@type":"ReadAction","target":["https:\/\/cordoba.salesianos.edu\/colegio\/blog\/2009\/04\/03\/una-calle-para-kiko-pastor\/"]}]},{"@type":"ImageObject","inLanguage":"es","@id":"https:\/\/cordoba.salesianos.edu\/colegio\/blog\/2009\/04\/03\/una-calle-para-kiko-pastor\/#primaryimage","url":"https:\/\/cordoba.salesianos.edu\/colegio\/wp-content\/uploads\/sites\/2\/https:\/\/www.salesianos-cordoba.net\/Archivos\/Galerias\/Mis_Galerias\/INICIO\/curillas.jpg","contentUrl":"https:\/\/cordoba.salesianos.edu\/colegio\/wp-content\/uploads\/sites\/2\/https:\/\/www.salesianos-cordoba.net\/Archivos\/Galerias\/Mis_Galerias\/INICIO\/curillas.jpg"},{"@type":"BreadcrumbList","@id":"https:\/\/cordoba.salesianos.edu\/colegio\/blog\/2009\/04\/03\/una-calle-para-kiko-pastor\/#breadcrumb","itemListElement":[{"@type":"ListItem","position":1,"name":"Portada","item":"https:\/\/cordoba.salesianos.edu\/colegio\/"},{"@type":"ListItem","position":2,"name":"Una calle para Kiko Pastor"}]},{"@type":"WebSite","@id":"https:\/\/cordoba.salesianos.edu\/colegio\/#website","url":"https:\/\/cordoba.salesianos.edu\/colegio\/","name":"Colegio Salesiano San Francisco de Sales","description":"P\u00e1gina oficial Salesianos C\u00f3rdoba","potentialAction":[{"@type":"SearchAction","target":{"@type":"EntryPoint","urlTemplate":"https:\/\/cordoba.salesianos.edu\/colegio\/?s={search_term_string}"},"query-input":{"@type":"PropertyValueSpecification","valueRequired":true,"valueName":"search_term_string"}}],"inLanguage":"es"},{"@type":"Person","@id":"https:\/\/cordoba.salesianos.edu\/colegio\/#\/schema\/person\/009789cba19db1ee4bbceccb5fbabfd2","name":"admin","image":{"@type":"ImageObject","inLanguage":"es","@id":"https:\/\/secure.gravatar.com\/avatar\/7cabc6eb04cc9e1c0d94c7a5a470633983687566b575c68041627f56eb39184e?s=96&d=mm&r=g","url":"https:\/\/secure.gravatar.com\/avatar\/7cabc6eb04cc9e1c0d94c7a5a470633983687566b575c68041627f56eb39184e?s=96&d=mm&r=g","contentUrl":"https:\/\/secure.gravatar.com\/avatar\/7cabc6eb04cc9e1c0d94c7a5a470633983687566b575c68041627f56eb39184e?s=96&d=mm&r=g","caption":"admin"}}]}},"_links":{"self":[{"href":"https:\/\/cordoba.salesianos.edu\/colegio\/wp-json\/wp\/v2\/posts\/5854","targetHints":{"allow":["GET"]}}],"collection":[{"href":"https:\/\/cordoba.salesianos.edu\/colegio\/wp-json\/wp\/v2\/posts"}],"about":[{"href":"https:\/\/cordoba.salesianos.edu\/colegio\/wp-json\/wp\/v2\/types\/post"}],"author":[{"embeddable":true,"href":"https:\/\/cordoba.salesianos.edu\/colegio\/wp-json\/wp\/v2\/users\/1"}],"replies":[{"embeddable":true,"href":"https:\/\/cordoba.salesianos.edu\/colegio\/wp-json\/wp\/v2\/comments?post=5854"}],"version-history":[{"count":0,"href":"https:\/\/cordoba.salesianos.edu\/colegio\/wp-json\/wp\/v2\/posts\/5854\/revisions"}],"wp:featuredmedia":[{"embeddable":true,"href":"https:\/\/cordoba.salesianos.edu\/colegio\/wp-json\/wp\/v2\/media\/5855"}],"wp:attachment":[{"href":"https:\/\/cordoba.salesianos.edu\/colegio\/wp-json\/wp\/v2\/media?parent=5854"}],"wp:term":[{"taxonomy":"category","embeddable":true,"href":"https:\/\/cordoba.salesianos.edu\/colegio\/wp-json\/wp\/v2\/categories?post=5854"},{"taxonomy":"post_tag","embeddable":true,"href":"https:\/\/cordoba.salesianos.edu\/colegio\/wp-json\/wp\/v2\/tags?post=5854"}],"curies":[{"name":"wp","href":"https:\/\/api.w.org\/{rel}","templated":true}]}}