{"id":5846,"date":"2009-03-26T00:00:00","date_gmt":"2009-03-26T00:00:00","guid":{"rendered":"https:\/\/cordoba.salesianos.edu\/?p=5846"},"modified":"2009-03-26T00:00:00","modified_gmt":"2009-03-26T00:00:00","slug":"ana-ferrer-carrera-premio-extraordinario-en-ciencias-qu-micas","status":"publish","type":"post","link":"https:\/\/cordoba.salesianos.edu\/colegio\/blog\/2009\/03\/26\/ana-ferrer-carrera-premio-extraordinario-en-ciencias-qu-micas\/","title":{"rendered":"Ana Ferrer Carrera,premio extraordinario en Ciencias Qu\u00edmicas."},"content":{"rendered":"<p><font size=\"2\"><font face=\"Arial\" color=\"#231f20\" size=\"3\"><\/p>\n<p align=\"justify\"><font face=\"Verdana\" size=\"2\">Ana Ferrer Carrera, querida antigua alumna de este colegio, recibi\u00f3 el premio extraordinario de Licenciatura en Ciencia Qu\u00edmicas de la promoci\u00f3n 2003\/2008 por la Universidad de C\u00f3rdoba, siendo la primera alumna de su promoci\u00f3n.<\/font><\/p>\n<p align=\"justify\"><font face=\"Verdana\" size=\"2\">El acto fue celebrado en el sal\u00f3n de actos del Colegio Mayor de la Asunci\u00f3n , entreg\u00e1ndole el premio el Rector de la Universidad de C\u00f3rdoba D. Jos\u00e9 Manuel Rold\u00e1n Nogueras. <\/font><\/p>\n<p align=\"justify\"><font face=\"Verdana\" size=\"2\">Ana guarda muy buen recuerdo de nuestro colegio, en el que recientemente ha estado realizando las pr\u00e1cticas del CAP (Curso de Adaptaci\u00f3n Pedag\u00f3gica) bajo la Tutela de la profesora de qu\u00edmica M&ordf; Dolores Jim\u00e9nez Fern\u00e1ndez.<\/font><font color=\"#231f20\"><\/font><\/p>\n<p align=\"justify\"><font face=\"Verdana\" size=\"2\">Enhorabuena a Ana y a su querida familia y al colegio que se congratula de haber tenido dos antiguos alumnos con el citado premio en este mismo a\u00f1o<\/font><\/p>\n<p><\/font><\/font><\/p>\n","protected":false},"excerpt":{"rendered":"<p>Ana Ferrer Carrera, querida antigua alumna de este colegio, recibi\u00f3 el premio extraordinario de Licenciatura en Ciencia Qu\u00edmicas de la promoci\u00f3n 2003\/2008 por la Universidad de C\u00f3rdoba, siendo la primera alumna de su promoci\u00f3n. El acto fue celebrado en el sal\u00f3n de actos del Colegio Mayor de la Asunci\u00f3n , entreg\u00e1ndole el premio el Rector [&hellip;]<\/p>\n","protected":false},"author":1,"featured_media":5847,"comment_status":"open","ping_status":"open","sticky":false,"template":"","format":"standard","meta":{"_et_pb_use_builder":"","_et_pb_old_content":"","_et_gb_content_width":"","footnotes":""},"categories":[9],"tags":[],"class_list":["post-5846","post","type-post","status-publish","format-standard","has-post-thumbnail","hentry","category-antigua-web"],"yoast_head":"<!-- This site is optimized with the Yoast SEO plugin v28.4 - https:\/\/yoast.com\/product\/yoast-seo-wordpress\/ -->\n<title>Ana Ferrer Carrera,premio extraordinario en Ciencias Qu\u00edmicas. - Colegio Salesiano San Francisco de Sales<\/title>\n<meta name=\"robots\" content=\"index, follow, max-snippet:-1, max-image-preview:large, max-video-preview:-1\" \/>\n<link rel=\"canonical\" href=\"https:\/\/cordoba.salesianos.edu\/colegio\/blog\/2009\/03\/26\/ana-ferrer-carrera-premio-extraordinario-en-ciencias-qu-micas\/\" \/>\n<meta property=\"og:locale\" content=\"es_ES\" \/>\n<meta property=\"og:type\" content=\"article\" \/>\n<meta property=\"og:title\" content=\"Ana Ferrer Carrera,premio extraordinario en Ciencias Qu\u00edmicas. - Colegio Salesiano San Francisco de Sales\" \/>\n<meta property=\"og:description\" content=\"Ana Ferrer Carrera, querida antigua alumna de este colegio, recibi\u00f3 el premio extraordinario de Licenciatura en Ciencia Qu\u00edmicas de la promoci\u00f3n 2003\/2008 por la Universidad de C\u00f3rdoba, siendo la primera alumna de su promoci\u00f3n. El acto fue celebrado en el sal\u00f3n de actos del Colegio Mayor de la Asunci\u00f3n , entreg\u00e1ndole el premio el Rector [&hellip;]\" \/>\n<meta property=\"og:url\" content=\"https:\/\/cordoba.salesianos.edu\/colegio\/blog\/2009\/03\/26\/ana-ferrer-carrera-premio-extraordinario-en-ciencias-qu-micas\/\" \/>\n<meta property=\"og:site_name\" content=\"Colegio Salesiano San Francisco de Sales\" \/>\n<meta property=\"article:published_time\" content=\"2009-03-26T00:00:00+00:00\" \/>\n<meta name=\"author\" content=\"admin\" \/>\n<meta name=\"twitter:card\" content=\"summary_large_image\" \/>\n<meta name=\"twitter:label1\" content=\"Escrito por\" \/>\n\t<meta name=\"twitter:data1\" content=\"admin\" \/>\n\t<meta name=\"twitter:label2\" content=\"Tiempo de lectura\" \/>\n\t<meta name=\"twitter:data2\" content=\"1 minuto\" \/>\n<script type=\"application\/ld+json\" class=\"yoast-schema-graph\">{\"@context\":\"https:\\\/\\\/schema.org\",\"@graph\":[{\"@type\":\"Article\",\"@id\":\"https:\\\/\\\/cordoba.salesianos.edu\\\/colegio\\\/blog\\\/2009\\\/03\\\/26\\\/ana-ferrer-carrera-premio-extraordinario-en-ciencias-qu-micas\\\/#article\",\"isPartOf\":{\"@id\":\"https:\\\/\\\/cordoba.salesianos.edu\\\/colegio\\\/blog\\\/2009\\\/03\\\/26\\\/ana-ferrer-carrera-premio-extraordinario-en-ciencias-qu-micas\\\/\"},\"author\":{\"name\":\"admin\",\"@id\":\"https:\\\/\\\/cordoba.salesianos.edu\\\/colegio\\\/#\\\/schema\\\/person\\\/009789cba19db1ee4bbceccb5fbabfd2\"},\"headline\":\"Ana Ferrer Carrera,premio extraordinario en Ciencias Qu\u00edmicas.\",\"datePublished\":\"2009-03-26T00:00:00+00:00\",\"mainEntityOfPage\":{\"@id\":\"https:\\\/\\\/cordoba.salesianos.edu\\\/colegio\\\/blog\\\/2009\\\/03\\\/26\\\/ana-ferrer-carrera-premio-extraordinario-en-ciencias-qu-micas\\\/\"},\"wordCount\":152,\"commentCount\":0,\"image\":{\"@id\":\"https:\\\/\\\/cordoba.salesianos.edu\\\/colegio\\\/blog\\\/2009\\\/03\\\/26\\\/ana-ferrer-carrera-premio-extraordinario-en-ciencias-qu-micas\\\/#primaryimage\"},\"thumbnailUrl\":\"https:\\\/\\\/cordoba.salesianos.edu\\\/colegio\\\/wp-content\\\/uploads\\\/sites\\\/2\\\/https:\\\/\\\/www.salesianos-cordoba.net\\\/Archivos\\\/Galerias\\\/Mis_Galerias\\\/INICIO\\\/ana.jpg\",\"articleSection\":[\"Antigua Web\"],\"inLanguage\":\"es\",\"potentialAction\":[{\"@type\":\"CommentAction\",\"name\":\"Comment\",\"target\":[\"https:\\\/\\\/cordoba.salesianos.edu\\\/colegio\\\/blog\\\/2009\\\/03\\\/26\\\/ana-ferrer-carrera-premio-extraordinario-en-ciencias-qu-micas\\\/#respond\"]}]},{\"@type\":\"WebPage\",\"@id\":\"https:\\\/\\\/cordoba.salesianos.edu\\\/colegio\\\/blog\\\/2009\\\/03\\\/26\\\/ana-ferrer-carrera-premio-extraordinario-en-ciencias-qu-micas\\\/\",\"url\":\"https:\\\/\\\/cordoba.salesianos.edu\\\/colegio\\\/blog\\\/2009\\\/03\\\/26\\\/ana-ferrer-carrera-premio-extraordinario-en-ciencias-qu-micas\\\/\",\"name\":\"Ana Ferrer Carrera,premio extraordinario en Ciencias Qu\u00edmicas. - Colegio Salesiano San Francisco de Sales\",\"isPartOf\":{\"@id\":\"https:\\\/\\\/cordoba.salesianos.edu\\\/colegio\\\/#website\"},\"primaryImageOfPage\":{\"@id\":\"https:\\\/\\\/cordoba.salesianos.edu\\\/colegio\\\/blog\\\/2009\\\/03\\\/26\\\/ana-ferrer-carrera-premio-extraordinario-en-ciencias-qu-micas\\\/#primaryimage\"},\"image\":{\"@id\":\"https:\\\/\\\/cordoba.salesianos.edu\\\/colegio\\\/blog\\\/2009\\\/03\\\/26\\\/ana-ferrer-carrera-premio-extraordinario-en-ciencias-qu-micas\\\/#primaryimage\"},\"thumbnailUrl\":\"https:\\\/\\\/cordoba.salesianos.edu\\\/colegio\\\/wp-content\\\/uploads\\\/sites\\\/2\\\/https:\\\/\\\/www.salesianos-cordoba.net\\\/Archivos\\\/Galerias\\\/Mis_Galerias\\\/INICIO\\\/ana.jpg\",\"datePublished\":\"2009-03-26T00:00:00+00:00\",\"author\":{\"@id\":\"https:\\\/\\\/cordoba.salesianos.edu\\\/colegio\\\/#\\\/schema\\\/person\\\/009789cba19db1ee4bbceccb5fbabfd2\"},\"breadcrumb\":{\"@id\":\"https:\\\/\\\/cordoba.salesianos.edu\\\/colegio\\\/blog\\\/2009\\\/03\\\/26\\\/ana-ferrer-carrera-premio-extraordinario-en-ciencias-qu-micas\\\/#breadcrumb\"},\"inLanguage\":\"es\",\"potentialAction\":[{\"@type\":\"ReadAction\",\"target\":[\"https:\\\/\\\/cordoba.salesianos.edu\\\/colegio\\\/blog\\\/2009\\\/03\\\/26\\\/ana-ferrer-carrera-premio-extraordinario-en-ciencias-qu-micas\\\/\"]}]},{\"@type\":\"ImageObject\",\"inLanguage\":\"es\",\"@id\":\"https:\\\/\\\/cordoba.salesianos.edu\\\/colegio\\\/blog\\\/2009\\\/03\\\/26\\\/ana-ferrer-carrera-premio-extraordinario-en-ciencias-qu-micas\\\/#primaryimage\",\"url\":\"https:\\\/\\\/cordoba.salesianos.edu\\\/colegio\\\/wp-content\\\/uploads\\\/sites\\\/2\\\/https:\\\/\\\/www.salesianos-cordoba.net\\\/Archivos\\\/Galerias\\\/Mis_Galerias\\\/INICIO\\\/ana.jpg\",\"contentUrl\":\"https:\\\/\\\/cordoba.salesianos.edu\\\/colegio\\\/wp-content\\\/uploads\\\/sites\\\/2\\\/https:\\\/\\\/www.salesianos-cordoba.net\\\/Archivos\\\/Galerias\\\/Mis_Galerias\\\/INICIO\\\/ana.jpg\"},{\"@type\":\"BreadcrumbList\",\"@id\":\"https:\\\/\\\/cordoba.salesianos.edu\\\/colegio\\\/blog\\\/2009\\\/03\\\/26\\\/ana-ferrer-carrera-premio-extraordinario-en-ciencias-qu-micas\\\/#breadcrumb\",\"itemListElement\":[{\"@type\":\"ListItem\",\"position\":1,\"name\":\"Portada\",\"item\":\"https:\\\/\\\/cordoba.salesianos.edu\\\/colegio\\\/\"},{\"@type\":\"ListItem\",\"position\":2,\"name\":\"Ana Ferrer Carrera,premio extraordinario en Ciencias Qu\u00edmicas.\"}]},{\"@type\":\"WebSite\",\"@id\":\"https:\\\/\\\/cordoba.salesianos.edu\\\/colegio\\\/#website\",\"url\":\"https:\\\/\\\/cordoba.salesianos.edu\\\/colegio\\\/\",\"name\":\"Colegio Salesiano San Francisco de Sales\",\"description\":\"P\u00e1gina oficial Salesianos C\u00f3rdoba\",\"potentialAction\":[{\"@type\":\"SearchAction\",\"target\":{\"@type\":\"EntryPoint\",\"urlTemplate\":\"https:\\\/\\\/cordoba.salesianos.edu\\\/colegio\\\/?s={search_term_string}\"},\"query-input\":{\"@type\":\"PropertyValueSpecification\",\"valueRequired\":true,\"valueName\":\"search_term_string\"}}],\"inLanguage\":\"es\"},{\"@type\":\"Person\",\"@id\":\"https:\\\/\\\/cordoba.salesianos.edu\\\/colegio\\\/#\\\/schema\\\/person\\\/009789cba19db1ee4bbceccb5fbabfd2\",\"name\":\"admin\",\"image\":{\"@type\":\"ImageObject\",\"inLanguage\":\"es\",\"@id\":\"https:\\\/\\\/secure.gravatar.com\\\/avatar\\\/7cabc6eb04cc9e1c0d94c7a5a470633983687566b575c68041627f56eb39184e?s=96&d=mm&r=g\",\"url\":\"https:\\\/\\\/secure.gravatar.com\\\/avatar\\\/7cabc6eb04cc9e1c0d94c7a5a470633983687566b575c68041627f56eb39184e?s=96&d=mm&r=g\",\"contentUrl\":\"https:\\\/\\\/secure.gravatar.com\\\/avatar\\\/7cabc6eb04cc9e1c0d94c7a5a470633983687566b575c68041627f56eb39184e?s=96&d=mm&r=g\",\"caption\":\"admin\"}}]}<\/script>\n<!-- \/ Yoast SEO plugin. -->","yoast_head_json":{"title":"Ana Ferrer Carrera,premio extraordinario en Ciencias Qu\u00edmicas. - Colegio Salesiano San Francisco de Sales","robots":{"index":"index","follow":"follow","max-snippet":"max-snippet:-1","max-image-preview":"max-image-preview:large","max-video-preview":"max-video-preview:-1"},"canonical":"https:\/\/cordoba.salesianos.edu\/colegio\/blog\/2009\/03\/26\/ana-ferrer-carrera-premio-extraordinario-en-ciencias-qu-micas\/","og_locale":"es_ES","og_type":"article","og_title":"Ana Ferrer Carrera,premio extraordinario en Ciencias Qu\u00edmicas. - Colegio Salesiano San Francisco de Sales","og_description":"Ana Ferrer Carrera, querida antigua alumna de este colegio, recibi\u00f3 el premio extraordinario de Licenciatura en Ciencia Qu\u00edmicas de la promoci\u00f3n 2003\/2008 por la Universidad de C\u00f3rdoba, siendo la primera alumna de su promoci\u00f3n. El acto fue celebrado en el sal\u00f3n de actos del Colegio Mayor de la Asunci\u00f3n , entreg\u00e1ndole el premio el Rector [&hellip;]","og_url":"https:\/\/cordoba.salesianos.edu\/colegio\/blog\/2009\/03\/26\/ana-ferrer-carrera-premio-extraordinario-en-ciencias-qu-micas\/","og_site_name":"Colegio Salesiano San Francisco de Sales","article_published_time":"2009-03-26T00:00:00+00:00","author":"admin","twitter_card":"summary_large_image","twitter_misc":{"Escrito por":"admin","Tiempo de lectura":"1 minuto"},"schema":{"@context":"https:\/\/schema.org","@graph":[{"@type":"Article","@id":"https:\/\/cordoba.salesianos.edu\/colegio\/blog\/2009\/03\/26\/ana-ferrer-carrera-premio-extraordinario-en-ciencias-qu-micas\/#article","isPartOf":{"@id":"https:\/\/cordoba.salesianos.edu\/colegio\/blog\/2009\/03\/26\/ana-ferrer-carrera-premio-extraordinario-en-ciencias-qu-micas\/"},"author":{"name":"admin","@id":"https:\/\/cordoba.salesianos.edu\/colegio\/#\/schema\/person\/009789cba19db1ee4bbceccb5fbabfd2"},"headline":"Ana Ferrer Carrera,premio extraordinario en Ciencias Qu\u00edmicas.","datePublished":"2009-03-26T00:00:00+00:00","mainEntityOfPage":{"@id":"https:\/\/cordoba.salesianos.edu\/colegio\/blog\/2009\/03\/26\/ana-ferrer-carrera-premio-extraordinario-en-ciencias-qu-micas\/"},"wordCount":152,"commentCount":0,"image":{"@id":"https:\/\/cordoba.salesianos.edu\/colegio\/blog\/2009\/03\/26\/ana-ferrer-carrera-premio-extraordinario-en-ciencias-qu-micas\/#primaryimage"},"thumbnailUrl":"https:\/\/cordoba.salesianos.edu\/colegio\/wp-content\/uploads\/sites\/2\/https:\/\/www.salesianos-cordoba.net\/Archivos\/Galerias\/Mis_Galerias\/INICIO\/ana.jpg","articleSection":["Antigua Web"],"inLanguage":"es","potentialAction":[{"@type":"CommentAction","name":"Comment","target":["https:\/\/cordoba.salesianos.edu\/colegio\/blog\/2009\/03\/26\/ana-ferrer-carrera-premio-extraordinario-en-ciencias-qu-micas\/#respond"]}]},{"@type":"WebPage","@id":"https:\/\/cordoba.salesianos.edu\/colegio\/blog\/2009\/03\/26\/ana-ferrer-carrera-premio-extraordinario-en-ciencias-qu-micas\/","url":"https:\/\/cordoba.salesianos.edu\/colegio\/blog\/2009\/03\/26\/ana-ferrer-carrera-premio-extraordinario-en-ciencias-qu-micas\/","name":"Ana Ferrer Carrera,premio extraordinario en Ciencias Qu\u00edmicas. - Colegio Salesiano San Francisco de Sales","isPartOf":{"@id":"https:\/\/cordoba.salesianos.edu\/colegio\/#website"},"primaryImageOfPage":{"@id":"https:\/\/cordoba.salesianos.edu\/colegio\/blog\/2009\/03\/26\/ana-ferrer-carrera-premio-extraordinario-en-ciencias-qu-micas\/#primaryimage"},"image":{"@id":"https:\/\/cordoba.salesianos.edu\/colegio\/blog\/2009\/03\/26\/ana-ferrer-carrera-premio-extraordinario-en-ciencias-qu-micas\/#primaryimage"},"thumbnailUrl":"https:\/\/cordoba.salesianos.edu\/colegio\/wp-content\/uploads\/sites\/2\/https:\/\/www.salesianos-cordoba.net\/Archivos\/Galerias\/Mis_Galerias\/INICIO\/ana.jpg","datePublished":"2009-03-26T00:00:00+00:00","author":{"@id":"https:\/\/cordoba.salesianos.edu\/colegio\/#\/schema\/person\/009789cba19db1ee4bbceccb5fbabfd2"},"breadcrumb":{"@id":"https:\/\/cordoba.salesianos.edu\/colegio\/blog\/2009\/03\/26\/ana-ferrer-carrera-premio-extraordinario-en-ciencias-qu-micas\/#breadcrumb"},"inLanguage":"es","potentialAction":[{"@type":"ReadAction","target":["https:\/\/cordoba.salesianos.edu\/colegio\/blog\/2009\/03\/26\/ana-ferrer-carrera-premio-extraordinario-en-ciencias-qu-micas\/"]}]},{"@type":"ImageObject","inLanguage":"es","@id":"https:\/\/cordoba.salesianos.edu\/colegio\/blog\/2009\/03\/26\/ana-ferrer-carrera-premio-extraordinario-en-ciencias-qu-micas\/#primaryimage","url":"https:\/\/cordoba.salesianos.edu\/colegio\/wp-content\/uploads\/sites\/2\/https:\/\/www.salesianos-cordoba.net\/Archivos\/Galerias\/Mis_Galerias\/INICIO\/ana.jpg","contentUrl":"https:\/\/cordoba.salesianos.edu\/colegio\/wp-content\/uploads\/sites\/2\/https:\/\/www.salesianos-cordoba.net\/Archivos\/Galerias\/Mis_Galerias\/INICIO\/ana.jpg"},{"@type":"BreadcrumbList","@id":"https:\/\/cordoba.salesianos.edu\/colegio\/blog\/2009\/03\/26\/ana-ferrer-carrera-premio-extraordinario-en-ciencias-qu-micas\/#breadcrumb","itemListElement":[{"@type":"ListItem","position":1,"name":"Portada","item":"https:\/\/cordoba.salesianos.edu\/colegio\/"},{"@type":"ListItem","position":2,"name":"Ana Ferrer Carrera,premio extraordinario en Ciencias Qu\u00edmicas."}]},{"@type":"WebSite","@id":"https:\/\/cordoba.salesianos.edu\/colegio\/#website","url":"https:\/\/cordoba.salesianos.edu\/colegio\/","name":"Colegio Salesiano San Francisco de Sales","description":"P\u00e1gina oficial Salesianos C\u00f3rdoba","potentialAction":[{"@type":"SearchAction","target":{"@type":"EntryPoint","urlTemplate":"https:\/\/cordoba.salesianos.edu\/colegio\/?s={search_term_string}"},"query-input":{"@type":"PropertyValueSpecification","valueRequired":true,"valueName":"search_term_string"}}],"inLanguage":"es"},{"@type":"Person","@id":"https:\/\/cordoba.salesianos.edu\/colegio\/#\/schema\/person\/009789cba19db1ee4bbceccb5fbabfd2","name":"admin","image":{"@type":"ImageObject","inLanguage":"es","@id":"https:\/\/secure.gravatar.com\/avatar\/7cabc6eb04cc9e1c0d94c7a5a470633983687566b575c68041627f56eb39184e?s=96&d=mm&r=g","url":"https:\/\/secure.gravatar.com\/avatar\/7cabc6eb04cc9e1c0d94c7a5a470633983687566b575c68041627f56eb39184e?s=96&d=mm&r=g","contentUrl":"https:\/\/secure.gravatar.com\/avatar\/7cabc6eb04cc9e1c0d94c7a5a470633983687566b575c68041627f56eb39184e?s=96&d=mm&r=g","caption":"admin"}}]}},"_links":{"self":[{"href":"https:\/\/cordoba.salesianos.edu\/colegio\/wp-json\/wp\/v2\/posts\/5846","targetHints":{"allow":["GET"]}}],"collection":[{"href":"https:\/\/cordoba.salesianos.edu\/colegio\/wp-json\/wp\/v2\/posts"}],"about":[{"href":"https:\/\/cordoba.salesianos.edu\/colegio\/wp-json\/wp\/v2\/types\/post"}],"author":[{"embeddable":true,"href":"https:\/\/cordoba.salesianos.edu\/colegio\/wp-json\/wp\/v2\/users\/1"}],"replies":[{"embeddable":true,"href":"https:\/\/cordoba.salesianos.edu\/colegio\/wp-json\/wp\/v2\/comments?post=5846"}],"version-history":[{"count":0,"href":"https:\/\/cordoba.salesianos.edu\/colegio\/wp-json\/wp\/v2\/posts\/5846\/revisions"}],"wp:featuredmedia":[{"embeddable":true,"href":"https:\/\/cordoba.salesianos.edu\/colegio\/wp-json\/wp\/v2\/media\/5847"}],"wp:attachment":[{"href":"https:\/\/cordoba.salesianos.edu\/colegio\/wp-json\/wp\/v2\/media?parent=5846"}],"wp:term":[{"taxonomy":"category","embeddable":true,"href":"https:\/\/cordoba.salesianos.edu\/colegio\/wp-json\/wp\/v2\/categories?post=5846"},{"taxonomy":"post_tag","embeddable":true,"href":"https:\/\/cordoba.salesianos.edu\/colegio\/wp-json\/wp\/v2\/tags?post=5846"}],"curies":[{"name":"wp","href":"https:\/\/api.w.org\/{rel}","templated":true}]}}