{"id":5816,"date":"2008-12-16T00:00:00","date_gmt":"2008-12-16T00:00:00","guid":{"rendered":"https:\/\/cordoba.salesianos.edu\/?p=5816"},"modified":"2008-12-16T00:00:00","modified_gmt":"2008-12-16T00:00:00","slug":"ya-se-acerca-el-salvador","status":"publish","type":"post","link":"https:\/\/cordoba.salesianos.edu\/colegio\/blog\/2008\/12\/16\/ya-se-acerca-el-salvador\/","title":{"rendered":"Ya se acerca el Salvador"},"content":{"rendered":"<p><font size=\"2\"><font face=\"Arial\" color=\"#231f20\" size=\"3\"><\/p>\n<p align=\"justify\"><font face=\"Verdana\" size=\"2\">Durante el Adviento nos preparamos para recibir a nuestro Dios que hecho hombre&nbsp; habita entre nosotros. Puede que alguno no sepa c\u00f3mo preparar esta venida, porque piense que hay que hacer algo extraordinario y novedoso. Y no, no es as\u00ed. La preparaci\u00f3n es sencilla e importante. Nuestra relaci\u00f3n con Dios tiene que parecerse mucho a lo que son las relaciones con las personas&nbsp; que nos rodean, pues nosotros humanos no podemos hacerlo de otra manera.<\/font><\/p>\n<p align=\"justify\"><font face=\"Verdana\" size=\"2\">Con la venida y presencia del Ni\u00f1o-Dios pasa algo parecido a lo que vive una familia, la cual siendo amiga de otra quiere crecer en esa amistad y se decide a ir a donde viven sus amigos. &iquest;Os imagin\u00e1is que la otra familia, una vez que se lo hayan dicho, se organizara para irse ellos fuera en lugar de esperarlos? Si hicieran as\u00ed, dir\u00edamos que no son amigos o que esa amistad est\u00e1 casi muerta. Por el contrario, si conociendo que <\/font><font face=\"Arial\" color=\"#231f20\" size=\"3\"><font face=\"Verdana\" size=\"2\">van a venir preparan la casa, piensan en lo que les gusta y buscan alg\u00fan detalle que les haga patente lo que los quieren y lo mucho que se alegran por su visita, est\u00e1n demostrando que son verdaderos amigos.<\/font><\/font><\/p>\n<p align=\"justify\"><font face=\"Verdana\" size=\"2\">As\u00ed es como debemos actuar en el Adviento. Hemos de programar nuestra agenda y nuestro horario para recibir al Se\u00f1or que viene para estar con nosotros. Tenemos que&nbsp; esforzarnos por hacer las obras buenas que \u00e9l hizo mientras viv\u00eda con sus paisanos. Y hemos de reservar un tiempo para pasarlo con &Eacute;l, estar juntos un ratito m\u00e1s.<\/font><\/p>\n<p align=\"left\"><font face=\"Verdana\" size=\"2\">&Eacute;l se encuentra de manera especial en los sacramentos y en el templo. All\u00ed fue donde lo encontraron Mar\u00eda Y Jos\u00e9.<\/font><\/p>\n<p align=\"left\"><font face=\"Verdana\" size=\"2\">Todav\u00eda nos quedan algunos d\u00eda para preparar su visita y tras recibirlo vivir conscientes de que &laquo;Dios est\u00e1 con nosotros&raquo;.<\/font><\/p>\n<p align=\"left\"><font face=\"Verdana\" size=\"2\">&iquest;Cu\u00e1nto tiempo reservas para estar con &Eacute;l?<\/font><\/p>\n<p align=\"left\">&iexcl;Feliz Navidad! Andr\u00e9s Gonz\u00e1lez, Director<\/p>\n<p><\/font><\/font><\/p>\n","protected":false},"excerpt":{"rendered":"<p>Durante el Adviento nos preparamos para recibir a nuestro Dios que hecho hombre&nbsp; habita entre nosotros. Puede que alguno no sepa c\u00f3mo preparar esta venida, porque piense que hay que hacer algo extraordinario y novedoso. Y no, no es as\u00ed. La preparaci\u00f3n es sencilla e importante. Nuestra relaci\u00f3n con Dios tiene que parecerse mucho a [&hellip;]<\/p>\n","protected":false},"author":1,"featured_media":5817,"comment_status":"open","ping_status":"open","sticky":false,"template":"","format":"standard","meta":{"_et_pb_use_builder":"","_et_pb_old_content":"","_et_gb_content_width":"","footnotes":""},"categories":[9],"tags":[],"class_list":["post-5816","post","type-post","status-publish","format-standard","has-post-thumbnail","hentry","category-antigua-web"],"yoast_head":"<!-- This site is optimized with the Yoast SEO plugin v28.3 - https:\/\/yoast.com\/product\/yoast-seo-wordpress\/ -->\n<title>Ya se acerca el Salvador - Colegio Salesiano San Francisco de Sales<\/title>\n<meta name=\"robots\" content=\"index, follow, max-snippet:-1, max-image-preview:large, max-video-preview:-1\" \/>\n<link rel=\"canonical\" href=\"https:\/\/cordoba.salesianos.edu\/colegio\/blog\/2008\/12\/16\/ya-se-acerca-el-salvador\/\" \/>\n<meta property=\"og:locale\" content=\"es_ES\" \/>\n<meta property=\"og:type\" content=\"article\" \/>\n<meta property=\"og:title\" content=\"Ya se acerca el Salvador - Colegio Salesiano San Francisco de Sales\" \/>\n<meta property=\"og:description\" content=\"Durante el Adviento nos preparamos para recibir a nuestro Dios que hecho hombre&nbsp; habita entre nosotros. Puede que alguno no sepa c\u00f3mo preparar esta venida, porque piense que hay que hacer algo extraordinario y novedoso. Y no, no es as\u00ed. La preparaci\u00f3n es sencilla e importante. Nuestra relaci\u00f3n con Dios tiene que parecerse mucho a [&hellip;]\" \/>\n<meta property=\"og:url\" content=\"https:\/\/cordoba.salesianos.edu\/colegio\/blog\/2008\/12\/16\/ya-se-acerca-el-salvador\/\" \/>\n<meta property=\"og:site_name\" content=\"Colegio Salesiano San Francisco de Sales\" \/>\n<meta property=\"article:published_time\" content=\"2008-12-16T00:00:00+00:00\" \/>\n<meta name=\"author\" content=\"admin\" \/>\n<meta name=\"twitter:card\" content=\"summary_large_image\" \/>\n<meta name=\"twitter:label1\" content=\"Escrito por\" \/>\n\t<meta name=\"twitter:data1\" content=\"admin\" \/>\n\t<meta name=\"twitter:label2\" content=\"Tiempo de lectura\" \/>\n\t<meta name=\"twitter:data2\" content=\"2 minutos\" \/>\n<script type=\"application\/ld+json\" class=\"yoast-schema-graph\">{\"@context\":\"https:\\\/\\\/schema.org\",\"@graph\":[{\"@type\":\"Article\",\"@id\":\"https:\\\/\\\/cordoba.salesianos.edu\\\/colegio\\\/blog\\\/2008\\\/12\\\/16\\\/ya-se-acerca-el-salvador\\\/#article\",\"isPartOf\":{\"@id\":\"https:\\\/\\\/cordoba.salesianos.edu\\\/colegio\\\/blog\\\/2008\\\/12\\\/16\\\/ya-se-acerca-el-salvador\\\/\"},\"author\":{\"name\":\"admin\",\"@id\":\"https:\\\/\\\/cordoba.salesianos.edu\\\/colegio\\\/#\\\/schema\\\/person\\\/009789cba19db1ee4bbceccb5fbabfd2\"},\"headline\":\"Ya se acerca el Salvador\",\"datePublished\":\"2008-12-16T00:00:00+00:00\",\"mainEntityOfPage\":{\"@id\":\"https:\\\/\\\/cordoba.salesianos.edu\\\/colegio\\\/blog\\\/2008\\\/12\\\/16\\\/ya-se-acerca-el-salvador\\\/\"},\"wordCount\":338,\"commentCount\":0,\"image\":{\"@id\":\"https:\\\/\\\/cordoba.salesianos.edu\\\/colegio\\\/blog\\\/2008\\\/12\\\/16\\\/ya-se-acerca-el-salvador\\\/#primaryimage\"},\"thumbnailUrl\":\"https:\\\/\\\/cordoba.salesianos.edu\\\/colegio\\\/wp-content\\\/uploads\\\/sites\\\/2\\\/https:\\\/\\\/www.salesianos-cordoba.net\\\/Archivos\\\/Galerias\\\/Mis_Galerias\\\/Navidad\\\/feliz-navidad.jpg\",\"articleSection\":[\"Antigua Web\"],\"inLanguage\":\"es\",\"potentialAction\":[{\"@type\":\"CommentAction\",\"name\":\"Comment\",\"target\":[\"https:\\\/\\\/cordoba.salesianos.edu\\\/colegio\\\/blog\\\/2008\\\/12\\\/16\\\/ya-se-acerca-el-salvador\\\/#respond\"]}]},{\"@type\":\"WebPage\",\"@id\":\"https:\\\/\\\/cordoba.salesianos.edu\\\/colegio\\\/blog\\\/2008\\\/12\\\/16\\\/ya-se-acerca-el-salvador\\\/\",\"url\":\"https:\\\/\\\/cordoba.salesianos.edu\\\/colegio\\\/blog\\\/2008\\\/12\\\/16\\\/ya-se-acerca-el-salvador\\\/\",\"name\":\"Ya se acerca el Salvador - Colegio Salesiano San Francisco de Sales\",\"isPartOf\":{\"@id\":\"https:\\\/\\\/cordoba.salesianos.edu\\\/colegio\\\/#website\"},\"primaryImageOfPage\":{\"@id\":\"https:\\\/\\\/cordoba.salesianos.edu\\\/colegio\\\/blog\\\/2008\\\/12\\\/16\\\/ya-se-acerca-el-salvador\\\/#primaryimage\"},\"image\":{\"@id\":\"https:\\\/\\\/cordoba.salesianos.edu\\\/colegio\\\/blog\\\/2008\\\/12\\\/16\\\/ya-se-acerca-el-salvador\\\/#primaryimage\"},\"thumbnailUrl\":\"https:\\\/\\\/cordoba.salesianos.edu\\\/colegio\\\/wp-content\\\/uploads\\\/sites\\\/2\\\/https:\\\/\\\/www.salesianos-cordoba.net\\\/Archivos\\\/Galerias\\\/Mis_Galerias\\\/Navidad\\\/feliz-navidad.jpg\",\"datePublished\":\"2008-12-16T00:00:00+00:00\",\"author\":{\"@id\":\"https:\\\/\\\/cordoba.salesianos.edu\\\/colegio\\\/#\\\/schema\\\/person\\\/009789cba19db1ee4bbceccb5fbabfd2\"},\"breadcrumb\":{\"@id\":\"https:\\\/\\\/cordoba.salesianos.edu\\\/colegio\\\/blog\\\/2008\\\/12\\\/16\\\/ya-se-acerca-el-salvador\\\/#breadcrumb\"},\"inLanguage\":\"es\",\"potentialAction\":[{\"@type\":\"ReadAction\",\"target\":[\"https:\\\/\\\/cordoba.salesianos.edu\\\/colegio\\\/blog\\\/2008\\\/12\\\/16\\\/ya-se-acerca-el-salvador\\\/\"]}]},{\"@type\":\"ImageObject\",\"inLanguage\":\"es\",\"@id\":\"https:\\\/\\\/cordoba.salesianos.edu\\\/colegio\\\/blog\\\/2008\\\/12\\\/16\\\/ya-se-acerca-el-salvador\\\/#primaryimage\",\"url\":\"https:\\\/\\\/cordoba.salesianos.edu\\\/colegio\\\/wp-content\\\/uploads\\\/sites\\\/2\\\/https:\\\/\\\/www.salesianos-cordoba.net\\\/Archivos\\\/Galerias\\\/Mis_Galerias\\\/Navidad\\\/feliz-navidad.jpg\",\"contentUrl\":\"https:\\\/\\\/cordoba.salesianos.edu\\\/colegio\\\/wp-content\\\/uploads\\\/sites\\\/2\\\/https:\\\/\\\/www.salesianos-cordoba.net\\\/Archivos\\\/Galerias\\\/Mis_Galerias\\\/Navidad\\\/feliz-navidad.jpg\"},{\"@type\":\"BreadcrumbList\",\"@id\":\"https:\\\/\\\/cordoba.salesianos.edu\\\/colegio\\\/blog\\\/2008\\\/12\\\/16\\\/ya-se-acerca-el-salvador\\\/#breadcrumb\",\"itemListElement\":[{\"@type\":\"ListItem\",\"position\":1,\"name\":\"Portada\",\"item\":\"https:\\\/\\\/cordoba.salesianos.edu\\\/colegio\\\/\"},{\"@type\":\"ListItem\",\"position\":2,\"name\":\"Ya se acerca el Salvador\"}]},{\"@type\":\"WebSite\",\"@id\":\"https:\\\/\\\/cordoba.salesianos.edu\\\/colegio\\\/#website\",\"url\":\"https:\\\/\\\/cordoba.salesianos.edu\\\/colegio\\\/\",\"name\":\"Colegio Salesiano San Francisco de Sales\",\"description\":\"P\u00e1gina oficial Salesianos C\u00f3rdoba\",\"potentialAction\":[{\"@type\":\"SearchAction\",\"target\":{\"@type\":\"EntryPoint\",\"urlTemplate\":\"https:\\\/\\\/cordoba.salesianos.edu\\\/colegio\\\/?s={search_term_string}\"},\"query-input\":{\"@type\":\"PropertyValueSpecification\",\"valueRequired\":true,\"valueName\":\"search_term_string\"}}],\"inLanguage\":\"es\"},{\"@type\":\"Person\",\"@id\":\"https:\\\/\\\/cordoba.salesianos.edu\\\/colegio\\\/#\\\/schema\\\/person\\\/009789cba19db1ee4bbceccb5fbabfd2\",\"name\":\"admin\",\"image\":{\"@type\":\"ImageObject\",\"inLanguage\":\"es\",\"@id\":\"https:\\\/\\\/secure.gravatar.com\\\/avatar\\\/7cabc6eb04cc9e1c0d94c7a5a470633983687566b575c68041627f56eb39184e?s=96&d=mm&r=g\",\"url\":\"https:\\\/\\\/secure.gravatar.com\\\/avatar\\\/7cabc6eb04cc9e1c0d94c7a5a470633983687566b575c68041627f56eb39184e?s=96&d=mm&r=g\",\"contentUrl\":\"https:\\\/\\\/secure.gravatar.com\\\/avatar\\\/7cabc6eb04cc9e1c0d94c7a5a470633983687566b575c68041627f56eb39184e?s=96&d=mm&r=g\",\"caption\":\"admin\"}}]}<\/script>\n<!-- \/ Yoast SEO plugin. -->","yoast_head_json":{"title":"Ya se acerca el Salvador - Colegio Salesiano San Francisco de Sales","robots":{"index":"index","follow":"follow","max-snippet":"max-snippet:-1","max-image-preview":"max-image-preview:large","max-video-preview":"max-video-preview:-1"},"canonical":"https:\/\/cordoba.salesianos.edu\/colegio\/blog\/2008\/12\/16\/ya-se-acerca-el-salvador\/","og_locale":"es_ES","og_type":"article","og_title":"Ya se acerca el Salvador - Colegio Salesiano San Francisco de Sales","og_description":"Durante el Adviento nos preparamos para recibir a nuestro Dios que hecho hombre&nbsp; habita entre nosotros. Puede que alguno no sepa c\u00f3mo preparar esta venida, porque piense que hay que hacer algo extraordinario y novedoso. Y no, no es as\u00ed. La preparaci\u00f3n es sencilla e importante. Nuestra relaci\u00f3n con Dios tiene que parecerse mucho a [&hellip;]","og_url":"https:\/\/cordoba.salesianos.edu\/colegio\/blog\/2008\/12\/16\/ya-se-acerca-el-salvador\/","og_site_name":"Colegio Salesiano San Francisco de Sales","article_published_time":"2008-12-16T00:00:00+00:00","author":"admin","twitter_card":"summary_large_image","twitter_misc":{"Escrito por":"admin","Tiempo de lectura":"2 minutos"},"schema":{"@context":"https:\/\/schema.org","@graph":[{"@type":"Article","@id":"https:\/\/cordoba.salesianos.edu\/colegio\/blog\/2008\/12\/16\/ya-se-acerca-el-salvador\/#article","isPartOf":{"@id":"https:\/\/cordoba.salesianos.edu\/colegio\/blog\/2008\/12\/16\/ya-se-acerca-el-salvador\/"},"author":{"name":"admin","@id":"https:\/\/cordoba.salesianos.edu\/colegio\/#\/schema\/person\/009789cba19db1ee4bbceccb5fbabfd2"},"headline":"Ya se acerca el Salvador","datePublished":"2008-12-16T00:00:00+00:00","mainEntityOfPage":{"@id":"https:\/\/cordoba.salesianos.edu\/colegio\/blog\/2008\/12\/16\/ya-se-acerca-el-salvador\/"},"wordCount":338,"commentCount":0,"image":{"@id":"https:\/\/cordoba.salesianos.edu\/colegio\/blog\/2008\/12\/16\/ya-se-acerca-el-salvador\/#primaryimage"},"thumbnailUrl":"https:\/\/cordoba.salesianos.edu\/colegio\/wp-content\/uploads\/sites\/2\/https:\/\/www.salesianos-cordoba.net\/Archivos\/Galerias\/Mis_Galerias\/Navidad\/feliz-navidad.jpg","articleSection":["Antigua Web"],"inLanguage":"es","potentialAction":[{"@type":"CommentAction","name":"Comment","target":["https:\/\/cordoba.salesianos.edu\/colegio\/blog\/2008\/12\/16\/ya-se-acerca-el-salvador\/#respond"]}]},{"@type":"WebPage","@id":"https:\/\/cordoba.salesianos.edu\/colegio\/blog\/2008\/12\/16\/ya-se-acerca-el-salvador\/","url":"https:\/\/cordoba.salesianos.edu\/colegio\/blog\/2008\/12\/16\/ya-se-acerca-el-salvador\/","name":"Ya se acerca el Salvador - Colegio Salesiano San Francisco de Sales","isPartOf":{"@id":"https:\/\/cordoba.salesianos.edu\/colegio\/#website"},"primaryImageOfPage":{"@id":"https:\/\/cordoba.salesianos.edu\/colegio\/blog\/2008\/12\/16\/ya-se-acerca-el-salvador\/#primaryimage"},"image":{"@id":"https:\/\/cordoba.salesianos.edu\/colegio\/blog\/2008\/12\/16\/ya-se-acerca-el-salvador\/#primaryimage"},"thumbnailUrl":"https:\/\/cordoba.salesianos.edu\/colegio\/wp-content\/uploads\/sites\/2\/https:\/\/www.salesianos-cordoba.net\/Archivos\/Galerias\/Mis_Galerias\/Navidad\/feliz-navidad.jpg","datePublished":"2008-12-16T00:00:00+00:00","author":{"@id":"https:\/\/cordoba.salesianos.edu\/colegio\/#\/schema\/person\/009789cba19db1ee4bbceccb5fbabfd2"},"breadcrumb":{"@id":"https:\/\/cordoba.salesianos.edu\/colegio\/blog\/2008\/12\/16\/ya-se-acerca-el-salvador\/#breadcrumb"},"inLanguage":"es","potentialAction":[{"@type":"ReadAction","target":["https:\/\/cordoba.salesianos.edu\/colegio\/blog\/2008\/12\/16\/ya-se-acerca-el-salvador\/"]}]},{"@type":"ImageObject","inLanguage":"es","@id":"https:\/\/cordoba.salesianos.edu\/colegio\/blog\/2008\/12\/16\/ya-se-acerca-el-salvador\/#primaryimage","url":"https:\/\/cordoba.salesianos.edu\/colegio\/wp-content\/uploads\/sites\/2\/https:\/\/www.salesianos-cordoba.net\/Archivos\/Galerias\/Mis_Galerias\/Navidad\/feliz-navidad.jpg","contentUrl":"https:\/\/cordoba.salesianos.edu\/colegio\/wp-content\/uploads\/sites\/2\/https:\/\/www.salesianos-cordoba.net\/Archivos\/Galerias\/Mis_Galerias\/Navidad\/feliz-navidad.jpg"},{"@type":"BreadcrumbList","@id":"https:\/\/cordoba.salesianos.edu\/colegio\/blog\/2008\/12\/16\/ya-se-acerca-el-salvador\/#breadcrumb","itemListElement":[{"@type":"ListItem","position":1,"name":"Portada","item":"https:\/\/cordoba.salesianos.edu\/colegio\/"},{"@type":"ListItem","position":2,"name":"Ya se acerca el Salvador"}]},{"@type":"WebSite","@id":"https:\/\/cordoba.salesianos.edu\/colegio\/#website","url":"https:\/\/cordoba.salesianos.edu\/colegio\/","name":"Colegio Salesiano San Francisco de Sales","description":"P\u00e1gina oficial Salesianos C\u00f3rdoba","potentialAction":[{"@type":"SearchAction","target":{"@type":"EntryPoint","urlTemplate":"https:\/\/cordoba.salesianos.edu\/colegio\/?s={search_term_string}"},"query-input":{"@type":"PropertyValueSpecification","valueRequired":true,"valueName":"search_term_string"}}],"inLanguage":"es"},{"@type":"Person","@id":"https:\/\/cordoba.salesianos.edu\/colegio\/#\/schema\/person\/009789cba19db1ee4bbceccb5fbabfd2","name":"admin","image":{"@type":"ImageObject","inLanguage":"es","@id":"https:\/\/secure.gravatar.com\/avatar\/7cabc6eb04cc9e1c0d94c7a5a470633983687566b575c68041627f56eb39184e?s=96&d=mm&r=g","url":"https:\/\/secure.gravatar.com\/avatar\/7cabc6eb04cc9e1c0d94c7a5a470633983687566b575c68041627f56eb39184e?s=96&d=mm&r=g","contentUrl":"https:\/\/secure.gravatar.com\/avatar\/7cabc6eb04cc9e1c0d94c7a5a470633983687566b575c68041627f56eb39184e?s=96&d=mm&r=g","caption":"admin"}}]}},"_links":{"self":[{"href":"https:\/\/cordoba.salesianos.edu\/colegio\/wp-json\/wp\/v2\/posts\/5816","targetHints":{"allow":["GET"]}}],"collection":[{"href":"https:\/\/cordoba.salesianos.edu\/colegio\/wp-json\/wp\/v2\/posts"}],"about":[{"href":"https:\/\/cordoba.salesianos.edu\/colegio\/wp-json\/wp\/v2\/types\/post"}],"author":[{"embeddable":true,"href":"https:\/\/cordoba.salesianos.edu\/colegio\/wp-json\/wp\/v2\/users\/1"}],"replies":[{"embeddable":true,"href":"https:\/\/cordoba.salesianos.edu\/colegio\/wp-json\/wp\/v2\/comments?post=5816"}],"version-history":[{"count":0,"href":"https:\/\/cordoba.salesianos.edu\/colegio\/wp-json\/wp\/v2\/posts\/5816\/revisions"}],"wp:featuredmedia":[{"embeddable":true,"href":"https:\/\/cordoba.salesianos.edu\/colegio\/wp-json\/wp\/v2\/media\/5817"}],"wp:attachment":[{"href":"https:\/\/cordoba.salesianos.edu\/colegio\/wp-json\/wp\/v2\/media?parent=5816"}],"wp:term":[{"taxonomy":"category","embeddable":true,"href":"https:\/\/cordoba.salesianos.edu\/colegio\/wp-json\/wp\/v2\/categories?post=5816"},{"taxonomy":"post_tag","embeddable":true,"href":"https:\/\/cordoba.salesianos.edu\/colegio\/wp-json\/wp\/v2\/tags?post=5816"}],"curies":[{"name":"wp","href":"https:\/\/api.w.org\/{rel}","templated":true}]}}