{"id":5782,"date":"2008-06-16T00:00:00","date_gmt":"2008-06-16T00:00:00","guid":{"rendered":"https:\/\/cordoba.salesianos.edu\/?p=5782"},"modified":"2008-06-16T00:00:00","modified_gmt":"2008-06-16T00:00:00","slug":"asamblea-y-convivencia-final-de-curso-de-hogares-d-bosco","status":"publish","type":"post","link":"https:\/\/cordoba.salesianos.edu\/colegio\/blog\/2008\/06\/16\/asamblea-y-convivencia-final-de-curso-de-hogares-d-bosco\/","title":{"rendered":"Asamblea y convivencia final de curso de Hogares D Bosco"},"content":{"rendered":"<p class=\"MsoPlainText\" style=\"MARGIN: 0cm 0cm 0pt; TEXT-ALIGN: justify\"><span style=\"FONT-SIZE: 12pt; FONT-FAMILY: &quot;Times New Roman&quot;\"><font face=\"Verdana\"><font size=\"2\">&nbsp;&nbsp;&nbsp;&nbsp;&nbsp; El domingo 15 de junio del presente a\u00f1o las familias de Hogares Don Bosco de C\u00f3rdoba se reunieron para celebrar <st1:personname w:st=\"on\" productid=\"la Asamblea\">la Asamblea<\/st1:personname> final de curso y Convivencia. En <st1:personname w:st=\"on\" productid=\"la Asamblea\">la Asamblea<\/st1:personname> despu\u00e9s de recordar las actividades realizadas, entre ellas el Encuentro Anual de Matrimonios, el curso de Matrimonios Animadores Espirituales, <st1:personname w:st=\"on\" productid=\"la Catequesis\">la Catequesis<\/st1:personname> para padres de 1&ordf; Comuni\u00f3n y los Cursillos Prematrimoniales, se habl\u00f3 de la importancia de la familia en la educaci\u00f3n a los ni\u00f1os y j\u00f3venes. Se inform\u00f3 de los actos en los que HDB ha participado en <st1:personname w:st=\"on\" productid=\"la Bendici?n\">la Bendici\u00f3n<\/st1:personname> y Coronaci\u00f3n de <st1:personname w:st=\"on\" productid=\"la Imagen\">la Imagen<\/st1:personname> de M&ordf; Auxiliadora. Se renov\u00f3 <st1:personname w:st=\"on\" productid=\"la Comisi?n Local\">la Comisi\u00f3n Local<\/st1:personname> y a continuaci\u00f3n tuvo lugar <st1:personname w:st=\"on\" productid=\"la Celebraci?n Eucar&#65517;stica\">la Celebraci\u00f3n Eucar\u00edstica<\/st1:personname><span style=\"mso-spacerun: yes\">&nbsp; <\/span>en el Santuario de M&ordf; Auxiliadora y posterior comida y convivencia. Pudimos comprobar que el <span style=\"mso-spacerun: yes\">&nbsp;<\/span>Movimiento Familiar<span style=\"mso-spacerun: yes\">&nbsp; <\/span>de HDB no s\u00f3lo crece en n\u00famero sino tambi\u00e9n en espiritualidad y comuni\u00f3n entre sus miembros. Que Dios siga ayud\u00e1ndonos en este camino con alegr\u00eda y que M&ordf; Auxiliadora nos guarde.<o:p><\/o:p><\/font><\/font><\/span><\/p>\n<p class=\"MsoPlainText\" style=\"MARGIN: 0cm 0cm 0pt; TEXT-ALIGN: justify\"><span style=\"FONT-SIZE: 12pt; FONT-FAMILY: &quot;Times New Roman&quot;\"><o:p><font face=\"Verdana\" size=\"2\">&nbsp;<\/font><\/o:p><\/span><\/p>\n","protected":false},"excerpt":{"rendered":"<p>&nbsp;&nbsp;&nbsp;&nbsp;&nbsp; El domingo 15 de junio del presente a\u00f1o las familias de Hogares Don Bosco de C\u00f3rdoba se reunieron para celebrar la Asamblea final de curso y Convivencia. En la Asamblea despu\u00e9s de recordar las actividades realizadas, entre ellas el Encuentro Anual de Matrimonios, el curso de Matrimonios Animadores Espirituales, la Catequesis para padres de [&hellip;]<\/p>\n","protected":false},"author":1,"featured_media":5783,"comment_status":"open","ping_status":"open","sticky":false,"template":"","format":"standard","meta":{"_et_pb_use_builder":"","_et_pb_old_content":"","_et_gb_content_width":"","footnotes":""},"categories":[9],"tags":[],"class_list":["post-5782","post","type-post","status-publish","format-standard","has-post-thumbnail","hentry","category-antigua-web"],"yoast_head":"<!-- This site is optimized with the Yoast SEO plugin v27.4 - https:\/\/yoast.com\/product\/yoast-seo-wordpress\/ -->\n<title>Asamblea y convivencia final de curso de Hogares D Bosco - Colegio Salesiano San Francisco de Sales<\/title>\n<meta name=\"robots\" content=\"index, follow, max-snippet:-1, max-image-preview:large, max-video-preview:-1\" \/>\n<link rel=\"canonical\" href=\"https:\/\/cordoba.salesianos.edu\/colegio\/blog\/2008\/06\/16\/asamblea-y-convivencia-final-de-curso-de-hogares-d-bosco\/\" \/>\n<meta property=\"og:locale\" content=\"es_ES\" \/>\n<meta property=\"og:type\" content=\"article\" \/>\n<meta property=\"og:title\" content=\"Asamblea y convivencia final de curso de Hogares D Bosco - Colegio Salesiano San Francisco de Sales\" \/>\n<meta property=\"og:description\" content=\"&nbsp;&nbsp;&nbsp;&nbsp;&nbsp; El domingo 15 de junio del presente a\u00f1o las familias de Hogares Don Bosco de C\u00f3rdoba se reunieron para celebrar la Asamblea final de curso y Convivencia. En la Asamblea despu\u00e9s de recordar las actividades realizadas, entre ellas el Encuentro Anual de Matrimonios, el curso de Matrimonios Animadores Espirituales, la Catequesis para padres de [&hellip;]\" \/>\n<meta property=\"og:url\" content=\"https:\/\/cordoba.salesianos.edu\/colegio\/blog\/2008\/06\/16\/asamblea-y-convivencia-final-de-curso-de-hogares-d-bosco\/\" \/>\n<meta property=\"og:site_name\" content=\"Colegio Salesiano San Francisco de Sales\" \/>\n<meta property=\"article:published_time\" content=\"2008-06-16T00:00:00+00:00\" \/>\n<meta name=\"author\" content=\"admin\" \/>\n<meta name=\"twitter:card\" content=\"summary_large_image\" \/>\n<meta name=\"twitter:label1\" content=\"Escrito por\" \/>\n\t<meta name=\"twitter:data1\" content=\"admin\" \/>\n\t<meta name=\"twitter:label2\" content=\"Tiempo de lectura\" \/>\n\t<meta name=\"twitter:data2\" content=\"1 minuto\" \/>\n<script type=\"application\/ld+json\" class=\"yoast-schema-graph\">{\"@context\":\"https:\\\/\\\/schema.org\",\"@graph\":[{\"@type\":\"Article\",\"@id\":\"https:\\\/\\\/cordoba.salesianos.edu\\\/colegio\\\/blog\\\/2008\\\/06\\\/16\\\/asamblea-y-convivencia-final-de-curso-de-hogares-d-bosco\\\/#article\",\"isPartOf\":{\"@id\":\"https:\\\/\\\/cordoba.salesianos.edu\\\/colegio\\\/blog\\\/2008\\\/06\\\/16\\\/asamblea-y-convivencia-final-de-curso-de-hogares-d-bosco\\\/\"},\"author\":{\"name\":\"admin\",\"@id\":\"https:\\\/\\\/cordoba.salesianos.edu\\\/colegio\\\/#\\\/schema\\\/person\\\/009789cba19db1ee4bbceccb5fbabfd2\"},\"headline\":\"Asamblea y convivencia final de curso de Hogares D Bosco\",\"datePublished\":\"2008-06-16T00:00:00+00:00\",\"mainEntityOfPage\":{\"@id\":\"https:\\\/\\\/cordoba.salesianos.edu\\\/colegio\\\/blog\\\/2008\\\/06\\\/16\\\/asamblea-y-convivencia-final-de-curso-de-hogares-d-bosco\\\/\"},\"wordCount\":199,\"commentCount\":0,\"image\":{\"@id\":\"https:\\\/\\\/cordoba.salesianos.edu\\\/colegio\\\/blog\\\/2008\\\/06\\\/16\\\/asamblea-y-convivencia-final-de-curso-de-hogares-d-bosco\\\/#primaryimage\"},\"thumbnailUrl\":\"https:\\\/\\\/cordoba.salesianos.edu\\\/colegio\\\/wp-content\\\/uploads\\\/sites\\\/2\\\/https:\\\/\\\/www.salesianos-cordoba.net\\\/Archivos\\\/Galerias\\\/Mis_Galerias\\\/FAMILIA SALESIANA\\\/hogares asam.jpg\",\"articleSection\":[\"Antigua Web\"],\"inLanguage\":\"es\",\"potentialAction\":[{\"@type\":\"CommentAction\",\"name\":\"Comment\",\"target\":[\"https:\\\/\\\/cordoba.salesianos.edu\\\/colegio\\\/blog\\\/2008\\\/06\\\/16\\\/asamblea-y-convivencia-final-de-curso-de-hogares-d-bosco\\\/#respond\"]}]},{\"@type\":\"WebPage\",\"@id\":\"https:\\\/\\\/cordoba.salesianos.edu\\\/colegio\\\/blog\\\/2008\\\/06\\\/16\\\/asamblea-y-convivencia-final-de-curso-de-hogares-d-bosco\\\/\",\"url\":\"https:\\\/\\\/cordoba.salesianos.edu\\\/colegio\\\/blog\\\/2008\\\/06\\\/16\\\/asamblea-y-convivencia-final-de-curso-de-hogares-d-bosco\\\/\",\"name\":\"Asamblea y convivencia final de curso de Hogares D Bosco - Colegio Salesiano San Francisco de Sales\",\"isPartOf\":{\"@id\":\"https:\\\/\\\/cordoba.salesianos.edu\\\/colegio\\\/#website\"},\"primaryImageOfPage\":{\"@id\":\"https:\\\/\\\/cordoba.salesianos.edu\\\/colegio\\\/blog\\\/2008\\\/06\\\/16\\\/asamblea-y-convivencia-final-de-curso-de-hogares-d-bosco\\\/#primaryimage\"},\"image\":{\"@id\":\"https:\\\/\\\/cordoba.salesianos.edu\\\/colegio\\\/blog\\\/2008\\\/06\\\/16\\\/asamblea-y-convivencia-final-de-curso-de-hogares-d-bosco\\\/#primaryimage\"},\"thumbnailUrl\":\"https:\\\/\\\/cordoba.salesianos.edu\\\/colegio\\\/wp-content\\\/uploads\\\/sites\\\/2\\\/https:\\\/\\\/www.salesianos-cordoba.net\\\/Archivos\\\/Galerias\\\/Mis_Galerias\\\/FAMILIA SALESIANA\\\/hogares asam.jpg\",\"datePublished\":\"2008-06-16T00:00:00+00:00\",\"author\":{\"@id\":\"https:\\\/\\\/cordoba.salesianos.edu\\\/colegio\\\/#\\\/schema\\\/person\\\/009789cba19db1ee4bbceccb5fbabfd2\"},\"breadcrumb\":{\"@id\":\"https:\\\/\\\/cordoba.salesianos.edu\\\/colegio\\\/blog\\\/2008\\\/06\\\/16\\\/asamblea-y-convivencia-final-de-curso-de-hogares-d-bosco\\\/#breadcrumb\"},\"inLanguage\":\"es\",\"potentialAction\":[{\"@type\":\"ReadAction\",\"target\":[\"https:\\\/\\\/cordoba.salesianos.edu\\\/colegio\\\/blog\\\/2008\\\/06\\\/16\\\/asamblea-y-convivencia-final-de-curso-de-hogares-d-bosco\\\/\"]}]},{\"@type\":\"ImageObject\",\"inLanguage\":\"es\",\"@id\":\"https:\\\/\\\/cordoba.salesianos.edu\\\/colegio\\\/blog\\\/2008\\\/06\\\/16\\\/asamblea-y-convivencia-final-de-curso-de-hogares-d-bosco\\\/#primaryimage\",\"url\":\"https:\\\/\\\/cordoba.salesianos.edu\\\/colegio\\\/wp-content\\\/uploads\\\/sites\\\/2\\\/https:\\\/\\\/www.salesianos-cordoba.net\\\/Archivos\\\/Galerias\\\/Mis_Galerias\\\/FAMILIA SALESIANA\\\/hogares asam.jpg\",\"contentUrl\":\"https:\\\/\\\/cordoba.salesianos.edu\\\/colegio\\\/wp-content\\\/uploads\\\/sites\\\/2\\\/https:\\\/\\\/www.salesianos-cordoba.net\\\/Archivos\\\/Galerias\\\/Mis_Galerias\\\/FAMILIA SALESIANA\\\/hogares asam.jpg\"},{\"@type\":\"BreadcrumbList\",\"@id\":\"https:\\\/\\\/cordoba.salesianos.edu\\\/colegio\\\/blog\\\/2008\\\/06\\\/16\\\/asamblea-y-convivencia-final-de-curso-de-hogares-d-bosco\\\/#breadcrumb\",\"itemListElement\":[{\"@type\":\"ListItem\",\"position\":1,\"name\":\"Portada\",\"item\":\"https:\\\/\\\/cordoba.salesianos.edu\\\/colegio\\\/\"},{\"@type\":\"ListItem\",\"position\":2,\"name\":\"Asamblea y convivencia final de curso de Hogares D Bosco\"}]},{\"@type\":\"WebSite\",\"@id\":\"https:\\\/\\\/cordoba.salesianos.edu\\\/colegio\\\/#website\",\"url\":\"https:\\\/\\\/cordoba.salesianos.edu\\\/colegio\\\/\",\"name\":\"Colegio Salesiano San Francisco de Sales\",\"description\":\"P\u00e1gina oficial Salesianos C\u00f3rdoba\",\"potentialAction\":[{\"@type\":\"SearchAction\",\"target\":{\"@type\":\"EntryPoint\",\"urlTemplate\":\"https:\\\/\\\/cordoba.salesianos.edu\\\/colegio\\\/?s={search_term_string}\"},\"query-input\":{\"@type\":\"PropertyValueSpecification\",\"valueRequired\":true,\"valueName\":\"search_term_string\"}}],\"inLanguage\":\"es\"},{\"@type\":\"Person\",\"@id\":\"https:\\\/\\\/cordoba.salesianos.edu\\\/colegio\\\/#\\\/schema\\\/person\\\/009789cba19db1ee4bbceccb5fbabfd2\",\"name\":\"admin\",\"image\":{\"@type\":\"ImageObject\",\"inLanguage\":\"es\",\"@id\":\"https:\\\/\\\/secure.gravatar.com\\\/avatar\\\/7cabc6eb04cc9e1c0d94c7a5a470633983687566b575c68041627f56eb39184e?s=96&d=mm&r=g\",\"url\":\"https:\\\/\\\/secure.gravatar.com\\\/avatar\\\/7cabc6eb04cc9e1c0d94c7a5a470633983687566b575c68041627f56eb39184e?s=96&d=mm&r=g\",\"contentUrl\":\"https:\\\/\\\/secure.gravatar.com\\\/avatar\\\/7cabc6eb04cc9e1c0d94c7a5a470633983687566b575c68041627f56eb39184e?s=96&d=mm&r=g\",\"caption\":\"admin\"}}]}<\/script>\n<!-- \/ Yoast SEO plugin. -->","yoast_head_json":{"title":"Asamblea y convivencia final de curso de Hogares D Bosco - Colegio Salesiano San Francisco de Sales","robots":{"index":"index","follow":"follow","max-snippet":"max-snippet:-1","max-image-preview":"max-image-preview:large","max-video-preview":"max-video-preview:-1"},"canonical":"https:\/\/cordoba.salesianos.edu\/colegio\/blog\/2008\/06\/16\/asamblea-y-convivencia-final-de-curso-de-hogares-d-bosco\/","og_locale":"es_ES","og_type":"article","og_title":"Asamblea y convivencia final de curso de Hogares D Bosco - Colegio Salesiano San Francisco de Sales","og_description":"&nbsp;&nbsp;&nbsp;&nbsp;&nbsp; El domingo 15 de junio del presente a\u00f1o las familias de Hogares Don Bosco de C\u00f3rdoba se reunieron para celebrar la Asamblea final de curso y Convivencia. En la Asamblea despu\u00e9s de recordar las actividades realizadas, entre ellas el Encuentro Anual de Matrimonios, el curso de Matrimonios Animadores Espirituales, la Catequesis para padres de [&hellip;]","og_url":"https:\/\/cordoba.salesianos.edu\/colegio\/blog\/2008\/06\/16\/asamblea-y-convivencia-final-de-curso-de-hogares-d-bosco\/","og_site_name":"Colegio Salesiano San Francisco de Sales","article_published_time":"2008-06-16T00:00:00+00:00","author":"admin","twitter_card":"summary_large_image","twitter_misc":{"Escrito por":"admin","Tiempo de lectura":"1 minuto"},"schema":{"@context":"https:\/\/schema.org","@graph":[{"@type":"Article","@id":"https:\/\/cordoba.salesianos.edu\/colegio\/blog\/2008\/06\/16\/asamblea-y-convivencia-final-de-curso-de-hogares-d-bosco\/#article","isPartOf":{"@id":"https:\/\/cordoba.salesianos.edu\/colegio\/blog\/2008\/06\/16\/asamblea-y-convivencia-final-de-curso-de-hogares-d-bosco\/"},"author":{"name":"admin","@id":"https:\/\/cordoba.salesianos.edu\/colegio\/#\/schema\/person\/009789cba19db1ee4bbceccb5fbabfd2"},"headline":"Asamblea y convivencia final de curso de Hogares D Bosco","datePublished":"2008-06-16T00:00:00+00:00","mainEntityOfPage":{"@id":"https:\/\/cordoba.salesianos.edu\/colegio\/blog\/2008\/06\/16\/asamblea-y-convivencia-final-de-curso-de-hogares-d-bosco\/"},"wordCount":199,"commentCount":0,"image":{"@id":"https:\/\/cordoba.salesianos.edu\/colegio\/blog\/2008\/06\/16\/asamblea-y-convivencia-final-de-curso-de-hogares-d-bosco\/#primaryimage"},"thumbnailUrl":"https:\/\/cordoba.salesianos.edu\/colegio\/wp-content\/uploads\/sites\/2\/https:\/\/www.salesianos-cordoba.net\/Archivos\/Galerias\/Mis_Galerias\/FAMILIA SALESIANA\/hogares asam.jpg","articleSection":["Antigua Web"],"inLanguage":"es","potentialAction":[{"@type":"CommentAction","name":"Comment","target":["https:\/\/cordoba.salesianos.edu\/colegio\/blog\/2008\/06\/16\/asamblea-y-convivencia-final-de-curso-de-hogares-d-bosco\/#respond"]}]},{"@type":"WebPage","@id":"https:\/\/cordoba.salesianos.edu\/colegio\/blog\/2008\/06\/16\/asamblea-y-convivencia-final-de-curso-de-hogares-d-bosco\/","url":"https:\/\/cordoba.salesianos.edu\/colegio\/blog\/2008\/06\/16\/asamblea-y-convivencia-final-de-curso-de-hogares-d-bosco\/","name":"Asamblea y convivencia final de curso de Hogares D Bosco - Colegio Salesiano San Francisco de Sales","isPartOf":{"@id":"https:\/\/cordoba.salesianos.edu\/colegio\/#website"},"primaryImageOfPage":{"@id":"https:\/\/cordoba.salesianos.edu\/colegio\/blog\/2008\/06\/16\/asamblea-y-convivencia-final-de-curso-de-hogares-d-bosco\/#primaryimage"},"image":{"@id":"https:\/\/cordoba.salesianos.edu\/colegio\/blog\/2008\/06\/16\/asamblea-y-convivencia-final-de-curso-de-hogares-d-bosco\/#primaryimage"},"thumbnailUrl":"https:\/\/cordoba.salesianos.edu\/colegio\/wp-content\/uploads\/sites\/2\/https:\/\/www.salesianos-cordoba.net\/Archivos\/Galerias\/Mis_Galerias\/FAMILIA SALESIANA\/hogares asam.jpg","datePublished":"2008-06-16T00:00:00+00:00","author":{"@id":"https:\/\/cordoba.salesianos.edu\/colegio\/#\/schema\/person\/009789cba19db1ee4bbceccb5fbabfd2"},"breadcrumb":{"@id":"https:\/\/cordoba.salesianos.edu\/colegio\/blog\/2008\/06\/16\/asamblea-y-convivencia-final-de-curso-de-hogares-d-bosco\/#breadcrumb"},"inLanguage":"es","potentialAction":[{"@type":"ReadAction","target":["https:\/\/cordoba.salesianos.edu\/colegio\/blog\/2008\/06\/16\/asamblea-y-convivencia-final-de-curso-de-hogares-d-bosco\/"]}]},{"@type":"ImageObject","inLanguage":"es","@id":"https:\/\/cordoba.salesianos.edu\/colegio\/blog\/2008\/06\/16\/asamblea-y-convivencia-final-de-curso-de-hogares-d-bosco\/#primaryimage","url":"https:\/\/cordoba.salesianos.edu\/colegio\/wp-content\/uploads\/sites\/2\/https:\/\/www.salesianos-cordoba.net\/Archivos\/Galerias\/Mis_Galerias\/FAMILIA SALESIANA\/hogares asam.jpg","contentUrl":"https:\/\/cordoba.salesianos.edu\/colegio\/wp-content\/uploads\/sites\/2\/https:\/\/www.salesianos-cordoba.net\/Archivos\/Galerias\/Mis_Galerias\/FAMILIA SALESIANA\/hogares asam.jpg"},{"@type":"BreadcrumbList","@id":"https:\/\/cordoba.salesianos.edu\/colegio\/blog\/2008\/06\/16\/asamblea-y-convivencia-final-de-curso-de-hogares-d-bosco\/#breadcrumb","itemListElement":[{"@type":"ListItem","position":1,"name":"Portada","item":"https:\/\/cordoba.salesianos.edu\/colegio\/"},{"@type":"ListItem","position":2,"name":"Asamblea y convivencia final de curso de Hogares D Bosco"}]},{"@type":"WebSite","@id":"https:\/\/cordoba.salesianos.edu\/colegio\/#website","url":"https:\/\/cordoba.salesianos.edu\/colegio\/","name":"Colegio Salesiano San Francisco de Sales","description":"P\u00e1gina oficial Salesianos C\u00f3rdoba","potentialAction":[{"@type":"SearchAction","target":{"@type":"EntryPoint","urlTemplate":"https:\/\/cordoba.salesianos.edu\/colegio\/?s={search_term_string}"},"query-input":{"@type":"PropertyValueSpecification","valueRequired":true,"valueName":"search_term_string"}}],"inLanguage":"es"},{"@type":"Person","@id":"https:\/\/cordoba.salesianos.edu\/colegio\/#\/schema\/person\/009789cba19db1ee4bbceccb5fbabfd2","name":"admin","image":{"@type":"ImageObject","inLanguage":"es","@id":"https:\/\/secure.gravatar.com\/avatar\/7cabc6eb04cc9e1c0d94c7a5a470633983687566b575c68041627f56eb39184e?s=96&d=mm&r=g","url":"https:\/\/secure.gravatar.com\/avatar\/7cabc6eb04cc9e1c0d94c7a5a470633983687566b575c68041627f56eb39184e?s=96&d=mm&r=g","contentUrl":"https:\/\/secure.gravatar.com\/avatar\/7cabc6eb04cc9e1c0d94c7a5a470633983687566b575c68041627f56eb39184e?s=96&d=mm&r=g","caption":"admin"}}]}},"_links":{"self":[{"href":"https:\/\/cordoba.salesianos.edu\/colegio\/wp-json\/wp\/v2\/posts\/5782","targetHints":{"allow":["GET"]}}],"collection":[{"href":"https:\/\/cordoba.salesianos.edu\/colegio\/wp-json\/wp\/v2\/posts"}],"about":[{"href":"https:\/\/cordoba.salesianos.edu\/colegio\/wp-json\/wp\/v2\/types\/post"}],"author":[{"embeddable":true,"href":"https:\/\/cordoba.salesianos.edu\/colegio\/wp-json\/wp\/v2\/users\/1"}],"replies":[{"embeddable":true,"href":"https:\/\/cordoba.salesianos.edu\/colegio\/wp-json\/wp\/v2\/comments?post=5782"}],"version-history":[{"count":0,"href":"https:\/\/cordoba.salesianos.edu\/colegio\/wp-json\/wp\/v2\/posts\/5782\/revisions"}],"wp:featuredmedia":[{"embeddable":true,"href":"https:\/\/cordoba.salesianos.edu\/colegio\/wp-json\/wp\/v2\/media\/5783"}],"wp:attachment":[{"href":"https:\/\/cordoba.salesianos.edu\/colegio\/wp-json\/wp\/v2\/media?parent=5782"}],"wp:term":[{"taxonomy":"category","embeddable":true,"href":"https:\/\/cordoba.salesianos.edu\/colegio\/wp-json\/wp\/v2\/categories?post=5782"},{"taxonomy":"post_tag","embeddable":true,"href":"https:\/\/cordoba.salesianos.edu\/colegio\/wp-json\/wp\/v2\/tags?post=5782"}],"curies":[{"name":"wp","href":"https:\/\/api.w.org\/{rel}","templated":true}]}}