{"id":4851,"date":"2020-10-12T14:03:53","date_gmt":"2020-10-12T12:03:53","guid":{"rendered":"https:\/\/cordoba.salesianos.edu\/colegio\/?p=4851"},"modified":"2020-10-12T14:07:52","modified_gmt":"2020-10-12T12:07:52","slug":"admisiones","status":"publish","type":"post","link":"https:\/\/cordoba.salesianos.edu\/colegio\/blog\/2020\/10\/12\/admisiones\/","title":{"rendered":"Admisiones"},"content":{"rendered":"<p>[et_pb_section fb_built=\u00bb1&#8243; fullwidth=\u00bbon\u00bb disabled_on=\u00bbon|off|off\u00bb _builder_version=\u00bb4.4.1&#8243; background_color=\u00bbrgba(255,255,255,0)\u00bb background_image=\u00bbhttps:\/\/cordoba.salesianos.edu\/colegio\/wp-content\/uploads\/sites\/2\/2020\/10\/Fondo-Jornadas-de-Puertas-Abiertas-2020-min-scaled-1.jpg\u00bb parallax=\u00bbon\u00bb box_shadow_style=\u00bbpreset3&#8243;][et_pb_fullwidth_header title=\u00bbAdmisiones de alumnado | Jornadas de Puertas Abiertas | Informaci\u00f3n para nuevas familias\u00bb text_orientation=\u00bbcenter\u00bb header_fullscreen=\u00bbon\u00bb header_scroll_down=\u00bbon\u00bb scroll_down_icon=\u00bb%%1%%\u00bb scroll_down_icon_color=\u00bb#c11b1b\u00bb background_overlay_color=\u00bbrgba(255,255,255,0.79)\u00bb logo_image_url=\u00bbhttps:\/\/cordoba.salesianos.edu\/colegio\/wp-content\/uploads\/sites\/2\/2020\/10\/admisiones_portadaV2.png\u00bb content_max_width=\u00bb59%\u00bb content_max_width_tablet=\u00bb\u00bb content_max_width_phone=\u00bb100%\u00bb content_max_width_last_edited=\u00bbon|desktop\u00bb _builder_version=\u00bb4.4.1&#8243; title_font=\u00bb||||||||\u00bb title_font_size=\u00bb0px\u00bb content_font=\u00bb||||||||\u00bb background_enable_color=\u00bboff\u00bb background_enable_image=\u00bboff\u00bb parallax=\u00bbon\u00bb parallax_method=\u00bbon\u00bb custom_button_one=\u00bbon\u00bb button_one_text_color=\u00bb#d11d1d\u00bb button_one_border_width=\u00bb2px\u00bb button_one_border_radius=\u00bb9px\u00bb button_one_font=\u00bb|300|||||||\u00bb button_one_icon=\u00bb%%30%%\u00bb background_layout=\u00bblight\u00bb module_alignment=\u00bbcenter\u00bb custom_margin=\u00bb|||\u00bb custom_padding=\u00bb|||\u00bb scroll_fade=\u00bb9|43|43|92|0|100|100&#8243; scroll_scaling=\u00bb0|50|50|100|70|100|100%\u00bb button_one_text_size__hover_enabled=\u00bboff\u00bb button_two_text_size__hover_enabled=\u00bboff\u00bb button_one_text_color__hover_enabled=\u00bboff\u00bb button_two_text_color__hover_enabled=\u00bboff\u00bb button_one_border_width__hover_enabled=\u00bboff\u00bb button_two_border_width__hover_enabled=\u00bboff\u00bb button_one_border_color__hover_enabled=\u00bboff\u00bb button_two_border_color__hover_enabled=\u00bboff\u00bb button_one_border_radius__hover_enabled=\u00bboff\u00bb button_two_border_radius__hover_enabled=\u00bboff\u00bb button_one_letter_spacing__hover_enabled=\u00bboff\u00bb button_two_letter_spacing__hover_enabled=\u00bboff\u00bb button_one_bg_color__hover_enabled=\u00bboff\u00bb button_two_bg_color__hover_enabled=\u00bboff\u00bb background_overlay_color__hover_enabled=\u00bboff|desktop\u00bb background_overlay_color__hover=\u00bbrgba(255,255,255,0.5)\u00bb][\/et_pb_fullwidth_header][\/et_pb_section][et_pb_section fb_built=\u00bb1&#8243; fullwidth=\u00bbon\u00bb disabled_on=\u00bboff|on|on\u00bb _builder_version=\u00bb4.0.6&#8243; box_shadow_style=\u00bbpreset3&#8243;][et_pb_fullwidth_header title=\u00bbAdmisiones de alumnado | Jornadas de Puertas Abiertas | Informaci\u00f3n para nuevas familias\u00bb text_orientation=\u00bbcenter\u00bb header_scroll_down=\u00bbon\u00bb scroll_down_icon=\u00bb%%1%%\u00bb scroll_down_icon_color=\u00bb#c11b1b\u00bb background_overlay_color=\u00bbrgba(255,255,255,0.79)\u00bb logo_image_url=\u00bbhttps:\/\/cordoba.salesianos.edu\/colegio\/wp-content\/uploads\/sites\/2\/2020\/10\/admisiones_portadaV2.png\u00bb content_max_width=\u00bb59%\u00bb content_max_width_tablet=\u00bb\u00bb content_max_width_phone=\u00bb100%\u00bb content_max_width_last_edited=\u00bbon|desktop\u00bb _builder_version=\u00bb4.4.1&#8243; title_font=\u00bb||||||||\u00bb title_font_size=\u00bb0px\u00bb content_font=\u00bb||||||||\u00bb background_color=\u00bbrgba(255,255,255,0)\u00bb background_image=\u00bbhttps:\/\/cordoba.salesianos.edu\/colegio\/wp-content\/uploads\/sites\/2\/2020\/10\/Fondo-Jornadas-de-Puertas-Abiertas-2020-min-scaled-1.jpg\u00bb parallax=\u00bbon\u00bb parallax_method=\u00bbon\u00bb custom_button_one=\u00bbon\u00bb button_one_text_color=\u00bb#d11d1d\u00bb button_one_border_width=\u00bb2px\u00bb button_one_border_radius=\u00bb9px\u00bb button_one_font=\u00bb|300|||||||\u00bb button_one_icon=\u00bb%%30%%\u00bb background_layout=\u00bblight\u00bb module_alignment=\u00bbcenter\u00bb custom_margin=\u00bb|||\u00bb custom_padding=\u00bb|||\u00bb button_one_text_size__hover_enabled=\u00bboff\u00bb button_two_text_size__hover_enabled=\u00bboff\u00bb button_one_text_color__hover_enabled=\u00bboff\u00bb button_two_text_color__hover_enabled=\u00bboff\u00bb button_one_border_width__hover_enabled=\u00bboff\u00bb button_two_border_width__hover_enabled=\u00bboff\u00bb button_one_border_color__hover_enabled=\u00bboff\u00bb button_two_border_color__hover_enabled=\u00bboff\u00bb button_one_border_radius__hover_enabled=\u00bboff\u00bb button_two_border_radius__hover_enabled=\u00bboff\u00bb button_one_letter_spacing__hover_enabled=\u00bboff\u00bb button_two_letter_spacing__hover_enabled=\u00bboff\u00bb button_one_bg_color__hover_enabled=\u00bboff\u00bb button_two_bg_color__hover_enabled=\u00bboff\u00bb background_overlay_color__hover_enabled=\u00bboff|desktop\u00bb background_overlay_color__hover=\u00bbrgba(255,255,255,0.5)\u00bb][\/et_pb_fullwidth_header][\/et_pb_section][et_pb_section fb_built=\u00bb1&#8243; custom_padding_last_edited=\u00bbon|phone\u00bb next_background_color=\u00bb#dc001b\u00bb disabled_on=\u00bbon|on|on\u00bb _builder_version=\u00bb3.29.3&#8243; background_color=\u00bb#dc001b\u00bb background_image=\u00bbhttps:\/\/cordoba.salesianos.edu\/colegio\/wp-content\/uploads\/sites\/2\/2020\/10\/fondo_novedades_web.png\u00bb custom_padding=\u00bb36px|0px|122px|0px|false|false\u00bb custom_padding_tablet=\u00bb||140px\u00bb custom_padding_phone=\u00bb\u00bb bottom_divider_style=\u00bbslant2&#8243; disabled=\u00bbon\u00bb][et_pb_row column_structure=\u00bb1_2,1_2&#8243; _builder_version=\u00bb3.25&#8243; custom_padding=\u00bb0px|0px|0px|0px\u00bb][et_pb_column type=\u00bb1_2&#8243; _builder_version=\u00bb3.25&#8243; custom_padding=\u00bb|||\u00bb custom_padding__hover=\u00bb|||\u00bb][et_pb_text _builder_version=\u00bb4.4.4&#8243; text_font=\u00bb|800|||||||\u00bb text_text_color=\u00bb#e02b20&#8243; text_font_size=\u00bb29px\u00bb header_font=\u00bb||||||||\u00bb header_2_font=\u00bbLato|900|||||||\u00bb header_2_font_size=\u00bb34px\u00bb background_layout=\u00bbdark\u00bb custom_margin=\u00bb|||\u00bb custom_padding=\u00bb|||\u00bb]<\/p>\n<h2>ADMISIONES <em><strong>2020\/21<\/strong><\/em><\/h2>\n<p>[\/et_pb_text][et_pb_text _builder_version=\u00bb4.4.4&#8243; text_font=\u00bb||||||||\u00bb text_font_size=\u00bb17px\u00bb text_line_height=\u00bb1.3em\u00bb background_layout=\u00bbdark\u00bb custom_margin=\u00bb||0px|\u00bb custom_padding=\u00bb|||\u00bb]<\/p>\n<p>Desde aqu\u00ed podr\u00e1s acceder a todas las <strong>novedades<\/strong> sobre el\u00a0<strong>proceso de admisi\u00f3n<\/strong>\u00a0para el curso 2020\/2021, y si sigues bajando conocer\u00e1s m\u00e1s cosas sobre nuestro centro.<\/p>\n<p>[\/et_pb_text][et_pb_button button_url=\u00bbhttps:\/\/alicante.salesianos.edu\/colegio\/admisiones\/#preguntasfrecuentes\u00bb button_text=\u00bbPreguntas frecuentes\u00bb _builder_version=\u00bb3.16.1&#8243; custom_button=\u00bbon\u00bb button_text_color=\u00bb#d81e1e\u00bb button_bg_color=\u00bb#ffffff\u00bb button_border_width=\u00bb0px\u00bb button_font=\u00bb||||||||\u00bb button_icon=\u00bb%%84%%\u00bb button_icon_placement=\u00bbleft\u00bb button_on_hover=\u00bboff\u00bb transform_styles_last_edited=\u00bboff|desktop\u00bb button_text_color_hover=\u00bb#565656&#8243; button_bg_color_hover=\u00bb#ffffff\u00bb button_text_size__hover_enabled=\u00bboff\u00bb button_one_text_size__hover_enabled=\u00bboff\u00bb button_two_text_size__hover_enabled=\u00bboff\u00bb button_text_color__hover_enabled=\u00bbon\u00bb button_text_color__hover=\u00bb#565656&#8243; button_one_text_color__hover_enabled=\u00bboff\u00bb button_two_text_color__hover_enabled=\u00bboff\u00bb button_border_width__hover_enabled=\u00bboff\u00bb button_one_border_width__hover_enabled=\u00bboff\u00bb button_two_border_width__hover_enabled=\u00bboff\u00bb button_border_color__hover_enabled=\u00bboff\u00bb button_one_border_color__hover_enabled=\u00bboff\u00bb button_two_border_color__hover_enabled=\u00bboff\u00bb button_border_radius__hover_enabled=\u00bboff\u00bb button_one_border_radius__hover_enabled=\u00bboff\u00bb button_two_border_radius__hover_enabled=\u00bboff\u00bb button_letter_spacing__hover_enabled=\u00bboff\u00bb button_one_letter_spacing__hover_enabled=\u00bboff\u00bb button_two_letter_spacing__hover_enabled=\u00bboff\u00bb button_bg_color__hover_enabled=\u00bbon\u00bb button_bg_color__hover=\u00bb#ffffff\u00bb button_one_bg_color__hover_enabled=\u00bboff\u00bb button_two_bg_color__hover_enabled=\u00bboff\u00bb transform_styles__hover_enabled=\u00bbon|hover\u00bb transform_scale__hover=\u00bb106%|106%\u00bb transform_scale__hover_enabled=\u00bbon|hover\u00bb transform_translate__hover_enabled=\u00bbon|desktop\u00bb transform_rotate__hover_enabled=\u00bbon|desktop\u00bb transform_skew__hover_enabled=\u00bbon|desktop\u00bb transform_origin__hover_enabled=\u00bbon|desktop\u00bb][\/et_pb_button][\/et_pb_column][et_pb_column type=\u00bb1_2&#8243; _builder_version=\u00bb3.25&#8243; custom_padding=\u00bb|||\u00bb custom_padding__hover=\u00bb|||\u00bb][et_pb_button button_url=\u00bbhttps:\/\/alicante.salesianos.edu\/colegio\/preguntas-frecuentes\/cuando-empieza-el-proceso-de-admisiones-para-nuevo-alumnado\/\u00bb button_text=\u00bbCalendario de admisiones 2019&#8243; _builder_version=\u00bb3.27.4&#8243; custom_button=\u00bbon\u00bb button_text_color=\u00bb#d81e1e\u00bb button_bg_color=\u00bb#ffffff\u00bb button_border_width=\u00bb0px\u00bb button_font=\u00bb||||||||\u00bb button_icon=\u00bb%%128%%\u00bb button_icon_placement=\u00bbleft\u00bb button_on_hover=\u00bboff\u00bb transform_scale_last_edited=\u00bboff|desktop\u00bb transform_translate_last_edited=\u00bboff|desktop\u00bb transform_rotate_last_edited=\u00bboff|desktop\u00bb transform_skew_last_edited=\u00bboff|desktop\u00bb transform_origin_last_edited=\u00bboff|desktop\u00bb transform_styles_last_edited=\u00bboff|desktop\u00bb button_text_color_hover=\u00bb#565656&#8243; button_bg_color_hover=\u00bb#ffffff\u00bb button_text_size__hover_enabled=\u00bboff\u00bb button_one_text_size__hover_enabled=\u00bboff\u00bb button_two_text_size__hover_enabled=\u00bboff\u00bb button_text_color__hover_enabled=\u00bbon\u00bb button_text_color__hover=\u00bb#565656&#8243; button_one_text_color__hover_enabled=\u00bboff\u00bb button_two_text_color__hover_enabled=\u00bboff\u00bb button_border_width__hover_enabled=\u00bboff\u00bb button_one_border_width__hover_enabled=\u00bboff\u00bb button_two_border_width__hover_enabled=\u00bboff\u00bb button_border_color__hover_enabled=\u00bboff\u00bb button_one_border_color__hover_enabled=\u00bboff\u00bb button_two_border_color__hover_enabled=\u00bboff\u00bb button_border_radius__hover_enabled=\u00bboff\u00bb button_one_border_radius__hover_enabled=\u00bboff\u00bb button_two_border_radius__hover_enabled=\u00bboff\u00bb button_letter_spacing__hover_enabled=\u00bboff\u00bb button_one_letter_spacing__hover_enabled=\u00bboff\u00bb button_two_letter_spacing__hover_enabled=\u00bboff\u00bb button_bg_color__hover_enabled=\u00bbon\u00bb button_bg_color__hover=\u00bb#ffffff\u00bb button_one_bg_color__hover_enabled=\u00bboff\u00bb button_two_bg_color__hover_enabled=\u00bboff\u00bb transform_styles__hover_enabled=\u00bbon|hover\u00bb transform_scale__hover_enabled=\u00bbon|hover\u00bb transform_translate__hover_enabled=\u00bbon|desktop\u00bb transform_rotate__hover_enabled=\u00bbon|desktop\u00bb transform_skew__hover_enabled=\u00bbon|desktop\u00bb transform_origin__hover_enabled=\u00bbon|desktop\u00bb transform_scale__hover=\u00bb106%|106%\u00bb][\/et_pb_button][et_pb_button button_url=\u00bbhttps:\/\/alicante.salesianos.edu\/colegio\/preguntas-frecuentes\/criterios-de-baremacion\/\u00bb button_text=\u00bbCriterios de baremaci\u00f3n 2019&#8243; _builder_version=\u00bb3.21.1&#8243; custom_button=\u00bbon\u00bb button_text_color=\u00bb#d81e1e\u00bb button_bg_color=\u00bb#ffffff\u00bb button_border_width=\u00bb0px\u00bb button_font=\u00bb||||||||\u00bb button_icon=\u00bb%%67%%\u00bb button_icon_placement=\u00bbleft\u00bb button_on_hover=\u00bboff\u00bb transform_styles_last_edited=\u00bboff|desktop\u00bb button_text_color_hover=\u00bb#565656&#8243; button_bg_color_hover=\u00bb#ffffff\u00bb button_text_size__hover_enabled=\u00bboff\u00bb button_one_text_size__hover_enabled=\u00bboff\u00bb button_two_text_size__hover_enabled=\u00bboff\u00bb button_text_color__hover_enabled=\u00bbon\u00bb button_text_color__hover=\u00bb#565656&#8243; button_one_text_color__hover_enabled=\u00bboff\u00bb button_two_text_color__hover_enabled=\u00bboff\u00bb button_border_width__hover_enabled=\u00bboff\u00bb button_one_border_width__hover_enabled=\u00bboff\u00bb button_two_border_width__hover_enabled=\u00bboff\u00bb button_border_color__hover_enabled=\u00bboff\u00bb button_one_border_color__hover_enabled=\u00bboff\u00bb button_two_border_color__hover_enabled=\u00bboff\u00bb button_border_radius__hover_enabled=\u00bboff\u00bb button_one_border_radius__hover_enabled=\u00bboff\u00bb button_two_border_radius__hover_enabled=\u00bboff\u00bb button_letter_spacing__hover_enabled=\u00bboff\u00bb button_one_letter_spacing__hover_enabled=\u00bboff\u00bb button_two_letter_spacing__hover_enabled=\u00bboff\u00bb button_bg_color__hover_enabled=\u00bbon\u00bb button_bg_color__hover=\u00bb#ffffff\u00bb button_one_bg_color__hover_enabled=\u00bboff\u00bb button_two_bg_color__hover_enabled=\u00bboff\u00bb transform_styles__hover_enabled=\u00bbon|hover\u00bb transform_scale__hover=\u00bb106%|106%\u00bb transform_scale__hover_enabled=\u00bbon|hover\u00bb transform_translate__hover_enabled=\u00bbon|desktop\u00bb transform_rotate__hover_enabled=\u00bbon|desktop\u00bb transform_skew__hover_enabled=\u00bbon|desktop\u00bb transform_origin__hover_enabled=\u00bbon|desktop\u00bb][\/et_pb_button][et_pb_button button_url=\u00bbhttps:\/\/alicante.salesianos.edu\/colegio\/preguntas-frecuentes\/que-documentacion-necesito-para-la-solicitud-de-admision-y-donde-la-entrego\/\u00bb button_text=\u00bbDocumentaci\u00f3n 2019&#8243; _builder_version=\u00bb3.21.1&#8243; custom_button=\u00bbon\u00bb button_text_color=\u00bb#d81e1e\u00bb button_bg_color=\u00bb#ffffff\u00bb button_border_width=\u00bb0px\u00bb button_font=\u00bb||||||||\u00bb button_icon=\u00bb%%72%%\u00bb button_icon_placement=\u00bbleft\u00bb button_on_hover=\u00bboff\u00bb transform_styles_last_edited=\u00bboff|desktop\u00bb button_text_color_hover=\u00bb#565656&#8243; button_bg_color_hover=\u00bb#ffffff\u00bb button_text_size__hover_enabled=\u00bboff\u00bb button_one_text_size__hover_enabled=\u00bboff\u00bb button_two_text_size__hover_enabled=\u00bboff\u00bb button_text_color__hover_enabled=\u00bbon\u00bb button_text_color__hover=\u00bb#565656&#8243; button_one_text_color__hover_enabled=\u00bboff\u00bb button_two_text_color__hover_enabled=\u00bboff\u00bb button_border_width__hover_enabled=\u00bboff\u00bb button_one_border_width__hover_enabled=\u00bboff\u00bb button_two_border_width__hover_enabled=\u00bboff\u00bb button_border_color__hover_enabled=\u00bboff\u00bb button_one_border_color__hover_enabled=\u00bboff\u00bb button_two_border_color__hover_enabled=\u00bboff\u00bb button_border_radius__hover_enabled=\u00bboff\u00bb button_one_border_radius__hover_enabled=\u00bboff\u00bb button_two_border_radius__hover_enabled=\u00bboff\u00bb button_letter_spacing__hover_enabled=\u00bboff\u00bb button_one_letter_spacing__hover_enabled=\u00bboff\u00bb button_two_letter_spacing__hover_enabled=\u00bboff\u00bb button_bg_color__hover_enabled=\u00bbon\u00bb button_bg_color__hover=\u00bb#ffffff\u00bb button_one_bg_color__hover_enabled=\u00bboff\u00bb button_two_bg_color__hover_enabled=\u00bboff\u00bb transform_styles__hover_enabled=\u00bbon|hover\u00bb transform_scale__hover=\u00bb106%|106%\u00bb transform_scale__hover_enabled=\u00bbon|hover\u00bb transform_translate__hover_enabled=\u00bbon|desktop\u00bb transform_rotate__hover_enabled=\u00bbon|desktop\u00bb transform_skew__hover_enabled=\u00bbon|desktop\u00bb transform_origin__hover_enabled=\u00bbon|desktop\u00bb][\/et_pb_button][et_pb_button button_url=\u00bbhttps:\/\/alicante.salesianos.edu\/colegio\/preguntas-frecuentes\/zonas-de-escolarizacion\/\u00bb button_text=\u00bb\u00c1reas de influencia 2019&#8243; _builder_version=\u00bb3.21.1&#8243; custom_button=\u00bbon\u00bb button_text_color=\u00bb#d81e1e\u00bb button_bg_color=\u00bb#ffffff\u00bb button_border_width=\u00bb0px\u00bb button_font=\u00bb||||||||\u00bb button_icon=\u00bb%%122%%\u00bb button_icon_placement=\u00bbleft\u00bb button_on_hover=\u00bboff\u00bb transform_styles_last_edited=\u00bboff|desktop\u00bb button_text_color_hover=\u00bb#565656&#8243; button_bg_color_hover=\u00bb#ffffff\u00bb button_text_size__hover_enabled=\u00bboff\u00bb button_one_text_size__hover_enabled=\u00bboff\u00bb button_two_text_size__hover_enabled=\u00bboff\u00bb button_text_color__hover_enabled=\u00bbon\u00bb button_text_color__hover=\u00bb#565656&#8243; button_one_text_color__hover_enabled=\u00bboff\u00bb button_two_text_color__hover_enabled=\u00bboff\u00bb button_border_width__hover_enabled=\u00bboff\u00bb button_one_border_width__hover_enabled=\u00bboff\u00bb button_two_border_width__hover_enabled=\u00bboff\u00bb button_border_color__hover_enabled=\u00bboff\u00bb button_one_border_color__hover_enabled=\u00bboff\u00bb button_two_border_color__hover_enabled=\u00bboff\u00bb button_border_radius__hover_enabled=\u00bboff\u00bb button_one_border_radius__hover_enabled=\u00bboff\u00bb button_two_border_radius__hover_enabled=\u00bboff\u00bb button_letter_spacing__hover_enabled=\u00bboff\u00bb button_one_letter_spacing__hover_enabled=\u00bboff\u00bb button_two_letter_spacing__hover_enabled=\u00bboff\u00bb button_bg_color__hover_enabled=\u00bbon\u00bb button_bg_color__hover=\u00bb#ffffff\u00bb button_one_bg_color__hover_enabled=\u00bboff\u00bb button_two_bg_color__hover_enabled=\u00bboff\u00bb transform_styles__hover_enabled=\u00bbon|hover\u00bb transform_scale__hover=\u00bb106%|106%\u00bb transform_scale__hover_enabled=\u00bbon|hover\u00bb transform_translate__hover_enabled=\u00bbon|desktop\u00bb transform_rotate__hover_enabled=\u00bbon|desktop\u00bb transform_skew__hover_enabled=\u00bbon|desktop\u00bb transform_origin__hover_enabled=\u00bbon|desktop\u00bb][\/et_pb_button][et_pb_button button_url=\u00bbhttps:\/\/appweb1.edu.gva.es\/CiudadanosWeb\/public\/vacantesinicio.do?metodo=generarInicio\u00bb button_text=\u00bbVacantes 2019&#8243; _builder_version=\u00bb3.22.4&#8243; custom_button=\u00bbon\u00bb button_text_color=\u00bb#d81e1e\u00bb button_bg_color=\u00bb#ffffff\u00bb button_border_width=\u00bb0px\u00bb button_font=\u00bb||||||||\u00bb button_icon=\u00bb%%259%%\u00bb button_icon_placement=\u00bbleft\u00bb button_on_hover=\u00bboff\u00bb transform_styles_last_edited=\u00bboff|desktop\u00bb button_text_color_hover=\u00bb#565656&#8243; button_bg_color_hover=\u00bb#ffffff\u00bb button_text_size__hover_enabled=\u00bboff\u00bb button_one_text_size__hover_enabled=\u00bboff\u00bb button_two_text_size__hover_enabled=\u00bboff\u00bb button_text_color__hover_enabled=\u00bbon\u00bb button_text_color__hover=\u00bb#565656&#8243; button_one_text_color__hover_enabled=\u00bboff\u00bb button_two_text_color__hover_enabled=\u00bboff\u00bb button_border_width__hover_enabled=\u00bboff\u00bb button_one_border_width__hover_enabled=\u00bboff\u00bb button_two_border_width__hover_enabled=\u00bboff\u00bb button_border_color__hover_enabled=\u00bboff\u00bb button_one_border_color__hover_enabled=\u00bboff\u00bb button_two_border_color__hover_enabled=\u00bboff\u00bb button_border_radius__hover_enabled=\u00bboff\u00bb button_one_border_radius__hover_enabled=\u00bboff\u00bb button_two_border_radius__hover_enabled=\u00bboff\u00bb button_letter_spacing__hover_enabled=\u00bboff\u00bb button_one_letter_spacing__hover_enabled=\u00bboff\u00bb button_two_letter_spacing__hover_enabled=\u00bboff\u00bb button_bg_color__hover_enabled=\u00bbon\u00bb button_bg_color__hover=\u00bb#ffffff\u00bb button_one_bg_color__hover_enabled=\u00bboff\u00bb button_two_bg_color__hover_enabled=\u00bboff\u00bb transform_styles__hover_enabled=\u00bbon|hover\u00bb transform_scale__hover=\u00bb106%|106%\u00bb transform_scale__hover_enabled=\u00bbon|hover\u00bb transform_translate__hover_enabled=\u00bbon|desktop\u00bb transform_rotate__hover_enabled=\u00bbon|desktop\u00bb transform_skew__hover_enabled=\u00bbon|desktop\u00bb transform_origin__hover_enabled=\u00bbon|desktop\u00bb][\/et_pb_button][et_pb_button button_url=\u00bbhttps:\/\/alicante.salesianos.edu\/colegio\/administracion\/\u00bb button_text=\u00bbHorario especial de admisiones\u00bb _builder_version=\u00bb3.22.4&#8243; custom_button=\u00bbon\u00bb button_text_color=\u00bb#d81e1e\u00bb button_bg_color=\u00bb#ffffff\u00bb button_border_width=\u00bb0px\u00bb button_font=\u00bb||||||||\u00bb button_icon=\u00bb%%92%%\u00bb button_icon_placement=\u00bbleft\u00bb button_on_hover=\u00bboff\u00bb transform_styles_last_edited=\u00bboff|desktop\u00bb button_text_color_hover=\u00bb#565656&#8243; button_bg_color_hover=\u00bb#ffffff\u00bb button_text_size__hover_enabled=\u00bboff\u00bb button_one_text_size__hover_enabled=\u00bboff\u00bb button_two_text_size__hover_enabled=\u00bboff\u00bb button_text_color__hover_enabled=\u00bbon\u00bb button_text_color__hover=\u00bb#565656&#8243; button_one_text_color__hover_enabled=\u00bboff\u00bb button_two_text_color__hover_enabled=\u00bboff\u00bb button_border_width__hover_enabled=\u00bboff\u00bb button_one_border_width__hover_enabled=\u00bboff\u00bb button_two_border_width__hover_enabled=\u00bboff\u00bb button_border_color__hover_enabled=\u00bboff\u00bb button_one_border_color__hover_enabled=\u00bboff\u00bb button_two_border_color__hover_enabled=\u00bboff\u00bb button_border_radius__hover_enabled=\u00bboff\u00bb button_one_border_radius__hover_enabled=\u00bboff\u00bb button_two_border_radius__hover_enabled=\u00bboff\u00bb button_letter_spacing__hover_enabled=\u00bboff\u00bb button_one_letter_spacing__hover_enabled=\u00bboff\u00bb button_two_letter_spacing__hover_enabled=\u00bboff\u00bb button_bg_color__hover_enabled=\u00bbon\u00bb button_bg_color__hover=\u00bb#ffffff\u00bb button_one_bg_color__hover_enabled=\u00bboff\u00bb button_two_bg_color__hover_enabled=\u00bboff\u00bb transform_styles__hover_enabled=\u00bbon|hover\u00bb transform_scale__hover=\u00bb106%|106%\u00bb transform_scale__hover_enabled=\u00bbon|hover\u00bb transform_translate__hover_enabled=\u00bbon|desktop\u00bb transform_rotate__hover_enabled=\u00bbon|desktop\u00bb transform_skew__hover_enabled=\u00bbon|desktop\u00bb transform_origin__hover_enabled=\u00bbon|desktop\u00bb][\/et_pb_button][\/et_pb_column][\/et_pb_row][\/et_pb_section][et_pb_section fb_built=\u00bb1&#8243; next_background_color=\u00bb#dc001b\u00bb disabled_on=\u00bbon|on|on\u00bb _builder_version=\u00bb4.0.6&#8243; background_color=\u00bb#dc001b\u00bb background_image=\u00bbhttps:\/\/cordoba.salesianos.edu\/colegio\/wp-content\/uploads\/sites\/2\/2020\/10\/fondo_novedades_web.png\u00bb custom_padding=\u00bb50px|0px|120px|0px|false|false\u00bb bottom_divider_style=\u00bbslant2&#8243; disabled=\u00bbon\u00bb][et_pb_row column_structure=\u00bb1_2,1_2&#8243; _builder_version=\u00bb3.25&#8243; custom_padding=\u00bb0px|0px|0px|0px\u00bb][et_pb_column type=\u00bb1_2&#8243; _builder_version=\u00bb3.25&#8243; custom_padding=\u00bb|||\u00bb custom_padding__hover=\u00bb|||\u00bb][et_pb_image src=\u00bbhttps:\/\/cordoba.salesianos.edu\/colegio\/wp-content\/uploads\/sites\/2\/2020\/10\/admisiones_titulojopa.png\u00bb align_tablet=\u00bbcenter\u00bb align_phone=\u00bb\u00bb align_last_edited=\u00bbon|desktop\u00bb _builder_version=\u00bb3.23&#8243;][\/et_pb_image][et_pb_text _builder_version=\u00bb3.29.3&#8243; text_font=\u00bb||||||||\u00bb text_font_size=\u00bb17px\u00bb text_line_height=\u00bb1.3em\u00bb background_layout=\u00bbdark\u00bb custom_margin=\u00bb||0px|\u00bb custom_padding=\u00bb|||\u00bb]<\/p>\n<p>A <strong>principios del 2020<\/strong> publicaremos toda la informacion con respecto a nuestras Jornadas de Puertas Abiertas, las cuales suelen celebrarse <strong>alrededor del mes de MARZO<\/strong>.<\/p>\n<p>[\/et_pb_text][\/et_pb_column][et_pb_column type=\u00bb1_2&#8243; _builder_version=\u00bb3.25&#8243; custom_padding=\u00bb|||50px\u00bb custom_padding_tablet=\u00bb|||0px\u00bb custom_padding_phone=\u00bb|||0px\u00bb custom_padding_last_edited=\u00bbon|desktop\u00bb custom_padding__hover=\u00bb|||\u00bb][et_pb_button button_url=\u00bbhttps:\/\/alicante.salesianos.edu\/colegio\/admisiones\/#preguntasfrecuentes\u00bb button_text=\u00bbPreguntas frecuentes\u00bb _builder_version=\u00bb3.29.3&#8243; custom_button=\u00bbon\u00bb button_text_color=\u00bb#d81e1e\u00bb button_bg_color=\u00bb#ffffff\u00bb button_border_width=\u00bb0px\u00bb button_font=\u00bb||||||||\u00bb button_icon=\u00bb%%84%%\u00bb button_icon_placement=\u00bbleft\u00bb button_on_hover=\u00bboff\u00bb transform_styles_last_edited=\u00bboff|desktop\u00bb button_text_color_hover=\u00bb#565656&#8243; button_bg_color_hover=\u00bb#ffffff\u00bb button_text_size__hover_enabled=\u00bboff\u00bb button_one_text_size__hover_enabled=\u00bboff\u00bb button_two_text_size__hover_enabled=\u00bboff\u00bb button_text_color__hover_enabled=\u00bbon\u00bb button_text_color__hover=\u00bb#565656&#8243; button_one_text_color__hover_enabled=\u00bboff\u00bb button_two_text_color__hover_enabled=\u00bboff\u00bb button_border_width__hover_enabled=\u00bboff\u00bb button_one_border_width__hover_enabled=\u00bboff\u00bb button_two_border_width__hover_enabled=\u00bboff\u00bb button_border_color__hover_enabled=\u00bboff\u00bb button_one_border_color__hover_enabled=\u00bboff\u00bb button_two_border_color__hover_enabled=\u00bboff\u00bb button_border_radius__hover_enabled=\u00bboff\u00bb button_one_border_radius__hover_enabled=\u00bboff\u00bb button_two_border_radius__hover_enabled=\u00bboff\u00bb button_letter_spacing__hover_enabled=\u00bboff\u00bb button_one_letter_spacing__hover_enabled=\u00bboff\u00bb button_two_letter_spacing__hover_enabled=\u00bboff\u00bb button_bg_color__hover_enabled=\u00bbon\u00bb button_bg_color__hover=\u00bb#ffffff\u00bb button_one_bg_color__hover_enabled=\u00bboff\u00bb button_two_bg_color__hover_enabled=\u00bboff\u00bb transform_styles__hover_enabled=\u00bbon|hover\u00bb transform_scale__hover=\u00bb106%|106%\u00bb transform_scale__hover_enabled=\u00bbon|hover\u00bb transform_translate__hover_enabled=\u00bbon|desktop\u00bb transform_rotate__hover_enabled=\u00bbon|desktop\u00bb transform_skew__hover_enabled=\u00bbon|desktop\u00bb transform_origin__hover_enabled=\u00bbon|desktop\u00bb][\/et_pb_button][et_pb_button button_url=\u00bbhttp:\/\/eepurl.com\/gb6VGb\u00bb button_text=\u00bbSuscr\u00edbete a nuestro bolet\u00edn\u00bb _builder_version=\u00bb3.29.3&#8243; custom_button=\u00bbon\u00bb button_text_color=\u00bb#d81e1e\u00bb button_bg_color=\u00bb#ffffff\u00bb button_border_width=\u00bb0px\u00bb button_icon=\u00bb%%238%%\u00bb button_icon_placement=\u00bbleft\u00bb button_on_hover=\u00bboff\u00bb transform_styles_last_edited=\u00bboff|desktop\u00bb button_text_color_hover=\u00bb#565656&#8243; button_bg_color_hover=\u00bb#ffffff\u00bb button_text_size__hover_enabled=\u00bboff\u00bb button_one_text_size__hover_enabled=\u00bboff\u00bb button_two_text_size__hover_enabled=\u00bboff\u00bb button_text_color__hover_enabled=\u00bbon\u00bb button_text_color__hover=\u00bb#565656&#8243; button_one_text_color__hover_enabled=\u00bboff\u00bb button_two_text_color__hover_enabled=\u00bboff\u00bb button_border_width__hover_enabled=\u00bboff\u00bb button_one_border_width__hover_enabled=\u00bboff\u00bb button_two_border_width__hover_enabled=\u00bboff\u00bb button_border_color__hover_enabled=\u00bboff\u00bb button_one_border_color__hover_enabled=\u00bboff\u00bb button_two_border_color__hover_enabled=\u00bboff\u00bb button_border_radius__hover_enabled=\u00bboff\u00bb button_one_border_radius__hover_enabled=\u00bboff\u00bb button_two_border_radius__hover_enabled=\u00bboff\u00bb button_letter_spacing__hover_enabled=\u00bboff\u00bb button_one_letter_spacing__hover_enabled=\u00bboff\u00bb button_two_letter_spacing__hover_enabled=\u00bboff\u00bb button_bg_color__hover_enabled=\u00bbon\u00bb button_bg_color__hover=\u00bb#ffffff\u00bb button_one_bg_color__hover_enabled=\u00bboff\u00bb button_two_bg_color__hover_enabled=\u00bboff\u00bb transform_styles__hover_enabled=\u00bbon|hover\u00bb transform_scale__hover=\u00bb106%|106%\u00bb transform_scale__hover_enabled=\u00bbon|hover\u00bb transform_translate__hover_enabled=\u00bbon|desktop\u00bb transform_rotate__hover_enabled=\u00bbon|desktop\u00bb transform_skew__hover_enabled=\u00bbon|desktop\u00bb transform_origin__hover_enabled=\u00bbon|desktop\u00bb][\/et_pb_button][et_pb_text _builder_version=\u00bb3.29.3&#8243; text_text_color=\u00bb#ffffff\u00bb]<\/p>\n<p><em>Te enviaremos informaci\u00f3n sobre nuestras Jornadas de Puertas Abiertas y sobre el pr\u00f3ximo proceso de admisi\u00f3n llegado el momento.<\/em><\/p>\n<p>[\/et_pb_text][\/et_pb_column][\/et_pb_row][\/et_pb_section][et_pb_section fb_built=\u00bb1&#8243; next_background_color=\u00bb#dc001b\u00bb disabled_on=\u00bbon|on|on\u00bb _builder_version=\u00bb4.4.1&#8243; background_color=\u00bb#dc001b\u00bb background_image=\u00bbhttps:\/\/cordoba.salesianos.edu\/colegio\/wp-content\/uploads\/sites\/2\/2020\/10\/fondo_novedades_web.png\u00bb custom_padding=\u00bb50px|0px|120px|0px|false|false\u00bb bottom_divider_style=\u00bbslant2&#8243; disabled=\u00bbon\u00bb transform_styles__hover_enabled=\u00bboff|desktop\u00bb transform_scale__hover_enabled=\u00bboff|desktop\u00bb transform_translate__hover_enabled=\u00bboff|desktop\u00bb transform_rotate__hover_enabled=\u00bboff|desktop\u00bb transform_skew__hover_enabled=\u00bboff|desktop\u00bb transform_origin__hover_enabled=\u00bboff|desktop\u00bb transform_scale__hover=\u00bb106%|106%\u00bb][et_pb_row column_structure=\u00bb1_2,1_2&#8243; _builder_version=\u00bb3.25&#8243; custom_padding=\u00bb0px|0px|0px|0px\u00bb][et_pb_column type=\u00bb1_2&#8243; _builder_version=\u00bb3.25&#8243; custom_padding=\u00bb|||\u00bb custom_padding__hover=\u00bb|||\u00bb][et_pb_image src=\u00bbhttps:\/\/cordoba.salesianos.edu\/colegio\/wp-content\/uploads\/sites\/2\/2020\/10\/admisiones_titulojopa.png\u00bb align_tablet=\u00bbcenter\u00bb align_phone=\u00bb\u00bb align_last_edited=\u00bbon|desktop\u00bb _builder_version=\u00bb3.23&#8243;][\/et_pb_image][et_pb_text _builder_version=\u00bb4.4.1&#8243; text_font=\u00bb||||||||\u00bb text_font_size=\u00bb17px\u00bb text_line_height=\u00bb1.3em\u00bb background_layout=\u00bbdark\u00bb custom_margin=\u00bb||0px|\u00bb custom_padding=\u00bb|||\u00bb]<\/p>\n<p><strong>\u00bfQuieres saber m\u00e1s?<\/strong> Ven en <strong>MARZO<\/strong> a conocer nuestras instalaciones y nuestro proyecto educativo.<\/p>\n<p>[\/et_pb_text][et_pb_button button_url=\u00bbhttps:\/\/alicante.salesianos.edu\/colegio\/puertas-abiertas\/\u00bb button_text=\u00bbM\u00e1s informaci\u00f3n\u00bb _builder_version=\u00bb3.16&#8243; custom_button=\u00bbon\u00bb button_text_color=\u00bb#d81e1e\u00bb button_bg_color=\u00bb#ffffff\u00bb button_border_width=\u00bb0px\u00bb button_icon=\u00bb%%246%%\u00bb button_icon_placement=\u00bbleft\u00bb button_on_hover=\u00bboff\u00bb button_text_color_hover=\u00bb#565656&#8243; button_bg_color_hover=\u00bb#ffffff\u00bb button_text_size__hover_enabled=\u00bboff\u00bb button_one_text_size__hover_enabled=\u00bboff\u00bb button_two_text_size__hover_enabled=\u00bboff\u00bb button_text_color__hover_enabled=\u00bbon\u00bb button_text_color__hover=\u00bb#565656&#8243; button_one_text_color__hover_enabled=\u00bboff\u00bb button_two_text_color__hover_enabled=\u00bboff\u00bb button_border_width__hover_enabled=\u00bboff\u00bb button_one_border_width__hover_enabled=\u00bboff\u00bb button_two_border_width__hover_enabled=\u00bboff\u00bb button_border_color__hover_enabled=\u00bboff\u00bb button_one_border_color__hover_enabled=\u00bboff\u00bb button_two_border_color__hover_enabled=\u00bboff\u00bb button_border_radius__hover_enabled=\u00bboff\u00bb button_one_border_radius__hover_enabled=\u00bboff\u00bb button_two_border_radius__hover_enabled=\u00bboff\u00bb button_letter_spacing__hover_enabled=\u00bboff\u00bb button_one_letter_spacing__hover_enabled=\u00bboff\u00bb button_two_letter_spacing__hover_enabled=\u00bboff\u00bb button_bg_color__hover_enabled=\u00bbon\u00bb button_bg_color__hover=\u00bb#ffffff\u00bb button_one_bg_color__hover_enabled=\u00bboff\u00bb button_two_bg_color__hover_enabled=\u00bboff\u00bb][\/et_pb_button][\/et_pb_column][et_pb_column type=\u00bb1_2&#8243; _builder_version=\u00bb3.25&#8243; custom_padding=\u00bb|||50px\u00bb custom_padding_tablet=\u00bb|||0px\u00bb custom_padding_phone=\u00bb|||0px\u00bb custom_padding_last_edited=\u00bbon|desktop\u00bb custom_padding__hover=\u00bb|||\u00bb][et_pb_blurb title=\u00bb1\u00ba BACHILLERATO\u00bb use_icon=\u00bbon\u00bb font_icon=\u00bb%%128%%\u00bb icon_color=\u00bb#ffffff\u00bb icon_placement=\u00bbleft\u00bb content_max_width=\u00bb881px\u00bb _builder_version=\u00bb4.0.6&#8243; header_level=\u00bbh3&#8243; header_font=\u00bb|700|||||||\u00bb header_font_size=\u00bb20px\u00bb body_font=\u00bb||||||||\u00bb body_font_size=\u00bb16px\u00bb body_line_height=\u00bb1.3em\u00bb background_layout=\u00bbdark\u00bb custom_padding=\u00bb|||\u00bb]<\/p>\n<p><em>Inscripci\u00f3n previa on-line hasta el domingo 22 de marzo.<\/em><\/p>\n<p><strong>Mi\u00e9rcoles \u00a025 MARZO<\/strong>\u00a0| 17:30 \u2013 19:30 h<\/p>\n<p>[\/et_pb_blurb][et_pb_blurb title=\u00bb3 A\u00d1OS | \u00a1Plazas limitadas!\u00bb use_icon=\u00bbon\u00bb font_icon=\u00bb%%128%%\u00bb icon_color=\u00bb#ffffff\u00bb icon_placement=\u00bbleft\u00bb content_max_width=\u00bb881px\u00bb _builder_version=\u00bb4.0.6&#8243; header_level=\u00bbh3&#8243; header_font=\u00bb|700|||||||\u00bb header_font_size=\u00bb20px\u00bb body_font=\u00bb||||||||\u00bb body_font_size=\u00bb16px\u00bb body_line_height=\u00bb1.3em\u00bb background_layout=\u00bbdark\u00bb custom_padding=\u00bb|||\u00bb]<\/p>\n<p><em>Inscripci\u00f3n previa on-line hasta el domingo 22 de marzo.<\/em><\/p>\n<p><strong>Jueves 26 MARZO<\/strong>\u00a0| 9:30-11:30 h \u00b7 17:30-19:30 h<\/p>\n<p><b>Viernes 27 MARZO<\/b>\u00a0| 9:30-11:30 h \u00b7 17:30-19:30 h<\/p>\n<p>[\/et_pb_blurb][\/et_pb_column][\/et_pb_row][\/et_pb_section][et_pb_section fb_built=\u00bb1&#8243; disabled_on=\u00bboff|off|off\u00bb module_id=\u00bbinfo\u00bb _builder_version=\u00bb4.4.6&#8243; background_color=\u00bb#dc001b\u00bb background_image=\u00bbhttps:\/\/cordoba.salesianos.edu\/colegio\/wp-content\/uploads\/sites\/2\/2020\/10\/encabezado_preguntas_frecuentes.jpg\u00bb custom_padding=\u00bb50px|0px|45px|0px||\u00bb border_width_bottom=\u00bb4px\u00bb border_color_bottom=\u00bb#ffffff\u00bb border_style_bottom=\u00bbdashed\u00bb][et_pb_row column_structure=\u00bb1_2,1_2&#8243; _builder_version=\u00bb3.25&#8243; custom_padding=\u00bb0px|0px|0px|0px\u00bb][et_pb_column type=\u00bb1_2&#8243; _builder_version=\u00bb3.25&#8243; custom_padding=\u00bb|||\u00bb custom_padding__hover=\u00bb|||\u00bb][et_pb_text _builder_version=\u00bb4.4.4&#8243; text_font=\u00bb|800|||||||\u00bb text_text_color=\u00bb#e02b20&#8243; text_font_size=\u00bb29px\u00bb header_font=\u00bb||||||||\u00bb header_2_font=\u00bbLato|900|||||||\u00bb header_2_font_size=\u00bb32px\u00bb background_layout=\u00bbdark\u00bb custom_margin=\u00bb|||\u00bb custom_padding=\u00bb|||\u00bb]<\/p>\n<h2>ADMISIONES <em><strong>2020\/21<\/strong><\/em><\/h2>\n<p>[\/et_pb_text][et_pb_text _builder_version=\u00bb4.4.4&#8243; text_font=\u00bb||||||||\u00bb text_font_size=\u00bb17px\u00bb text_line_height=\u00bb1.3em\u00bb background_layout=\u00bbdark\u00bb custom_margin=\u00bb||0px|\u00bb custom_padding=\u00bb|||\u00bb]<\/p>\n<p>Desde aqu\u00ed podr\u00e1s acceder a todas las <strong>novedades<\/strong> sobre el\u00a0<strong>proceso de admisi\u00f3n<\/strong>\u00a0para el curso 2020\/2021.<\/p>\n<p>[\/et_pb_text][et_pb_button button_url=\u00bbhttps:\/\/mailchi.mp\/8ceb18514648\/suspendemos-nuestras-jornadas-de-puertas-abiertas-754713&#8243; url_new_window=\u00bbon\u00bb button_text=\u00bb\u00daltimo bolet\u00edn de noticias (8 de junio)\u00bb _builder_version=\u00bb4.4.8&#8243; custom_button=\u00bbon\u00bb button_text_size=\u00bb18px\u00bb button_text_color=\u00bb#d81e1e\u00bb button_bg_color=\u00bb#ffffff\u00bb button_border_width=\u00bb0px\u00bb button_font=\u00bb||||||||\u00bb button_icon=\u00bb%%109%%\u00bb button_icon_placement=\u00bbleft\u00bb button_on_hover=\u00bboff\u00bb button_text_color_hover=\u00bb#565656&#8243; button_bg_color_hover=\u00bb#ffffff\u00bb button_text_size__hover_enabled=\u00bboff\u00bb button_one_text_size__hover_enabled=\u00bboff\u00bb button_two_text_size__hover_enabled=\u00bboff\u00bb button_text_color__hover_enabled=\u00bbon\u00bb button_text_color__hover=\u00bb#565656&#8243; button_one_text_color__hover_enabled=\u00bboff\u00bb button_two_text_color__hover_enabled=\u00bboff\u00bb button_border_width__hover_enabled=\u00bboff\u00bb button_one_border_width__hover_enabled=\u00bboff\u00bb button_two_border_width__hover_enabled=\u00bboff\u00bb button_border_color__hover_enabled=\u00bboff\u00bb button_one_border_color__hover_enabled=\u00bboff\u00bb button_two_border_color__hover_enabled=\u00bboff\u00bb button_border_radius__hover_enabled=\u00bboff\u00bb button_one_border_radius__hover_enabled=\u00bboff\u00bb button_two_border_radius__hover_enabled=\u00bboff\u00bb button_letter_spacing__hover_enabled=\u00bboff\u00bb button_one_letter_spacing__hover_enabled=\u00bboff\u00bb button_two_letter_spacing__hover_enabled=\u00bboff\u00bb button_bg_color__hover_enabled=\u00bbon\u00bb button_bg_color__hover=\u00bb#ffffff\u00bb button_one_bg_color__hover_enabled=\u00bboff\u00bb button_two_bg_color__hover_enabled=\u00bboff\u00bb][\/et_pb_button][et_pb_button button_url=\u00bbhttp:\/\/eepurl.com\/gb6VGb\u00bb url_new_window=\u00bbon\u00bb button_text=\u00bbSuscr\u00edbete al bolet\u00edn\u00bb _builder_version=\u00bb4.4.7&#8243; custom_button=\u00bbon\u00bb button_text_size=\u00bb18px\u00bb button_text_color=\u00bb#d81e1e\u00bb button_bg_color=\u00bb#ffffff\u00bb button_border_width=\u00bb0px\u00bb button_font=\u00bb||||||||\u00bb button_icon=\u00bb%%104%%\u00bb button_icon_placement=\u00bbleft\u00bb button_on_hover=\u00bboff\u00bb button_text_color_hover=\u00bb#565656&#8243; button_bg_color_hover=\u00bb#ffffff\u00bb button_text_size__hover_enabled=\u00bboff\u00bb button_one_text_size__hover_enabled=\u00bboff\u00bb button_two_text_size__hover_enabled=\u00bboff\u00bb button_text_color__hover_enabled=\u00bbon\u00bb button_text_color__hover=\u00bb#565656&#8243; button_one_text_color__hover_enabled=\u00bboff\u00bb button_two_text_color__hover_enabled=\u00bboff\u00bb button_border_width__hover_enabled=\u00bboff\u00bb button_one_border_width__hover_enabled=\u00bboff\u00bb button_two_border_width__hover_enabled=\u00bboff\u00bb button_border_color__hover_enabled=\u00bboff\u00bb button_one_border_color__hover_enabled=\u00bboff\u00bb button_two_border_color__hover_enabled=\u00bboff\u00bb button_border_radius__hover_enabled=\u00bboff\u00bb button_one_border_radius__hover_enabled=\u00bboff\u00bb button_two_border_radius__hover_enabled=\u00bboff\u00bb button_letter_spacing__hover_enabled=\u00bboff\u00bb button_one_letter_spacing__hover_enabled=\u00bboff\u00bb button_two_letter_spacing__hover_enabled=\u00bboff\u00bb button_bg_color__hover_enabled=\u00bbon\u00bb button_bg_color__hover=\u00bb#ffffff\u00bb button_one_bg_color__hover_enabled=\u00bboff\u00bb button_two_bg_color__hover_enabled=\u00bboff\u00bb transform_styles__hover_enabled=\u00bboff|hover\u00bb transform_scale__hover=\u00bb106%|106%\u00bb transform_scale__hover_enabled=\u00bboff|hover\u00bb transform_translate__hover_enabled=\u00bboff|hover\u00bb transform_rotate__hover_enabled=\u00bboff|hover\u00bb transform_skew__hover_enabled=\u00bboff|hover\u00bb transform_origin__hover_enabled=\u00bboff|hover\u00bb][\/et_pb_button][et_pb_button button_url=\u00bbhttps:\/\/alicante.salesianos.edu\/colegio\/admisiones\/#preguntasfrecuentes\u00bb button_text=\u00bbPreguntas frecuentes\u00bb _builder_version=\u00bb4.4.4&#8243; custom_button=\u00bbon\u00bb button_text_size=\u00bb18px\u00bb button_text_color=\u00bb#d81e1e\u00bb button_bg_color=\u00bb#ffffff\u00bb button_border_width=\u00bb0px\u00bb button_font=\u00bb||||||||\u00bb button_icon=\u00bb%%84%%\u00bb button_icon_placement=\u00bbleft\u00bb button_on_hover=\u00bboff\u00bb button_text_color_hover=\u00bb#565656&#8243; button_bg_color_hover=\u00bb#ffffff\u00bb button_text_size__hover_enabled=\u00bboff\u00bb button_one_text_size__hover_enabled=\u00bboff\u00bb button_two_text_size__hover_enabled=\u00bboff\u00bb button_text_color__hover_enabled=\u00bbon\u00bb button_text_color__hover=\u00bb#565656&#8243; button_one_text_color__hover_enabled=\u00bboff\u00bb button_two_text_color__hover_enabled=\u00bboff\u00bb button_border_width__hover_enabled=\u00bboff\u00bb button_one_border_width__hover_enabled=\u00bboff\u00bb button_two_border_width__hover_enabled=\u00bboff\u00bb button_border_color__hover_enabled=\u00bboff\u00bb button_one_border_color__hover_enabled=\u00bboff\u00bb button_two_border_color__hover_enabled=\u00bboff\u00bb button_border_radius__hover_enabled=\u00bboff\u00bb button_one_border_radius__hover_enabled=\u00bboff\u00bb button_two_border_radius__hover_enabled=\u00bboff\u00bb button_letter_spacing__hover_enabled=\u00bboff\u00bb button_one_letter_spacing__hover_enabled=\u00bboff\u00bb button_two_letter_spacing__hover_enabled=\u00bboff\u00bb button_bg_color__hover_enabled=\u00bbon\u00bb button_bg_color__hover=\u00bb#ffffff\u00bb button_one_bg_color__hover_enabled=\u00bboff\u00bb button_two_bg_color__hover_enabled=\u00bboff\u00bb][\/et_pb_button][et_pb_button button_text=\u00bbAtenci\u00f3n telef\u00f3nica de 9 a 13h\u00bb _builder_version=\u00bb4.4.4&#8243; custom_button=\u00bbon\u00bb button_text_size=\u00bb18px\u00bb button_text_color=\u00bb#d81e1e\u00bb button_bg_color=\u00bb#ffffff\u00bb button_border_width=\u00bb0px\u00bb button_font=\u00bb||||||||\u00bb button_icon=\u00bb%%264%%\u00bb button_icon_placement=\u00bbleft\u00bb button_on_hover=\u00bboff\u00bb button_text_color_hover=\u00bb#565656&#8243; button_bg_color_hover=\u00bb#ffffff\u00bb button_text_size__hover_enabled=\u00bboff\u00bb button_one_text_size__hover_enabled=\u00bboff\u00bb button_two_text_size__hover_enabled=\u00bboff\u00bb button_text_color__hover_enabled=\u00bbon\u00bb button_text_color__hover=\u00bb#565656&#8243; button_one_text_color__hover_enabled=\u00bboff\u00bb button_two_text_color__hover_enabled=\u00bboff\u00bb button_border_width__hover_enabled=\u00bboff\u00bb button_one_border_width__hover_enabled=\u00bboff\u00bb button_two_border_width__hover_enabled=\u00bboff\u00bb button_border_color__hover_enabled=\u00bboff\u00bb button_one_border_color__hover_enabled=\u00bboff\u00bb button_two_border_color__hover_enabled=\u00bboff\u00bb button_border_radius__hover_enabled=\u00bboff\u00bb button_one_border_radius__hover_enabled=\u00bboff\u00bb button_two_border_radius__hover_enabled=\u00bboff\u00bb button_letter_spacing__hover_enabled=\u00bboff\u00bb button_one_letter_spacing__hover_enabled=\u00bboff\u00bb button_two_letter_spacing__hover_enabled=\u00bboff\u00bb button_bg_color__hover_enabled=\u00bbon\u00bb button_bg_color__hover=\u00bb#ffffff\u00bb button_one_bg_color__hover_enabled=\u00bboff\u00bb button_two_bg_color__hover_enabled=\u00bboff\u00bb][\/et_pb_button][et_pb_button button_url=\u00bbhttps:\/\/alicante.salesianos.edu\/colegio\/administracion\/#citaprevia\u00bb button_text=\u00bbPide cita para atenci\u00f3n presencial\u00bb disabled_on=\u00bboff|off|off\u00bb _builder_version=\u00bb4.4.8&#8243; custom_button=\u00bbon\u00bb button_text_size=\u00bb18px\u00bb button_text_color=\u00bb#d81e1e\u00bb button_bg_color=\u00bb#ffffff\u00bb button_border_width=\u00bb0px\u00bb button_font=\u00bb||||||||\u00bb button_icon=\u00bb%%92%%\u00bb button_icon_placement=\u00bbleft\u00bb button_on_hover=\u00bboff\u00bb button_text_color_hover=\u00bb#565656&#8243; button_bg_color_hover=\u00bb#ffffff\u00bb button_text_size__hover_enabled=\u00bboff\u00bb button_one_text_size__hover_enabled=\u00bboff\u00bb button_two_text_size__hover_enabled=\u00bboff\u00bb button_text_color__hover_enabled=\u00bbon\u00bb button_text_color__hover=\u00bb#565656&#8243; button_one_text_color__hover_enabled=\u00bboff\u00bb button_two_text_color__hover_enabled=\u00bboff\u00bb button_border_width__hover_enabled=\u00bboff\u00bb button_one_border_width__hover_enabled=\u00bboff\u00bb button_two_border_width__hover_enabled=\u00bboff\u00bb button_border_color__hover_enabled=\u00bboff\u00bb button_one_border_color__hover_enabled=\u00bboff\u00bb button_two_border_color__hover_enabled=\u00bboff\u00bb button_border_radius__hover_enabled=\u00bboff\u00bb button_one_border_radius__hover_enabled=\u00bboff\u00bb button_two_border_radius__hover_enabled=\u00bboff\u00bb button_letter_spacing__hover_enabled=\u00bboff\u00bb button_one_letter_spacing__hover_enabled=\u00bboff\u00bb button_two_letter_spacing__hover_enabled=\u00bboff\u00bb button_bg_color__hover_enabled=\u00bbon\u00bb button_bg_color__hover=\u00bb#ffffff\u00bb button_one_bg_color__hover_enabled=\u00bboff\u00bb button_two_bg_color__hover_enabled=\u00bboff\u00bb][\/et_pb_button][et_pb_button button_url=\u00bbhttps:\/\/alicante.salesianos.edu\/politica-de-privacidad\/#Matriculacion\u00bb button_text=\u00bbProtecci\u00f3n de datos\u00bb _builder_version=\u00bb4.4.4&#8243; custom_button=\u00bbon\u00bb button_text_size=\u00bb18px\u00bb button_text_color=\u00bb#d81e1e\u00bb button_bg_color=\u00bb#ffffff\u00bb button_border_width=\u00bb0px\u00bb button_font=\u00bb||||||||\u00bb button_icon=\u00bb%%94%%\u00bb button_icon_placement=\u00bbleft\u00bb button_on_hover=\u00bboff\u00bb transform_styles_last_edited=\u00bboff|desktop\u00bb button_text_color_hover=\u00bb#565656&#8243; button_bg_color_hover=\u00bb#ffffff\u00bb button_text_size__hover_enabled=\u00bboff\u00bb button_one_text_size__hover_enabled=\u00bboff\u00bb button_two_text_size__hover_enabled=\u00bboff\u00bb button_text_color__hover_enabled=\u00bbon\u00bb button_text_color__hover=\u00bb#565656&#8243; button_one_text_color__hover_enabled=\u00bboff\u00bb button_two_text_color__hover_enabled=\u00bboff\u00bb button_border_width__hover_enabled=\u00bboff\u00bb button_one_border_width__hover_enabled=\u00bboff\u00bb button_two_border_width__hover_enabled=\u00bboff\u00bb button_border_color__hover_enabled=\u00bboff\u00bb button_one_border_color__hover_enabled=\u00bboff\u00bb button_two_border_color__hover_enabled=\u00bboff\u00bb button_border_radius__hover_enabled=\u00bboff\u00bb button_one_border_radius__hover_enabled=\u00bboff\u00bb button_two_border_radius__hover_enabled=\u00bboff\u00bb button_letter_spacing__hover_enabled=\u00bboff\u00bb button_one_letter_spacing__hover_enabled=\u00bboff\u00bb button_two_letter_spacing__hover_enabled=\u00bboff\u00bb button_bg_color__hover_enabled=\u00bbon\u00bb button_bg_color__hover=\u00bb#ffffff\u00bb button_one_bg_color__hover_enabled=\u00bboff\u00bb button_two_bg_color__hover_enabled=\u00bboff\u00bb transform_styles__hover_enabled=\u00bboff|desktop\u00bb transform_scale__hover=\u00bb106%|106%\u00bb transform_scale__hover_enabled=\u00bboff|desktop\u00bb transform_translate__hover_enabled=\u00bboff|desktop\u00bb transform_rotate__hover_enabled=\u00bboff|desktop\u00bb transform_skew__hover_enabled=\u00bboff|desktop\u00bb transform_origin__hover_enabled=\u00bboff|desktop\u00bb][\/et_pb_button][et_pb_divider color=\u00bb#ffffff\u00bb divider_style=\u00bbdashed\u00bb disabled_on=\u00bboff|off|on\u00bb _builder_version=\u00bb4.4.4&#8243; custom_margin=\u00bb30px||0px\u00bb custom_padding=\u00bb||\u00bb][\/et_pb_divider][\/et_pb_column][et_pb_column type=\u00bb1_2&#8243; _builder_version=\u00bb3.25&#8243; custom_padding=\u00bb|||\u00bb custom_padding__hover=\u00bb|||\u00bb][et_pb_button button_url=\u00bbhttps:\/\/alicante.salesianos.edu\/colegio\/preguntas-frecuentes\/cuando-empieza-el-proceso-de-admisiones-para-nuevo-alumnado\/\u00bb button_text=\u00bbSobre el proceso y sus fechas\u00bb disabled_on=\u00bboff|off|off\u00bb _builder_version=\u00bb4.4.7&#8243; custom_button=\u00bbon\u00bb button_text_color=\u00bb#d81e1e\u00bb button_bg_color=\u00bb#ffffff\u00bb button_border_width=\u00bb0px\u00bb button_font=\u00bb||||||||\u00bb button_icon=\u00bb%%128%%\u00bb button_icon_placement=\u00bbleft\u00bb button_on_hover=\u00bboff\u00bb button_text_color_hover=\u00bb#565656&#8243; button_bg_color_hover=\u00bb#ffffff\u00bb button_text_size__hover_enabled=\u00bboff\u00bb button_one_text_size__hover_enabled=\u00bboff\u00bb button_two_text_size__hover_enabled=\u00bboff\u00bb button_text_color__hover_enabled=\u00bbon\u00bb button_text_color__hover=\u00bb#565656&#8243; button_one_text_color__hover_enabled=\u00bboff\u00bb button_two_text_color__hover_enabled=\u00bboff\u00bb button_border_width__hover_enabled=\u00bboff\u00bb button_one_border_width__hover_enabled=\u00bboff\u00bb button_two_border_width__hover_enabled=\u00bboff\u00bb button_border_color__hover_enabled=\u00bboff\u00bb button_one_border_color__hover_enabled=\u00bboff\u00bb button_two_border_color__hover_enabled=\u00bboff\u00bb button_border_radius__hover_enabled=\u00bboff\u00bb button_one_border_radius__hover_enabled=\u00bboff\u00bb button_two_border_radius__hover_enabled=\u00bboff\u00bb button_letter_spacing__hover_enabled=\u00bboff\u00bb button_one_letter_spacing__hover_enabled=\u00bboff\u00bb button_two_letter_spacing__hover_enabled=\u00bboff\u00bb button_bg_color__hover_enabled=\u00bbon\u00bb button_bg_color__hover=\u00bb#ffffff\u00bb button_one_bg_color__hover_enabled=\u00bboff\u00bb button_two_bg_color__hover_enabled=\u00bboff\u00bb][\/et_pb_button][et_pb_button button_url=\u00bbhttps:\/\/alicante.salesianos.edu\/colegio\/preguntas-frecuentes\/que-documentacion-necesito-para-la-solicitud-de-admision-y-donde-la-entrego\/\u00bb button_text=\u00bbDocumentaci\u00f3n\u00bb disabled_on=\u00bboff|off|off\u00bb _builder_version=\u00bb4.4.7&#8243; custom_button=\u00bbon\u00bb button_text_color=\u00bb#d81e1e\u00bb button_bg_color=\u00bb#ffffff\u00bb button_border_width=\u00bb0px\u00bb button_font=\u00bb||||||||\u00bb button_icon=\u00bb%%72%%\u00bb button_icon_placement=\u00bbleft\u00bb button_on_hover=\u00bboff\u00bb button_text_color_hover=\u00bb#565656&#8243; button_bg_color_hover=\u00bb#ffffff\u00bb button_text_size__hover_enabled=\u00bboff\u00bb button_one_text_size__hover_enabled=\u00bboff\u00bb button_two_text_size__hover_enabled=\u00bboff\u00bb button_text_color__hover_enabled=\u00bbon\u00bb button_text_color__hover=\u00bb#565656&#8243; button_one_text_color__hover_enabled=\u00bboff\u00bb button_two_text_color__hover_enabled=\u00bboff\u00bb button_border_width__hover_enabled=\u00bboff\u00bb button_one_border_width__hover_enabled=\u00bboff\u00bb button_two_border_width__hover_enabled=\u00bboff\u00bb button_border_color__hover_enabled=\u00bboff\u00bb button_one_border_color__hover_enabled=\u00bboff\u00bb button_two_border_color__hover_enabled=\u00bboff\u00bb button_border_radius__hover_enabled=\u00bboff\u00bb button_one_border_radius__hover_enabled=\u00bboff\u00bb button_two_border_radius__hover_enabled=\u00bboff\u00bb button_letter_spacing__hover_enabled=\u00bboff\u00bb button_one_letter_spacing__hover_enabled=\u00bboff\u00bb button_two_letter_spacing__hover_enabled=\u00bboff\u00bb button_bg_color__hover_enabled=\u00bbon\u00bb button_bg_color__hover=\u00bb#ffffff\u00bb button_one_bg_color__hover_enabled=\u00bboff\u00bb button_two_bg_color__hover_enabled=\u00bboff\u00bb][\/et_pb_button][et_pb_button button_url=\u00bbhttps:\/\/alicante.salesianos.edu\/colegio\/preguntas-frecuentes\/criterios-de-baremacion\/\u00bb button_text=\u00bbCriterios de baremaci\u00f3n\u00bb _builder_version=\u00bb3.16&#8243; custom_button=\u00bbon\u00bb button_text_color=\u00bb#d81e1e\u00bb button_bg_color=\u00bb#ffffff\u00bb button_border_width=\u00bb0px\u00bb button_font=\u00bb||||||||\u00bb button_icon=\u00bb%%67%%\u00bb button_icon_placement=\u00bbleft\u00bb button_on_hover=\u00bboff\u00bb button_text_color_hover=\u00bb#565656&#8243; button_bg_color_hover=\u00bb#ffffff\u00bb button_text_size__hover_enabled=\u00bboff\u00bb button_one_text_size__hover_enabled=\u00bboff\u00bb button_two_text_size__hover_enabled=\u00bboff\u00bb button_text_color__hover_enabled=\u00bbon\u00bb button_text_color__hover=\u00bb#565656&#8243; button_one_text_color__hover_enabled=\u00bboff\u00bb button_two_text_color__hover_enabled=\u00bboff\u00bb button_border_width__hover_enabled=\u00bboff\u00bb button_one_border_width__hover_enabled=\u00bboff\u00bb button_two_border_width__hover_enabled=\u00bboff\u00bb button_border_color__hover_enabled=\u00bboff\u00bb button_one_border_color__hover_enabled=\u00bboff\u00bb button_two_border_color__hover_enabled=\u00bboff\u00bb button_border_radius__hover_enabled=\u00bboff\u00bb button_one_border_radius__hover_enabled=\u00bboff\u00bb button_two_border_radius__hover_enabled=\u00bboff\u00bb button_letter_spacing__hover_enabled=\u00bboff\u00bb button_one_letter_spacing__hover_enabled=\u00bboff\u00bb button_two_letter_spacing__hover_enabled=\u00bboff\u00bb button_bg_color__hover_enabled=\u00bbon\u00bb button_bg_color__hover=\u00bb#ffffff\u00bb button_one_bg_color__hover_enabled=\u00bboff\u00bb button_two_bg_color__hover_enabled=\u00bboff\u00bb][\/et_pb_button][et_pb_button button_url=\u00bbhttps:\/\/alicante.salesianos.edu\/colegio\/preguntas-frecuentes\/zonas-de-escolarizacion\/\u00bb button_text=\u00bb\u00c1reas de influencia\u00bb _builder_version=\u00bb3.16&#8243; custom_button=\u00bbon\u00bb button_text_color=\u00bb#d81e1e\u00bb button_bg_color=\u00bb#ffffff\u00bb button_border_width=\u00bb0px\u00bb button_font=\u00bb||||||||\u00bb button_icon=\u00bb%%122%%\u00bb button_icon_placement=\u00bbleft\u00bb button_on_hover=\u00bboff\u00bb button_text_color_hover=\u00bb#565656&#8243; button_bg_color_hover=\u00bb#ffffff\u00bb button_text_size__hover_enabled=\u00bboff\u00bb button_one_text_size__hover_enabled=\u00bboff\u00bb button_two_text_size__hover_enabled=\u00bboff\u00bb button_text_color__hover_enabled=\u00bbon\u00bb button_text_color__hover=\u00bb#565656&#8243; button_one_text_color__hover_enabled=\u00bboff\u00bb button_two_text_color__hover_enabled=\u00bboff\u00bb button_border_width__hover_enabled=\u00bboff\u00bb button_one_border_width__hover_enabled=\u00bboff\u00bb button_two_border_width__hover_enabled=\u00bboff\u00bb button_border_color__hover_enabled=\u00bboff\u00bb button_one_border_color__hover_enabled=\u00bboff\u00bb button_two_border_color__hover_enabled=\u00bboff\u00bb button_border_radius__hover_enabled=\u00bboff\u00bb button_one_border_radius__hover_enabled=\u00bboff\u00bb button_two_border_radius__hover_enabled=\u00bboff\u00bb button_letter_spacing__hover_enabled=\u00bboff\u00bb button_one_letter_spacing__hover_enabled=\u00bboff\u00bb button_two_letter_spacing__hover_enabled=\u00bboff\u00bb button_bg_color__hover_enabled=\u00bbon\u00bb button_bg_color__hover=\u00bb#ffffff\u00bb button_one_bg_color__hover_enabled=\u00bboff\u00bb button_two_bg_color__hover_enabled=\u00bboff\u00bb][\/et_pb_button][et_pb_button button_url=\u00bbhttps:\/\/appweb1.edu.gva.es\/CiudadanosWeb\/public\/vacantesinicio.do?metodo=generarInicio\u00bb url_new_window=\u00bbon\u00bb button_text=\u00bbConsulta de vacantes\u00bb disabled_on=\u00bboff|off|off\u00bb _builder_version=\u00bb4.4.8&#8243; custom_button=\u00bbon\u00bb button_text_color=\u00bb#d81e1e\u00bb button_bg_color=\u00bb#ffffff\u00bb button_border_width=\u00bb0px\u00bb button_font=\u00bb||||||||\u00bb button_icon=\u00bb%%259%%\u00bb button_icon_placement=\u00bbleft\u00bb button_on_hover=\u00bboff\u00bb button_text_color_hover=\u00bb#565656&#8243; button_bg_color_hover=\u00bb#ffffff\u00bb button_text_size__hover_enabled=\u00bboff\u00bb button_one_text_size__hover_enabled=\u00bboff\u00bb button_two_text_size__hover_enabled=\u00bboff\u00bb button_text_color__hover_enabled=\u00bbon\u00bb button_text_color__hover=\u00bb#565656&#8243; button_one_text_color__hover_enabled=\u00bboff\u00bb button_two_text_color__hover_enabled=\u00bboff\u00bb button_border_width__hover_enabled=\u00bboff\u00bb button_one_border_width__hover_enabled=\u00bboff\u00bb button_two_border_width__hover_enabled=\u00bboff\u00bb button_border_color__hover_enabled=\u00bboff\u00bb button_one_border_color__hover_enabled=\u00bboff\u00bb button_two_border_color__hover_enabled=\u00bboff\u00bb button_border_radius__hover_enabled=\u00bboff\u00bb button_one_border_radius__hover_enabled=\u00bboff\u00bb button_two_border_radius__hover_enabled=\u00bboff\u00bb button_letter_spacing__hover_enabled=\u00bboff\u00bb button_one_letter_spacing__hover_enabled=\u00bboff\u00bb button_two_letter_spacing__hover_enabled=\u00bboff\u00bb button_bg_color__hover_enabled=\u00bbon\u00bb button_bg_color__hover=\u00bb#ffffff\u00bb button_one_bg_color__hover_enabled=\u00bboff\u00bb button_two_bg_color__hover_enabled=\u00bboff\u00bb][\/et_pb_button][et_pb_text _builder_version=\u00bb4.4.8&#8243; text_text_color=\u00bb#ffffff\u00bb]<\/p>\n<p>Para la consulta de vacantes rellena el c\u00f3digo de centro (<span><em>03001775<\/em>) y selecciona la etapa.<\/span><\/p>\n<p>[\/et_pb_text][et_pb_button button_url=\u00bbhttps:\/\/portal.edu.gva.es\/telematricula\/es\/inicio\/\u00bb url_new_window=\u00bbon\u00bb button_text=\u00bbAcceder al portal de telematr\u00edcula\u00bb disabled_on=\u00bboff|off|off\u00bb _builder_version=\u00bb4.4.7&#8243; custom_button=\u00bbon\u00bb button_text_color=\u00bb#d81e1e\u00bb button_bg_color=\u00bb#ffffff\u00bb button_border_width=\u00bb0px\u00bb button_font=\u00bb||||||||\u00bb button_icon=\u00bb%%246%%\u00bb button_icon_placement=\u00bbleft\u00bb button_on_hover=\u00bboff\u00bb button_text_color_hover=\u00bb#565656&#8243; button_bg_color_hover=\u00bb#ffffff\u00bb button_text_size__hover_enabled=\u00bboff\u00bb button_one_text_size__hover_enabled=\u00bboff\u00bb button_two_text_size__hover_enabled=\u00bboff\u00bb button_text_color__hover_enabled=\u00bbon\u00bb button_text_color__hover=\u00bb#565656&#8243; button_one_text_color__hover_enabled=\u00bboff\u00bb button_two_text_color__hover_enabled=\u00bboff\u00bb button_border_width__hover_enabled=\u00bboff\u00bb button_one_border_width__hover_enabled=\u00bboff\u00bb button_two_border_width__hover_enabled=\u00bboff\u00bb button_border_color__hover_enabled=\u00bboff\u00bb button_one_border_color__hover_enabled=\u00bboff\u00bb button_two_border_color__hover_enabled=\u00bboff\u00bb button_border_radius__hover_enabled=\u00bboff\u00bb button_one_border_radius__hover_enabled=\u00bboff\u00bb button_two_border_radius__hover_enabled=\u00bboff\u00bb button_letter_spacing__hover_enabled=\u00bboff\u00bb button_one_letter_spacing__hover_enabled=\u00bboff\u00bb button_two_letter_spacing__hover_enabled=\u00bboff\u00bb button_bg_color__hover_enabled=\u00bbon\u00bb button_bg_color__hover=\u00bb#ffffff\u00bb button_one_bg_color__hover_enabled=\u00bboff\u00bb button_two_bg_color__hover_enabled=\u00bboff\u00bb][\/et_pb_button][et_pb_button button_url=\u00bbhttps:\/\/portal.edu.gva.es\/telematricula\/inicia-proces-dadmissio\/\u00bb url_new_window=\u00bbon\u00bb button_text=\u00bbPresentar solicitud\u00bb disabled_on=\u00bboff|off|off\u00bb _builder_version=\u00bb4.4.8&#8243; custom_button=\u00bbon\u00bb button_text_size=\u00bb25px\u00bb button_text_color=\u00bb#d81e1e\u00bb button_bg_color=\u00bb#ffffff\u00bb button_border_width=\u00bb0px\u00bb button_font=\u00bb||||||||\u00bb button_icon=\u00bb%%75%%\u00bb button_icon_placement=\u00bbleft\u00bb button_on_hover=\u00bboff\u00bb button_text_color_hover=\u00bb#565656&#8243; button_bg_color_hover=\u00bb#ffffff\u00bb button_text_size__hover_enabled=\u00bboff\u00bb button_one_text_size__hover_enabled=\u00bboff\u00bb button_two_text_size__hover_enabled=\u00bboff\u00bb button_text_color__hover_enabled=\u00bbon\u00bb button_text_color__hover=\u00bb#565656&#8243; button_one_text_color__hover_enabled=\u00bboff\u00bb button_two_text_color__hover_enabled=\u00bboff\u00bb button_border_width__hover_enabled=\u00bboff\u00bb button_one_border_width__hover_enabled=\u00bboff\u00bb button_two_border_width__hover_enabled=\u00bboff\u00bb button_border_color__hover_enabled=\u00bboff\u00bb button_one_border_color__hover_enabled=\u00bboff\u00bb button_two_border_color__hover_enabled=\u00bboff\u00bb button_border_radius__hover_enabled=\u00bboff\u00bb button_one_border_radius__hover_enabled=\u00bboff\u00bb button_two_border_radius__hover_enabled=\u00bboff\u00bb button_letter_spacing__hover_enabled=\u00bboff\u00bb button_one_letter_spacing__hover_enabled=\u00bboff\u00bb button_two_letter_spacing__hover_enabled=\u00bboff\u00bb button_bg_color__hover_enabled=\u00bbon\u00bb button_bg_color__hover=\u00bb#ffffff\u00bb button_one_bg_color__hover_enabled=\u00bboff\u00bb button_two_bg_color__hover_enabled=\u00bboff\u00bb][\/et_pb_button][et_pb_divider color=\u00bb#ffffff\u00bb divider_style=\u00bbdashed\u00bb disabled_on=\u00bboff|off|off\u00bb _builder_version=\u00bb4.4.8&#8243; custom_margin=\u00bb30px||0px\u00bb custom_padding=\u00bb||\u00bb][\/et_pb_divider][et_pb_text disabled_on=\u00bboff|off|off\u00bb _builder_version=\u00bb4.4.7&#8243; text_font=\u00bb||on||||||\u00bb text_text_color=\u00bb#ffffff\u00bb header_font=\u00bb||||||||\u00bb header_2_font=\u00bbLato|300|on||||||\u00bb header_2_font_size=\u00bb32px\u00bb background_layout=\u00bbdark\u00bb custom_margin=\u00bb|||\u00bb custom_padding=\u00bb|||\u00bb]<\/p>\n<h2>Letra de prioridad<\/h2>\n<p>Ya se ha publicado el resultado del sorteo p\u00fablico de la letra de prioridad para resolver los empates en el procedimiento de admisi\u00f3n del alumnado para el curso 2020\/21<a href=\"http:\/\/www.ceice.gva.es\/documents\/161634279\/165479884\/sorteo_letra_cas.pdf\/3e64ca57-01bd-43cc-a0d4-55ec0da16457\" target=\"_blank\" rel=\"noopener noreferrer\" data-cke-saved-href=\"http:\/\/www.ceice.gva.es\/documents\/161634279\/165479884\/sorteo_letra_cas.pdf\/3e64ca57-01bd-43cc-a0d4-55ec0da16457\"><\/a>.<\/p>\n<p>Por tanto, los <strong>empates<\/strong> que se produzcan en el proceso de admisi\u00f3n del alumnado para el pr\u00f3ximo curso\u00a0<strong>se decidir\u00e1n a partir del primer apellido empezando por las letras \u00abQU\u00bb y \u00abOO\u00bb para el segundo apellido<\/strong>.<span>\u00a0\u00a0<\/span><\/p>\n<p>[\/et_pb_text][et_pb_button button_url=\u00bbhttp:\/\/www.ceice.gva.es\/documents\/161634256\/161921056\/RESOLUCI\u00d3N_resultado_cs_firmado.pdf\/b7762842-40f8-44cc-8a6e-d12eada65907&#8243; button_text=\u00bbVer resoluci\u00f3n\u00bb disabled_on=\u00bbon|on|on\u00bb _builder_version=\u00bb4.4.4&#8243; custom_button=\u00bbon\u00bb button_text_color=\u00bb#d81e1e\u00bb button_bg_color=\u00bb#ffffff\u00bb button_border_width=\u00bb0px\u00bb button_font=\u00bb||||||||\u00bb button_icon=\u00bb%%72%%\u00bb button_icon_placement=\u00bbleft\u00bb button_on_hover=\u00bboff\u00bb button_text_color_hover=\u00bb#565656&#8243; button_bg_color_hover=\u00bb#ffffff\u00bb disabled=\u00bbon\u00bb button_text_size__hover_enabled=\u00bboff\u00bb button_one_text_size__hover_enabled=\u00bboff\u00bb button_two_text_size__hover_enabled=\u00bboff\u00bb button_text_color__hover_enabled=\u00bbon\u00bb button_text_color__hover=\u00bb#565656&#8243; button_one_text_color__hover_enabled=\u00bboff\u00bb button_two_text_color__hover_enabled=\u00bboff\u00bb button_border_width__hover_enabled=\u00bboff\u00bb button_one_border_width__hover_enabled=\u00bboff\u00bb button_two_border_width__hover_enabled=\u00bboff\u00bb button_border_color__hover_enabled=\u00bboff\u00bb button_one_border_color__hover_enabled=\u00bboff\u00bb button_two_border_color__hover_enabled=\u00bboff\u00bb button_border_radius__hover_enabled=\u00bboff\u00bb button_one_border_radius__hover_enabled=\u00bboff\u00bb button_two_border_radius__hover_enabled=\u00bboff\u00bb button_letter_spacing__hover_enabled=\u00bboff\u00bb button_one_letter_spacing__hover_enabled=\u00bboff\u00bb button_two_letter_spacing__hover_enabled=\u00bboff\u00bb button_bg_color__hover_enabled=\u00bbon\u00bb button_bg_color__hover=\u00bb#ffffff\u00bb button_one_bg_color__hover_enabled=\u00bboff\u00bb button_two_bg_color__hover_enabled=\u00bboff\u00bb][\/et_pb_button][et_pb_text disabled_on=\u00bbon|on|on\u00bb _builder_version=\u00bb4.4.7&#8243; text_font=\u00bb||on||||||\u00bb text_text_color=\u00bb#ffffff\u00bb header_font=\u00bb||||||||\u00bb header_2_font=\u00bbLato|300|on||||||\u00bb header_2_font_size=\u00bb32px\u00bb background_layout=\u00bbdark\u00bb custom_margin=\u00bb|||\u00bb custom_padding=\u00bb|||\u00bb disabled=\u00bbon\u00bb]<\/p>\n<h2>Lo que sabemos&#8230;<\/h2>\n<p>[\/et_pb_text][et_pb_text disabled_on=\u00bbon|on|on\u00bb _builder_version=\u00bb4.4.4&#8243; text_font=\u00bb||on||||||\u00bb text_text_color=\u00bb#ffffff\u00bb header_font=\u00bb||||||||\u00bb header_2_font=\u00bbLato|300|on||||||\u00bb header_2_font_size=\u00bb32px\u00bb background_layout=\u00bbdark\u00bb custom_margin=\u00bb|||\u00bb custom_padding=\u00bb|||\u00bb disabled=\u00bbon\u00bb]<\/p>\n<h2>Como referencia&#8230;<\/h2>\n<p><strong>Esta es la informaci\u00f3n que se public\u00f3 durante el \u00faltimo periodo de admisiones<\/strong>, la cual ofrecemos a modo de referencia pero que puede variar de un a\u00f1o a otro.<\/p>\n<p>[\/et_pb_text][\/et_pb_column][\/et_pb_row][\/et_pb_section][et_pb_section fb_built=\u00bb1&#8243; next_background_color=\u00bb#ffffff\u00bb disabled_on=\u00bboff|off|off\u00bb _builder_version=\u00bb4.4.6&#8243; background_color=\u00bb#dc001b\u00bb background_image=\u00bbhttps:\/\/cordoba.salesianos.edu\/colegio\/wp-content\/uploads\/sites\/2\/2020\/10\/fondo_novedades_web.png\u00bb z_index=\u00bb500&#8243; custom_padding=\u00bb50px|0px|130px|0px|false|false\u00bb bottom_divider_style=\u00bbslant2&#8243; transform_styles__hover_enabled=\u00bboff|desktop\u00bb transform_scale__hover_enabled=\u00bboff|desktop\u00bb transform_translate__hover_enabled=\u00bboff|desktop\u00bb transform_rotate__hover_enabled=\u00bboff|desktop\u00bb transform_skew__hover_enabled=\u00bboff|desktop\u00bb transform_origin__hover_enabled=\u00bboff|desktop\u00bb transform_scale__hover=\u00bb106%|106%\u00bb][et_pb_row column_structure=\u00bb1_2,1_2&#8243; _builder_version=\u00bb3.25&#8243; custom_padding=\u00bb0px|0px|0px|0px\u00bb][et_pb_column type=\u00bb1_2&#8243; _builder_version=\u00bb3.25&#8243; custom_padding=\u00bb|||\u00bb custom_padding__hover=\u00bb|||\u00bb][et_pb_image src=\u00bbhttps:\/\/cordoba.salesianos.edu\/colegio\/wp-content\/uploads\/sites\/2\/2020\/10\/admisiones_titulojopa.png\u00bb align_tablet=\u00bbcenter\u00bb align_phone=\u00bb\u00bb align_last_edited=\u00bbon|desktop\u00bb _builder_version=\u00bb4.4.1&#8243; animation_style=\u00bbslide\u00bb animation_direction=\u00bbleft\u00bb animation_intensity_slide=\u00bb5%\u00bb][\/et_pb_image][et_pb_blurb use_icon=\u00bbon\u00bb font_icon=\u00bb%%236%%\u00bb icon_color=\u00bb#ffffff\u00bb icon_placement=\u00bbleft\u00bb content_max_width=\u00bb881px\u00bb use_icon_font_size=\u00bbon\u00bb icon_font_size=\u00bb55px\u00bb icon_font_size_tablet=\u00bb\u00bb icon_font_size_phone=\u00bb38px\u00bb icon_font_size_last_edited=\u00bbon|phone\u00bb module_class=\u00bbpagina-texto-light\u00bb _builder_version=\u00bb4.4.2&#8243; header_level=\u00bbh2&#8243; header_font=\u00bbLato|300|on||||||\u00bb header_font_size=\u00bb53px\u00bb header_letter_spacing=\u00bb1px\u00bb body_font=\u00bbLato|300|on||||||\u00bb body_font_size=\u00bb50px\u00bb body_line_height=\u00bb1.3em\u00bb background_layout=\u00bbdark\u00bb custom_padding=\u00bb|||\u00bb animation_style=\u00bbslide\u00bb animation_direction=\u00bbtop\u00bb animation_delay=\u00bb100ms\u00bb animation_intensity_slide=\u00bb5%\u00bb body_font_size_tablet=\u00bb\u00bb body_font_size_phone=\u00bb34px\u00bb body_font_size_last_edited=\u00bbon|phone\u00bb]<\/p>\n<p>DESDE CASA<\/p>\n<p>[\/et_pb_blurb][\/et_pb_column][et_pb_column type=\u00bb1_2&#8243; _builder_version=\u00bb3.25&#8243; custom_padding=\u00bb|||50px\u00bb custom_padding_tablet=\u00bb|||0px\u00bb custom_padding_phone=\u00bb|||0px\u00bb custom_padding_last_edited=\u00bbon|desktop\u00bb custom_padding__hover=\u00bb|||\u00bb][et_pb_text module_class=\u00bbpagina-texto-light\u00bb _builder_version=\u00bb4.4.2&#8243; text_font=\u00bb||||||||\u00bb text_font_size=\u00bb20px\u00bb text_line_height=\u00bb1.3em\u00bb background_layout=\u00bbdark\u00bb custom_margin=\u00bb||0px|\u00bb custom_padding=\u00bb|||\u00bb]<\/p>\n<p>Debido a la situaci\u00f3n actual, no celebraremos nuestras Jornadas de Puertas Abiertas de manera f\u00edsica pero vamos a esforzarnos al m\u00e1ximo para que puedas <strong>conocer todos los aspectos de nuestro centro de manera online<\/strong>.<\/p>\n<p>Para ello, hemos actualizado y mejorado este apartado y tambi\u00e9n hemos creado un nuevo espacio para mostrarte nuestras instalaciones.\u00a0<strong>Pincha sobre cualquier palabra o elemento que te llame la atenci\u00f3n<\/strong> para ver m\u00e1s informaci\u00f3n sobre ese tema en nuestra web.<\/p>\n<p>Al final de este apartado, encontrar\u00e1s una <strong>lista de preguntas frecuentes y un formulario para que nos env\u00edes tus propias preguntas<\/strong>, las cuales iremos respondiendo y a\u00f1adiendo a la lista.<\/p>\n<p>[\/et_pb_text][et_pb_button button_url=\u00bbhttps:\/\/alicante.salesianos.edu\/colegio\/admisiones\/#Comenzamos\u00bb button_text=\u00bb\u00a1Comenzamos!\u00bb _builder_version=\u00bb4.4.2&#8243; custom_button=\u00bbon\u00bb button_text_color=\u00bb#dc001b\u00bb button_bg_color=\u00bb#ffffff\u00bb button_border_width=\u00bb0px\u00bb button_icon=\u00bb%%40%%\u00bb button_text_color_hover=\u00bb#565656&#8243; button_bg_color_hover=\u00bb#ffffff\u00bb button_text_size__hover_enabled=\u00bboff\u00bb button_one_text_size__hover_enabled=\u00bboff\u00bb button_two_text_size__hover_enabled=\u00bboff\u00bb button_text_color__hover_enabled=\u00bbon\u00bb button_text_color__hover=\u00bb#565656&#8243; button_one_text_color__hover_enabled=\u00bboff\u00bb button_two_text_color__hover_enabled=\u00bboff\u00bb button_border_width__hover_enabled=\u00bboff\u00bb button_one_border_width__hover_enabled=\u00bboff\u00bb button_two_border_width__hover_enabled=\u00bboff\u00bb button_border_color__hover_enabled=\u00bboff\u00bb button_one_border_color__hover_enabled=\u00bboff\u00bb button_two_border_color__hover_enabled=\u00bboff\u00bb button_border_radius__hover_enabled=\u00bboff\u00bb button_one_border_radius__hover_enabled=\u00bboff\u00bb button_two_border_radius__hover_enabled=\u00bboff\u00bb button_letter_spacing__hover_enabled=\u00bboff\u00bb button_one_letter_spacing__hover_enabled=\u00bboff\u00bb button_two_letter_spacing__hover_enabled=\u00bboff\u00bb button_bg_color__hover_enabled=\u00bbon|desktop\u00bb button_bg_color__hover=\u00bb#ffffff\u00bb button_one_bg_color__hover_enabled=\u00bboff\u00bb button_two_bg_color__hover_enabled=\u00bboff\u00bb][\/et_pb_button][et_pb_toggle title=\u00bb\u00cdndice\u00bb open_toggle_text_color=\u00bb#dc001b\u00bb open_toggle_background_color=\u00bb#ffffff\u00bb closed_toggle_text_color=\u00bb#ffffff\u00bb closed_toggle_background_color=\u00bb#dc001b\u00bb icon_color=\u00bb#dbdbdb\u00bb _builder_version=\u00bb4.4.6&#8243; title_level=\u00bbh2&#8243; title_font=\u00bbLato|||on|||||\u00bb title_text_align=\u00bbleft\u00bb title_font_size=\u00bb16px\u00bb title_letter_spacing=\u00bb1px\u00bb body_font=\u00bbLato|||on|||||\u00bb body_text_color=\u00bb#51626f\u00bb body_font_size=\u00bb12px\u00bb body_link_text_color=\u00bb#dc001b\u00bb positioning=\u00bbfixed\u00bb position_origin_f=\u00bbbottom_right\u00bb vertical_offset=\u00bb20px\u00bb horizontal_offset=\u00bb20px\u00bb z_index=\u00bb500&#8243; text_orientation=\u00bbcenter\u00bb border_radii=\u00bbon|3px|3px|3px|3px\u00bb border_width_all=\u00bb0px\u00bb box_shadow_style=\u00bbpreset1&#8243; locked=\u00bboff\u00bb]<\/p>\n<p><a href=\"https:\/\/alicante.salesianos.edu\/colegio\/admisiones\/#info\">Admisiones<\/a><\/p>\n<p><a href=\"https:\/\/alicante.salesianos.edu\/colegio\/admisiones\/#CreciendoJuntos\">V\u00eddeo<\/a><\/p>\n<p><a href=\"https:\/\/alicante.salesianos.edu\/colegio\/instalaciones\/#deportivas\"><\/a><a href=\"https:\/\/alicante.salesianos.edu\/colegio\/admisiones\/#Identidad\">Identidad y estilo<\/a><\/p>\n<p><a href=\"https:\/\/alicante.salesianos.edu\/colegio\/admisiones\/#Etapas\">Etapas<\/a><\/p>\n<p><a href=\"https:\/\/alicante.salesianos.edu\/colegio\/admisiones\/#Caracteristicas\">Caracter\u00edsticas<\/a><\/p>\n<p><a href=\"https:\/\/alicante.salesianos.edu\/colegio\/admisiones\/#Servicios\">Servicios<\/a><\/p>\n<p><a href=\"https:\/\/alicante.salesianos.edu\/colegio\/admisiones\/#Instalaciones\">Instalaciones<\/a><\/p>\n<p><a href=\"https:\/\/alicante.salesianos.edu\/colegio\/admisiones\/#Obra\">Obra Salesiana<\/a><\/p>\n<p><a href=\"https:\/\/alicante.salesianos.edu\/colegio\/admisiones\/#Triptico\">Tr\u00edptico<\/a><\/p>\n<p><a href=\"https:\/\/alicante.salesianos.edu\/colegio\/admisiones\/#preguntasfrecuentes\">Preguntas frecuentes<\/a><\/p>\n<p>[\/et_pb_toggle][\/et_pb_column][\/et_pb_row][\/et_pb_section][et_pb_section fb_built=\u00bb1&#8243; module_id=\u00bbCreciendoJuntos\u00bb _builder_version=\u00bb4.4.6&#8243; custom_padding=\u00bb44px|||||\u00bb][et_pb_row module_id=\u00bbComenzamos\u00bb _builder_version=\u00bb4.4.2&#8243;][et_pb_column type=\u00bb4_4&#8243; _builder_version=\u00bb4.4.1&#8243;][et_pb_image src=\u00bbhttps:\/\/cordoba.salesianos.edu\/colegio\/wp-content\/uploads\/sites\/2\/2020\/10\/creciendojuntos_rojo.png\u00bb show_bottom_space=\u00bboff\u00bb _builder_version=\u00bb4.4.2&#8243; width=\u00bb90%\u00bb width_tablet=\u00bb\u00bb width_phone=\u00bb100%\u00bb width_last_edited=\u00bbon|phone\u00bb module_alignment=\u00bbcenter\u00bb filter_saturate=\u00bb90%\u00bb animation_style=\u00bbslide\u00bb animation_direction=\u00bbtop\u00bb animation_intensity_slide=\u00bb5%\u00bb][\/et_pb_image][et_pb_text module_class=\u00bbpagina-texto-light\u00bb _builder_version=\u00bb4.4.2&#8243; text_font=\u00bb||||||||\u00bb text_font_size=\u00bb25px\u00bb text_line_height=\u00bb1.6em\u00bb header_font=\u00bb||||||||\u00bb header_text_align=\u00bbcenter\u00bb header_2_font=\u00bbLato|300|||||||\u00bb header_2_text_align=\u00bbcenter\u00bb header_2_font_size=\u00bb32px\u00bb text_orientation=\u00bbcenter\u00bb custom_margin=\u00bb|||\u00bb custom_padding=\u00bb||2px|||\u00bb animation_style=\u00bbslide\u00bb animation_direction=\u00bbtop\u00bb animation_intensity_slide=\u00bb5%\u00bb text_font_size_tablet=\u00bb\u00bb text_font_size_phone=\u00bb20px\u00bb text_font_size_last_edited=\u00bbon|phone\u00bb]<\/p>\n<p>El Colegio Don Bosco lleva m\u00e1s de 100 a\u00f1os acompa\u00f1ando y viendo crecer a miles de ni\u00f1os, ni\u00f1as y j\u00f3venes de la ciudad de Alicante. Muchas son las historias vividas y los sue\u00f1os cumplidos a lo largo de los a\u00f1os, gracias a un proyecto de educaci\u00f3n integral que ha ido creciendo y evolucionando para adaptarse a las necesidades de nuestros alumnos y alumnas. Todo ello sin perder de vista aquello que nos identifica. Te invitamos a que lo descubras para que, juntos, sigamos haciendo crecer el sue\u00f1o de Don Bosco.<\/p>\n<p>[\/et_pb_text][\/et_pb_column][\/et_pb_row][\/et_pb_section][et_pb_section fb_built=\u00bb1&#8243; _builder_version=\u00bb4.4.1&#8243; width=\u00bb80%\u00bb max_width=\u00bb1300px\u00bb module_alignment=\u00bbcenter\u00bb custom_padding=\u00bb0px|0px|0px|0px|true|true\u00bb animation_style=\u00bbzoom\u00bb animation_duration=\u00bb1200ms\u00bb animation_intensity_zoom=\u00bb5%\u00bb border_radii=\u00bbon|10px|10px|10px|10px\u00bb box_shadow_style=\u00bbpreset1&#8243; box_shadow_blur=\u00bb80px\u00bb box_shadow_spread=\u00bb10px\u00bb box_shadow_color=\u00bbrgba(0,0,0,0.38)\u00bb][et_pb_row _builder_version=\u00bb4.4.6&#8243; width=\u00bb100%\u00bb max_width=\u00bb2560px\u00bb custom_padding=\u00bb0px||0px||true|false\u00bb border_radii=\u00bbon|10px|10px|10px|10px\u00bb][et_pb_column type=\u00bb4_4&#8243; _builder_version=\u00bb4.4.1&#8243;][et_pb_video src=\u00bbhttps:\/\/youtu.be\/L_zwc-W79NM\u00bb image_src=\u00bb\/\/i.ytimg.com\/vi\/L_zwc-W79NM\/hqdefault.jpg\u00bb thumbnail_overlay_color=\u00bbrgba(0,0,0,0.6)\u00bb _builder_version=\u00bb4.4.2&#8243; border_radii=\u00bbon|10px|10px|10px|10px\u00bb box_shadow_style=\u00bbpreset3&#8243;][\/et_pb_video][\/et_pb_column][\/et_pb_row][\/et_pb_section][et_pb_section fb_built=\u00bb1&#8243; module_id=\u00bbIdentidad\u00bb _builder_version=\u00bb4.4.6&#8243; custom_padding=\u00bb70px|0px|25px|0px|false|false\u00bb top_divider_color=\u00bb#dc001b\u00bb locked=\u00bboff\u00bb][et_pb_row _builder_version=\u00bb3.25&#8243; custom_padding=\u00bb50px|0px|40px|0px|false|false\u00bb][et_pb_column type=\u00bb4_4&#8243; _builder_version=\u00bb3.25&#8243; custom_padding=\u00bb|||\u00bb custom_padding__hover=\u00bb|||\u00bb][et_pb_text _builder_version=\u00bb3.27.4&#8243; text_font=\u00bb|300|||||||\u00bb text_text_color=\u00bb#e02b20&#8243; text_font_size=\u00bb29px\u00bb header_font=\u00bb||||||||\u00bb header_2_font=\u00bbLato|300|||||||\u00bb header_2_font_size=\u00bb32px\u00bb custom_margin=\u00bb|||\u00bb custom_padding=\u00bb||15px|\u00bb]<\/p>\n<h2>Somos escuela<\/h2>\n<p>[\/et_pb_text][et_pb_blurb title=\u00bbCat\u00f3lica\u00bb use_icon=\u00bbon\u00bb font_icon=\u00bb%%45%%\u00bb icon_color=\u00bb#e02b20&#8243; icon_placement=\u00bbleft\u00bb content_max_width=\u00bb881px\u00bb _builder_version=\u00bb4.4.2&#8243; header_level=\u00bbh3&#8243; header_font=\u00bbLato|700|||||||\u00bb header_font_size=\u00bb21px\u00bb header_line_height=\u00bb1.3em\u00bb body_font=\u00bb||||||||\u00bb body_font_size=\u00bb15px\u00bb body_line_height=\u00bb1.3em\u00bb custom_padding=\u00bb||10px|\u00bb]Que tiene como misi\u00f3n ofrecer una educaci\u00f3n integral de calidad, basada en los valores del Evangelio y que busca la formaci\u00f3n de todas las dimensiones de la persona.[\/et_pb_blurb][et_pb_blurb title=\u00bbConcertada\u00bb use_icon=\u00bbon\u00bb font_icon=\u00bb%%45%%\u00bb icon_color=\u00bb#e02b20&#8243; icon_placement=\u00bbleft\u00bb content_max_width=\u00bb881px\u00bb _builder_version=\u00bb3.0.100&#8243; header_level=\u00bbh3&#8243; header_font=\u00bbLato|700|||||||\u00bb header_font_size=\u00bb21px\u00bb header_line_height=\u00bb1.3em\u00bb body_font=\u00bb||||||||\u00bb body_font_size=\u00bb15px\u00bb body_line_height=\u00bb1.3em\u00bb custom_padding=\u00bb||10px|\u00bb]Todas nuestras etapas, desde <a href=\"https:\/\/alicante.salesianos.edu\/colegio\/infantil\/\">Infantil<\/a> hasta <a href=\"https:\/\/alicante.salesianos.edu\/colegio\/bachillerato\/\">Bachillerato<\/a>, est\u00e1n concertadas, acogi\u00e9ndonos a la financiaci\u00f3n p\u00fablica de acuerdo con las leyes para garantizar la gratuidad de la educaci\u00f3n.[\/et_pb_blurb][et_pb_blurb title=\u00bbSalesiana\u00bb use_icon=\u00bbon\u00bb font_icon=\u00bb%%45%%\u00bb icon_color=\u00bb#e02b20&#8243; icon_placement=\u00bbleft\u00bb content_max_width=\u00bb881px\u00bb _builder_version=\u00bb3.0.100&#8243; header_level=\u00bbh3&#8243; header_font=\u00bbLato|700|||||||\u00bb header_font_size=\u00bb21px\u00bb header_line_height=\u00bb1.3em\u00bb body_font=\u00bb||||||||\u00bb body_font_size=\u00bb15px\u00bb body_line_height=\u00bb1.3em\u00bb custom_padding=\u00bb||10px|\u00bb]<\/p>\n<div class=\"page\" title=\"Page 2\">\n<div class=\"layoutArea\">\n<div class=\"column\">\n<p>Los Salesianos somos una congregaci\u00f3n religiosa fundada\u00a0por San Juan Bosco.\u00a0Nuestra misi\u00f3n, dentro de la Iglesia, es la educaci\u00f3n y la evangelizaci\u00f3n de los j\u00f3venes siguiendo el estilo que nos caracteriza.<\/p>\n<\/div>\n<\/div>\n<\/div>\n<p>[\/et_pb_blurb][et_pb_blurb title=\u00bbPopular, inclusiva, libre y abierta\u00bb use_icon=\u00bbon\u00bb font_icon=\u00bb%%45%%\u00bb icon_color=\u00bb#e02b20&#8243; icon_placement=\u00bbleft\u00bb content_max_width=\u00bb881px\u00bb _builder_version=\u00bb3.0.100&#8243; header_level=\u00bbh3&#8243; header_font=\u00bbLato|700|||||||\u00bb header_font_size=\u00bb21px\u00bb header_line_height=\u00bb1.3em\u00bb body_font=\u00bb||||||||\u00bb body_font_size=\u00bb15px\u00bb body_line_height=\u00bb1.3em\u00bb custom_padding=\u00bb||10px|\u00bb]Abierta a todas las clases sociales y necesidades educativas, que da preferencia a los m\u00e1s necesitados y antepone el criterio de promoci\u00f3n de todos al de la selecci\u00f3n de los mejores.<\/p>\n<p>En definitiva, es una <a href=\"https:\/\/alicante.salesianos.edu\/colegio\/propuesta-educativa\/\">propuesta educativa<\/a> claramente definida pero respetuosa con otras opciones educativas.[\/et_pb_blurb][et_pb_button button_url=\u00bbhttps:\/\/alicante.salesianos.edu\/colegio\/propuesta-educativa\/#MisionVisionValores\u00bb button_text=\u00bbMisi\u00f3n, visi\u00f3n y valores\u00bb button_alignment=\u00bbcenter\u00bb _builder_version=\u00bb3.16.1&#8243; custom_button=\u00bbon\u00bb button_text_color=\u00bb#ffffff\u00bb button_bg_color=\u00bb#dc001b\u00bb button_border_width=\u00bb0px\u00bb button_font=\u00bb||||||||\u00bb][\/et_pb_button][\/et_pb_column][\/et_pb_row][\/et_pb_section][et_pb_section fb_built=\u00bb1&#8243; _builder_version=\u00bb3.22.3&#8243; custom_padding=\u00bb0px|0px|0px|0px\u00bb box_shadow_style=\u00bbpreset1&#8243; box_shadow_blur=\u00bb23px\u00bb box_shadow_spread=\u00bb7px\u00bb][et_pb_row _builder_version=\u00bb3.25&#8243; width=\u00bb100%\u00bb max_width=\u00bb100%\u00bb custom_padding=\u00bb0px|0px|0px|0px\u00bb use_custom_width=\u00bbon\u00bb width_unit=\u00bboff\u00bb custom_width_percent=\u00bb100%\u00bb locked=\u00bboff\u00bb][et_pb_column type=\u00bb4_4&#8243; _builder_version=\u00bb3.25&#8243; custom_padding=\u00bb|||\u00bb custom_padding__hover=\u00bb|||\u00bb][et_pb_slider show_arrows=\u00bboff\u00bb show_pagination=\u00bboff\u00bb _builder_version=\u00bb4.4.2&#8243; header_font=\u00bb||||||||\u00bb custom_margin=\u00bb|||\u00bb custom_padding=\u00bb125px||125px|\u00bb custom_padding_tablet=\u00bb75px||75px|\u00bb custom_padding_phone=\u00bb70px||70px|\u00bb custom_padding_last_edited=\u00bbon|phone\u00bb filter_saturate=\u00bb106%\u00bb filter_brightness=\u00bb109%\u00bb auto=\u00bbon\u00bb auto_ignore_hover=\u00bbon\u00bb button_text_size__hover_enabled=\u00bboff\u00bb button_one_text_size__hover_enabled=\u00bboff\u00bb button_two_text_size__hover_enabled=\u00bboff\u00bb button_text_color__hover_enabled=\u00bboff\u00bb button_one_text_color__hover_enabled=\u00bboff\u00bb button_two_text_color__hover_enabled=\u00bboff\u00bb button_border_width__hover_enabled=\u00bboff\u00bb button_one_border_width__hover_enabled=\u00bboff\u00bb button_two_border_width__hover_enabled=\u00bboff\u00bb button_border_color__hover_enabled=\u00bboff\u00bb button_one_border_color__hover_enabled=\u00bboff\u00bb button_two_border_color__hover_enabled=\u00bboff\u00bb button_border_radius__hover_enabled=\u00bboff\u00bb button_one_border_radius__hover_enabled=\u00bboff\u00bb button_two_border_radius__hover_enabled=\u00bboff\u00bb button_letter_spacing__hover_enabled=\u00bboff\u00bb button_one_letter_spacing__hover_enabled=\u00bboff\u00bb button_two_letter_spacing__hover_enabled=\u00bboff\u00bb button_bg_color__hover_enabled=\u00bboff\u00bb button_one_bg_color__hover_enabled=\u00bboff\u00bb button_two_bg_color__hover_enabled=\u00bboff\u00bb][et_pb_slide _builder_version=\u00bb4.4.2&#8243; background_color=\u00bb#ffffff\u00bb background_image=\u00bbhttps:\/\/cordoba.salesianos.edu\/colegio\/wp-content\/uploads\/sites\/2\/2020\/10\/encabezado_alumnado-min-2.jpg\u00bb button_text_size__hover_enabled=\u00bboff\u00bb button_one_text_size__hover_enabled=\u00bboff\u00bb button_two_text_size__hover_enabled=\u00bboff\u00bb button_text_color__hover_enabled=\u00bboff\u00bb button_one_text_color__hover_enabled=\u00bboff\u00bb button_two_text_color__hover_enabled=\u00bboff\u00bb button_border_width__hover_enabled=\u00bboff\u00bb button_one_border_width__hover_enabled=\u00bboff\u00bb button_two_border_width__hover_enabled=\u00bboff\u00bb button_border_color__hover_enabled=\u00bboff\u00bb button_one_border_color__hover_enabled=\u00bboff\u00bb button_two_border_color__hover_enabled=\u00bboff\u00bb button_border_radius__hover_enabled=\u00bboff\u00bb button_one_border_radius__hover_enabled=\u00bboff\u00bb button_two_border_radius__hover_enabled=\u00bboff\u00bb button_letter_spacing__hover_enabled=\u00bboff\u00bb button_one_letter_spacing__hover_enabled=\u00bboff\u00bb button_two_letter_spacing__hover_enabled=\u00bboff\u00bb button_bg_color__hover_enabled=\u00bboff\u00bb button_one_bg_color__hover_enabled=\u00bboff\u00bb button_two_bg_color__hover_enabled=\u00bboff\u00bb sticky_transition=\u00bbon\u00bb][\/et_pb_slide][et_pb_slide _builder_version=\u00bb4.4.2&#8243; background_color=\u00bb#ffffff\u00bb background_image=\u00bbhttps:\/\/cordoba.salesianos.edu\/colegio\/wp-content\/uploads\/sites\/2\/2020\/10\/encabezado_don_bosco_valdocco_2.jpg\u00bb button_text_size__hover_enabled=\u00bboff\u00bb button_one_text_size__hover_enabled=\u00bboff\u00bb button_two_text_size__hover_enabled=\u00bboff\u00bb button_text_color__hover_enabled=\u00bboff\u00bb button_one_text_color__hover_enabled=\u00bboff\u00bb button_two_text_color__hover_enabled=\u00bboff\u00bb button_border_width__hover_enabled=\u00bboff\u00bb button_one_border_width__hover_enabled=\u00bboff\u00bb button_two_border_width__hover_enabled=\u00bboff\u00bb button_border_color__hover_enabled=\u00bboff\u00bb button_one_border_color__hover_enabled=\u00bboff\u00bb button_two_border_color__hover_enabled=\u00bboff\u00bb button_border_radius__hover_enabled=\u00bboff\u00bb button_one_border_radius__hover_enabled=\u00bboff\u00bb button_two_border_radius__hover_enabled=\u00bboff\u00bb button_letter_spacing__hover_enabled=\u00bboff\u00bb button_one_letter_spacing__hover_enabled=\u00bboff\u00bb button_two_letter_spacing__hover_enabled=\u00bboff\u00bb button_bg_color__hover_enabled=\u00bboff\u00bb button_one_bg_color__hover_enabled=\u00bboff\u00bb button_two_bg_color__hover_enabled=\u00bboff\u00bb sticky_transition=\u00bbon\u00bb][\/et_pb_slide][et_pb_slide _builder_version=\u00bb4.4.2&#8243; background_color=\u00bb#ffffff\u00bb background_image=\u00bbhttps:\/\/cordoba.salesianos.edu\/colegio\/wp-content\/uploads\/sites\/2\/2020\/10\/encabezado_claustro-min.jpg\u00bb button_text_size__hover_enabled=\u00bboff\u00bb button_one_text_size__hover_enabled=\u00bboff\u00bb button_two_text_size__hover_enabled=\u00bboff\u00bb button_text_color__hover_enabled=\u00bboff\u00bb button_one_text_color__hover_enabled=\u00bboff\u00bb button_two_text_color__hover_enabled=\u00bboff\u00bb button_border_width__hover_enabled=\u00bboff\u00bb button_one_border_width__hover_enabled=\u00bboff\u00bb button_two_border_width__hover_enabled=\u00bboff\u00bb button_border_color__hover_enabled=\u00bboff\u00bb button_one_border_color__hover_enabled=\u00bboff\u00bb button_two_border_color__hover_enabled=\u00bboff\u00bb button_border_radius__hover_enabled=\u00bboff\u00bb button_one_border_radius__hover_enabled=\u00bboff\u00bb button_two_border_radius__hover_enabled=\u00bboff\u00bb button_letter_spacing__hover_enabled=\u00bboff\u00bb button_one_letter_spacing__hover_enabled=\u00bboff\u00bb button_two_letter_spacing__hover_enabled=\u00bboff\u00bb button_bg_color__hover_enabled=\u00bboff\u00bb button_one_bg_color__hover_enabled=\u00bboff\u00bb button_two_bg_color__hover_enabled=\u00bboff\u00bb sticky_transition=\u00bbon\u00bb][\/et_pb_slide][et_pb_slide _builder_version=\u00bb4.4.2&#8243; background_color=\u00bb#ffffff\u00bb background_image=\u00bbhttps:\/\/cordoba.salesianos.edu\/colegio\/wp-content\/uploads\/sites\/2\/2020\/10\/encabezado_cuadros_historia_salesianos.jpg\u00bb button_text_size__hover_enabled=\u00bboff\u00bb button_one_text_size__hover_enabled=\u00bboff\u00bb button_two_text_size__hover_enabled=\u00bboff\u00bb button_text_color__hover_enabled=\u00bboff\u00bb button_one_text_color__hover_enabled=\u00bboff\u00bb button_two_text_color__hover_enabled=\u00bboff\u00bb button_border_width__hover_enabled=\u00bboff\u00bb button_one_border_width__hover_enabled=\u00bboff\u00bb button_two_border_width__hover_enabled=\u00bboff\u00bb button_border_color__hover_enabled=\u00bboff\u00bb button_one_border_color__hover_enabled=\u00bboff\u00bb button_two_border_color__hover_enabled=\u00bboff\u00bb button_border_radius__hover_enabled=\u00bboff\u00bb button_one_border_radius__hover_enabled=\u00bboff\u00bb button_two_border_radius__hover_enabled=\u00bboff\u00bb button_letter_spacing__hover_enabled=\u00bboff\u00bb button_one_letter_spacing__hover_enabled=\u00bboff\u00bb button_two_letter_spacing__hover_enabled=\u00bboff\u00bb button_bg_color__hover_enabled=\u00bboff\u00bb button_one_bg_color__hover_enabled=\u00bboff\u00bb button_two_bg_color__hover_enabled=\u00bboff\u00bb sticky_transition=\u00bbon\u00bb][\/et_pb_slide][et_pb_slide _builder_version=\u00bb4.4.2&#8243; background_color=\u00bb#ffffff\u00bb background_image=\u00bbhttps:\/\/cordoba.salesianos.edu\/colegio\/wp-content\/uploads\/sites\/2\/2020\/10\/encabezado_infantil_2020-min.png\u00bb background_enable_image=\u00bbon\u00bb button_text_size__hover_enabled=\u00bboff\u00bb button_one_text_size__hover_enabled=\u00bboff\u00bb button_two_text_size__hover_enabled=\u00bboff\u00bb button_text_color__hover_enabled=\u00bboff\u00bb button_one_text_color__hover_enabled=\u00bboff\u00bb button_two_text_color__hover_enabled=\u00bboff\u00bb button_border_width__hover_enabled=\u00bboff\u00bb button_one_border_width__hover_enabled=\u00bboff\u00bb button_two_border_width__hover_enabled=\u00bboff\u00bb button_border_color__hover_enabled=\u00bboff\u00bb button_one_border_color__hover_enabled=\u00bboff\u00bb button_two_border_color__hover_enabled=\u00bboff\u00bb button_border_radius__hover_enabled=\u00bboff\u00bb button_one_border_radius__hover_enabled=\u00bboff\u00bb button_two_border_radius__hover_enabled=\u00bboff\u00bb button_letter_spacing__hover_enabled=\u00bboff\u00bb button_one_letter_spacing__hover_enabled=\u00bboff\u00bb button_two_letter_spacing__hover_enabled=\u00bboff\u00bb button_bg_color__hover_enabled=\u00bboff\u00bb button_one_bg_color__hover_enabled=\u00bboff\u00bb button_two_bg_color__hover_enabled=\u00bboff\u00bb sticky_transition=\u00bbon\u00bb][\/et_pb_slide][et_pb_slide _builder_version=\u00bb4.4.2&#8243; background_color=\u00bb#ffffff\u00bb background_image=\u00bbhttps:\/\/cordoba.salesianos.edu\/colegio\/wp-content\/uploads\/sites\/2\/2020\/10\/encabezado_bachillerato2-min.jpg\u00bb background_enable_image=\u00bbon\u00bb button_text_size__hover_enabled=\u00bboff\u00bb button_one_text_size__hover_enabled=\u00bboff\u00bb button_two_text_size__hover_enabled=\u00bboff\u00bb button_text_color__hover_enabled=\u00bboff\u00bb button_one_text_color__hover_enabled=\u00bboff\u00bb button_two_text_color__hover_enabled=\u00bboff\u00bb button_border_width__hover_enabled=\u00bboff\u00bb button_one_border_width__hover_enabled=\u00bboff\u00bb button_two_border_width__hover_enabled=\u00bboff\u00bb button_border_color__hover_enabled=\u00bboff\u00bb button_one_border_color__hover_enabled=\u00bboff\u00bb button_two_border_color__hover_enabled=\u00bboff\u00bb button_border_radius__hover_enabled=\u00bboff\u00bb button_one_border_radius__hover_enabled=\u00bboff\u00bb button_two_border_radius__hover_enabled=\u00bboff\u00bb button_letter_spacing__hover_enabled=\u00bboff\u00bb button_one_letter_spacing__hover_enabled=\u00bboff\u00bb button_two_letter_spacing__hover_enabled=\u00bboff\u00bb button_bg_color__hover_enabled=\u00bboff\u00bb button_one_bg_color__hover_enabled=\u00bboff\u00bb button_two_bg_color__hover_enabled=\u00bboff\u00bb sticky_transition=\u00bbon\u00bb][\/et_pb_slide][\/et_pb_slider][\/et_pb_column][\/et_pb_row][\/et_pb_section][et_pb_section fb_built=\u00bb1&#8243; _builder_version=\u00bb3.22.3&#8243; custom_padding=\u00bb40px|0px|30px|0px\u00bb][et_pb_row _builder_version=\u00bb3.25&#8243;][et_pb_column type=\u00bb4_4&#8243; _builder_version=\u00bb3.25&#8243; custom_padding=\u00bb|||\u00bb custom_padding__hover=\u00bb|||\u00bb][et_pb_text _builder_version=\u00bb3.27.4&#8243; text_font=\u00bb|300|||||||\u00bb text_text_color=\u00bb#e02b20&#8243; text_font_size=\u00bb29px\u00bb header_font=\u00bb||||||||\u00bb header_2_font=\u00bbLato|300|||||||\u00bb header_2_font_size=\u00bb32px\u00bb custom_margin=\u00bb|||\u00bb custom_padding=\u00bb||15px|\u00bb]<\/p>\n<h2>Con estilo propio<\/h2>\n<p>[\/et_pb_text][et_pb_text _builder_version=\u00bb4.4.2&#8243; text_font=\u00bb|300|on||||||\u00bb text_font_size=\u00bb17px\u00bb quote_font=\u00bb|300|on||||||\u00bb]<\/p>\n<blockquote>\n<p>El estilo salesiano se basa en la <strong>pedagog\u00eda de Don Bosco<\/strong> y su <a href=\"sistema-preventivo\/\"><strong>Sistema Preventivo<\/strong><\/a>\u00a0para crear un\u00a0ambiente educativo que acoge al alumno tal y \u00a0como es y le ayuda a crecer mediante <strong>m\u00faltiples propuestas educativas<\/strong>, no s\u00f3lo en las horas lectivas, sino con otras actividades formativas al margen del horario escolar.<\/p>\n<p>&nbsp;<\/p>\n<p>Se presenta como <strong>familia educadora<\/strong>, de forma que los j\u00f3venes encuentren aqu\u00ed \u00absu propia casa\u00bb, sienti\u00e9ndose amados y valorados con\u00a0un <strong>cari\u00f1o<\/strong> que el alumno percibe y nota por parte del docente, que se preocupa por su maduraci\u00f3n y futuro.<\/p>\n<p>&nbsp;<\/p>\n<p>Es una escuela que destaca por su ambiente de acogida y <strong>cercan\u00eda<\/strong> en el que los alumnos son los protagonistas, en especial <strong>aquellos m\u00e1s necesitados<\/strong>.\u00a0Una escuela que \u00abeduca evangelizando y evangeliza educando\u00bb para conseguir formar\u00a0\u00abhonrados ciudadanos y buenos cristianos\u00bb.<\/p>\n<\/blockquote>\n<p>[\/et_pb_text][et_pb_blurb title=\u00bbSobre el estilo salesiano\u00bb url=\u00bbhttp:\/\/www.pastoraljuvenil.es\/estilo-salesiano\/\u00bb url_new_window=\u00bbon\u00bb use_icon=\u00bbon\u00bb font_icon=\u00bb%%375%%\u00bb icon_color=\u00bb#e02b20&#8243; icon_placement=\u00bbleft\u00bb content_max_width=\u00bb825px\u00bb use_icon_font_size=\u00bbon\u00bb icon_font_size=\u00bb53px\u00bb _builder_version=\u00bb4.4.2&#8243; header_level=\u00bbh3&#8243; header_font=\u00bb|300|||||||\u00bb header_font_size=\u00bb21px\u00bb body_font=\u00bb||||||||\u00bb body_font_size=\u00bb15px\u00bb body_line_height=\u00bb1.3em\u00bb background_enable_color=\u00bboff\u00bb text_orientation=\u00bbcenter\u00bb custom_margin=\u00bb|||\u00bb custom_padding=\u00bb20px|25px|20px|25px|false|false\u00bb link_option_url=\u00bbhttp:\/\/www.pastoraljuvenil.es\/estilo-salesiano\/\u00bb border_radii=\u00bbon|20px|20px|20px|20px\u00bb background__hover_enabled=\u00bboff|hover\u00bb background_color__hover=\u00bb#f4f4f4&#8243; background_enable_color__hover=\u00bbon\u00bb transform_styles__hover_enabled=\u00bbon|hover\u00bb transform_scale__hover_enabled=\u00bbon|hover\u00bb transform_translate__hover_enabled=\u00bbon|desktop\u00bb transform_rotate__hover_enabled=\u00bbon|desktop\u00bb transform_skew__hover_enabled=\u00bbon|desktop\u00bb transform_origin__hover_enabled=\u00bbon|desktop\u00bb transform_scale__hover=\u00bb106%|106%\u00bb]Mar\u00eda, una monitora de un centro juvenil de Lugo, nos cuenta lo que significa para ella el \u00abestilo salesiano\u00bb.[\/et_pb_blurb][\/et_pb_column][\/et_pb_row][et_pb_row column_structure=\u00bb1_3,1_3,1_3&#8243; custom_padding_last_edited=\u00bbon|desktop\u00bb _builder_version=\u00bb4.4.2&#8243; width=\u00bb90%\u00bb width_tablet=\u00bb80%\u00bb width_phone=\u00bb\u00bb width_last_edited=\u00bbon|phone\u00bb max_width=\u00bb1300px\u00bb custom_padding=\u00bb34px||50px|||\u00bb custom_padding_tablet=\u00bb\u00bb custom_padding_phone=\u00bb0px||0px|\u00bb][et_pb_column type=\u00bb1_3&#8243; _builder_version=\u00bb3.25&#8243; custom_padding=\u00bb|10px||\u00bb custom_padding_tablet=\u00bb|0px||\u00bb custom_padding_phone=\u00bb|0px|20px|\u00bb custom_padding_last_edited=\u00bbon|phone\u00bb custom_padding__hover=\u00bb|||\u00bb][et_pb_blurb title=\u00bbSomos una gran familia\u00bb use_icon=\u00bbon\u00bb font_icon=\u00bb%%102%%\u00bb content_max_width=\u00bb825px\u00bb _builder_version=\u00bb4.4.2&#8243; header_level=\u00bbh3&#8243; header_font=\u00bbLato|700|||||||\u00bb header_font_size=\u00bb21px\u00bb header_line_height=\u00bb1.3em\u00bb body_font=\u00bb||||||||\u00bb body_font_size=\u00bb15px\u00bb body_line_height=\u00bb1.4em\u00bb text_orientation=\u00bbcenter\u00bb custom_margin=\u00bb|||\u00bb custom_padding=\u00bb20px|40px|20px|40px\u00bb custom_padding_tablet=\u00bb\u00bb custom_padding_phone=\u00bb|25px||25px\u00bb custom_padding_last_edited=\u00bbon|phone\u00bb animation=\u00bboff\u00bb box_shadow_style=\u00bbpreset3&#8243; box_shadow_color=\u00bbrgba(0,0,0,0.2)\u00bb transform_styles__hover_enabled=\u00bboff|desktop\u00bb transform_scale__hover_enabled=\u00bboff|desktop\u00bb transform_translate__hover_enabled=\u00bboff|desktop\u00bb transform_rotate__hover_enabled=\u00bboff|desktop\u00bb transform_skew__hover_enabled=\u00bboff|desktop\u00bb transform_origin__hover_enabled=\u00bboff|desktop\u00bb transform_scale__hover=\u00bb106%|106%\u00bb]<\/p>\n<p style=\"text-align: justify;\">Si algo distingue a una escuela salesiana es la acogida incondicional y el ambiente de familia. Te aseguramos que aqu\u00ed <strong>te sentir\u00e1s como en casa<\/strong>.<\/p>\n<p style=\"text-align: justify;\">Para ello, tendr\u00e1s m\u00faltiples formas de <strong>involucrarte con el colegio como madre o padre<\/strong>: actividades y\u00a0<a href=\"https:\/\/alicante.salesianos.edu\/apas\/fiestas-en-familia\/\">fiestas<\/a>\u00a0en familia, colaboraci\u00f3n en actividades escolares, ofertas de voluntariado, excursiones, talleres,\u00a0<a href=\"https:\/\/alicante.salesianos.edu\/apas\/escuela%20de%20padres\/\">Escuela de Padres<\/a>,\u00a0<a href=\"https:\/\/alicante.salesianos.edu\/apas\/\">APAS<\/a>,&#8230; adem\u00e1s de todas las posibilidades que te ofrece la <strong>Obra Salesiana de Alicante<\/strong>.<\/p>\n<p>[\/et_pb_blurb][\/et_pb_column][et_pb_column type=\u00bb1_3&#8243; _builder_version=\u00bb4.4.2&#8243;][et_pb_blurb title=\u00bbUn colegio de puertas abiertas\u00bb use_icon=\u00bbon\u00bb font_icon=\u00bb%%92%%\u00bb content_max_width=\u00bb825px\u00bb _builder_version=\u00bb4.4.2&#8243; header_level=\u00bbh3&#8243; header_font=\u00bbLato|700|||||||\u00bb header_font_size=\u00bb21px\u00bb header_line_height=\u00bb1.3em\u00bb body_font=\u00bb||||||||\u00bb body_font_size=\u00bb15px\u00bb body_line_height=\u00bb1.4em\u00bb text_orientation=\u00bbcenter\u00bb custom_margin=\u00bb|||\u00bb custom_padding=\u00bb20px|40px|20px|40px\u00bb custom_padding_tablet=\u00bb\u00bb custom_padding_phone=\u00bb|25px||25px\u00bb custom_padding_last_edited=\u00bbon|phone\u00bb animation=\u00bboff\u00bb box_shadow_style=\u00bbpreset3&#8243; box_shadow_color=\u00bbrgba(0,0,0,0.2)\u00bb transform_styles__hover_enabled=\u00bboff|desktop\u00bb transform_scale__hover_enabled=\u00bboff|desktop\u00bb transform_translate__hover_enabled=\u00bboff|desktop\u00bb transform_rotate__hover_enabled=\u00bboff|desktop\u00bb transform_skew__hover_enabled=\u00bboff|desktop\u00bb transform_origin__hover_enabled=\u00bboff|desktop\u00bb transform_scale__hover=\u00bb106%|106%\u00bb]<\/p>\n<p style=\"text-align: justify;\">Una vez suena el timbre que marca el fin de las clases de la tarde, el colegio se llena de vida con familias que se quedan a disfrutar de las instalaciones y un sinf\u00edn de <a href=\"https:\/\/alicante.salesianos.edu\/colegio\/extraescolares\/\" title=\"M\u00e1s informaci\u00f3n sobre nuestras actividades extraescolares\">actividades extraescolares<\/a>, eventos, ensayos, <a href=\"https:\/\/alicante.salesianos.edu\/deporte\/club\/\" title=\"M\u00e1s informaci\u00f3n sobre nuestro club deportivo\">entrenamientos<\/a> y mucho m\u00e1s. Todo ello sin hablar del fin de semana, momento en el cual nuestras <a href=\"https:\/\/alicante.salesianos.edu\/centrojuvenil\/\" title=\"M\u00e1s informaci\u00f3n sobre nuestros centros juveniles\">asociaciones<\/a> y <a href=\"https:\/\/alicante.salesianos.edu\/mjs\/\" title=\"M\u00e1s informaci\u00f3n sobre el Movimiento Juvenil Salesiano\">grupos juveniles<\/a> llevan a cabo sus proyectos de tiempo libre.<\/p>\n<p style=\"text-align: justify;\">Adem\u00e1s, nuestras <a href=\"https:\/\/alicante.salesianos.edu\/colegio\/instalaciones\/\" title=\"M\u00e1s informaci\u00f3n sobre nuestras instalaciones\">instalaciones deportivas<\/a> permanecen abiertas al p\u00fablico de lunes a sabado hasta casi la media noche para quien quiera hacer uso de ellas.<\/p>\n<p>[\/et_pb_blurb][\/et_pb_column][et_pb_column type=\u00bb1_3&#8243; _builder_version=\u00bb3.25&#8243; custom_padding=\u00bb|||10px\u00bb custom_padding_tablet=\u00bb|||0px\u00bb custom_padding_phone=\u00bb|||0px\u00bb custom_padding_last_edited=\u00bbon|desktop\u00bb custom_padding__hover=\u00bb|||\u00bb][et_pb_blurb title=\u00bbPasar\u00e1s a formar parte de algo grande\u00bb use_icon=\u00bbon\u00bb font_icon=\u00bb%%159%%\u00bb content_max_width=\u00bb825px\u00bb _builder_version=\u00bb4.4.1&#8243; header_level=\u00bbh3&#8243; header_font=\u00bbLato|700|||||||\u00bb header_font_size=\u00bb21px\u00bb header_line_height=\u00bb1.3em\u00bb body_font=\u00bb||||||||\u00bb body_font_size=\u00bb15px\u00bb body_line_height=\u00bb1.4em\u00bb text_orientation=\u00bbcenter\u00bb custom_margin=\u00bb|||\u00bb custom_padding=\u00bb20px|40px|20px|40px\u00bb custom_padding_tablet=\u00bb\u00bb custom_padding_phone=\u00bb|25px||25px\u00bb custom_padding_last_edited=\u00bbon|phone\u00bb animation=\u00bboff\u00bb border_radii=\u00bbon|10px|10px|10px|10px\u00bb box_shadow_style=\u00bbpreset3&#8243; box_shadow_color=\u00bbrgba(0,0,0,0.2)\u00bb]<\/p>\n<p style=\"text-align: justify;\">Los <a href=\"http:\/\/www.sdb.org\/es\/\" target=\"_blank\" rel=\"noopener noreferrer\">Salesianos<\/a> <strong>estamos en m\u00e1s de 130 pa\u00edses<\/strong> y nos organizamos por inspector\u00edas. En nuestro caso, pertenecemos a la <a href=\"http:\/\/www.salesianos.edu\/\" target=\"_blank\" rel=\"noopener noreferrer\">Inspector\u00eda M\u00aa Auxiliadora<\/a>, que agrupa 59 centros,\u00a03.374 profesores y 49.243 alumnos en el \u00e1rea mediterranea de la pen\u00ednsula.<\/p>\n<p style=\"text-align: justify;\">Nuestras escuelas potencian la <strong>coordinaci\u00f3n<\/strong> y el trabajo conjunto entre ellas como partes imprescindibles de un proyecto mayor, aunando fuerzas para dar m\u00e1s calidad y valor a nuestro proyecto educativo.<\/p>\n<p>[\/et_pb_blurb][\/et_pb_column][\/et_pb_row][\/et_pb_section][et_pb_section fb_built=\u00bb1&#8243; _builder_version=\u00bb3.22.3&#8243; background_color=\u00bb#eaeaea\u00bb use_background_color_gradient=\u00bbon\u00bb background_color_gradient_start=\u00bb#ffffff\u00bb background_color_gradient_end=\u00bb#e5e5e5&#8243; custom_margin=\u00bb||0px|\u00bb custom_padding=\u00bb25px|0px|40px|0px\u00bb box_shadow_style=\u00bbpreset3&#8243;][et_pb_row _builder_version=\u00bb3.25&#8243; custom_padding=\u00bb26.375px|0px|0px|0px\u00bb][et_pb_column type=\u00bb4_4&#8243; _builder_version=\u00bb3.25&#8243; custom_padding=\u00bb|||\u00bb custom_padding__hover=\u00bb|||\u00bb][et_pb_text disabled_on=\u00bboff|off|off\u00bb _builder_version=\u00bb4.0.6&#8243; text_font=\u00bb|300|||||||\u00bb text_text_color=\u00bb#e02b20&#8243; text_font_size=\u00bb29px\u00bb header_font=\u00bb||||||||\u00bb header_2_font=\u00bbLato|300|||||||\u00bb header_2_text_align=\u00bbleft\u00bb header_2_font_size=\u00bb32px\u00bb custom_margin=\u00bb|||\u00bb custom_padding=\u00bb|||\u00bb header_2_text_align_tablet=\u00bbcenter\u00bb header_2_text_align_phone=\u00bb\u00bb header_2_text_align_last_edited=\u00bbon|desktop\u00bb]<\/p>\n<h2>El colegio en cifras<\/h2>\n<p>[\/et_pb_text][\/et_pb_column][\/et_pb_row][et_pb_row column_structure=\u00bb1_4,1_4,1_4,1_4&#8243; _builder_version=\u00bb3.25&#8243;][et_pb_column type=\u00bb1_4&#8243; _builder_version=\u00bb3.25&#8243; custom_padding=\u00bb|||\u00bb custom_padding__hover=\u00bb|||\u00bb][et_pb_number_counter title=\u00bbAlumnos\u00bb number=\u00bb1294&#8243; percent_sign=\u00bboff\u00bb module_class=\u00bbpagina-texto-light\u00bb _builder_version=\u00bb4.0.6&#8243; title_font=\u00bbLato|300|||||||\u00bb title_text_color=\u00bb#4f4f4f\u00bb title_font_size=\u00bb26px\u00bb number_font=\u00bbLato|300|||||||\u00bb][\/et_pb_number_counter][\/et_pb_column][et_pb_column type=\u00bb1_4&#8243; _builder_version=\u00bb3.25&#8243; custom_padding=\u00bb|||\u00bb custom_padding__hover=\u00bb|||\u00bb][et_pb_number_counter title=\u00bbDocentes\u00bb number=\u00bb79&#8243; percent_sign=\u00bboff\u00bb module_class=\u00bbpagina-texto-light\u00bb _builder_version=\u00bb4.0.6&#8243; title_font=\u00bbLato|300|||||||\u00bb title_text_color=\u00bb#4f4f4f\u00bb title_font_size=\u00bb26px\u00bb number_font=\u00bbLato|300|||||||\u00bb][\/et_pb_number_counter][\/et_pb_column][et_pb_column type=\u00bb1_4&#8243; _builder_version=\u00bb3.25&#8243; custom_padding=\u00bb|||\u00bb custom_padding__hover=\u00bb|||\u00bb][et_pb_number_counter title=\u00bbL\u00edneas\u00bb number=\u00bb3&#8243; percent_sign=\u00bboff\u00bb module_class=\u00bbpagina-texto-light\u00bb _builder_version=\u00bb3.0.100&#8243; title_font=\u00bbLato|300|||||||\u00bb title_text_color=\u00bb#4f4f4f\u00bb title_font_size=\u00bb26px\u00bb number_font=\u00bbLato|300|||||||\u00bb][\/et_pb_number_counter][\/et_pb_column][et_pb_column type=\u00bb1_4&#8243; _builder_version=\u00bb3.25&#8243; custom_padding=\u00bb|||\u00bb custom_padding__hover=\u00bb|||\u00bb][et_pb_number_counter title=\u00bbSuperficie en m\u00b2\u00bb number=\u00bb76911&#8243; percent_sign=\u00bboff\u00bb module_class=\u00bbpagina-texto-light\u00bb _builder_version=\u00bb4.4.2&#8243; title_font=\u00bbLato|300|||||||\u00bb title_text_color=\u00bb#4f4f4f\u00bb title_font_size=\u00bb26px\u00bb number_font=\u00bbLato|300|||||||\u00bb][\/et_pb_number_counter][\/et_pb_column][\/et_pb_row][\/et_pb_section][et_pb_section fb_built=\u00bb1&#8243; fullwidth=\u00bbon\u00bb module_id=\u00bbEtapas\u00bb _builder_version=\u00bb4.4.6&#8243; background_image=\u00bbhttps:\/\/cordoba.salesianos.edu\/colegio\/wp-content\/uploads\/sites\/2\/2020\/10\/colegio_archivofotografico_alumnos_3.jpg\u00bb parallax=\u00bbon\u00bb custom_padding=\u00bb170px|0px|0px|0px\u00bb][et_pb_fullwidth_header _builder_version=\u00bb3.16&#8243; background_color=\u00bbrgba(255, 255, 255, 0)\u00bb background_layout=\u00bblight\u00bb button_one_text_size__hover_enabled=\u00bboff\u00bb button_two_text_size__hover_enabled=\u00bboff\u00bb button_one_text_color__hover_enabled=\u00bboff\u00bb button_two_text_color__hover_enabled=\u00bboff\u00bb button_one_border_width__hover_enabled=\u00bboff\u00bb button_two_border_width__hover_enabled=\u00bboff\u00bb button_one_border_color__hover_enabled=\u00bboff\u00bb button_two_border_color__hover_enabled=\u00bboff\u00bb button_one_border_radius__hover_enabled=\u00bboff\u00bb button_two_border_radius__hover_enabled=\u00bboff\u00bb button_one_letter_spacing__hover_enabled=\u00bboff\u00bb button_two_letter_spacing__hover_enabled=\u00bboff\u00bb button_one_bg_color__hover_enabled=\u00bboff\u00bb button_two_bg_color__hover_enabled=\u00bboff\u00bb][\/et_pb_fullwidth_header][et_pb_fullwidth_image _builder_version=\u00bb3.0.100&#8243;][\/et_pb_fullwidth_image][\/et_pb_section][et_pb_section fb_built=\u00bb1&#8243; _builder_version=\u00bb4.4.2&#8243; background_color=\u00bb#51626f\u00bb custom_padding=\u00bb60px|0px|40px|0px|false|false\u00bb box_shadow_style=\u00bbpreset1&#8243; box_shadow_blur=\u00bb23px\u00bb box_shadow_spread=\u00bb6px\u00bb][et_pb_row _builder_version=\u00bb3.25&#8243; custom_padding=\u00bb26.796875px|0px|0px|0px\u00bb][et_pb_column type=\u00bb4_4&#8243; _builder_version=\u00bb3.25&#8243; custom_padding=\u00bb|||\u00bb custom_padding__hover=\u00bb|||\u00bb][et_pb_text disabled_on=\u00bboff|off|off\u00bb module_class=\u00bbpagina-texto-light\u00bb _builder_version=\u00bb4.4.1&#8243; text_font=\u00bb|300|||||||\u00bb text_text_color=\u00bb#ffffff\u00bb text_font_size=\u00bb22px\u00bb text_line_height=\u00bb1.3em\u00bb header_font=\u00bb||||||||\u00bb header_text_color=\u00bb#ffffff\u00bb header_line_height=\u00bb1.3em\u00bb header_2_font=\u00bbLato|300|||||||\u00bb header_2_text_color=\u00bb#ffffff\u00bb header_2_font_size=\u00bb34px\u00bb text_orientation=\u00bbcenter\u00bb custom_margin=\u00bb|||\u00bb custom_padding=\u00bb||15px|\u00bb]<\/p>\n<h2>Una escuela que te ver\u00e1 crecer<\/h2>\n<p>[\/et_pb_text][et_pb_text disabled_on=\u00bboff|off|off\u00bb module_class=\u00bbpagina-texto-light\u00bb _builder_version=\u00bb4.4.2&#8243; text_font=\u00bb|300|||||||\u00bb text_text_color=\u00bb#ffffff\u00bb text_font_size=\u00bb22px\u00bb text_line_height=\u00bb1.3em\u00bb header_font=\u00bb||||||||\u00bb header_text_color=\u00bb#ffffff\u00bb header_line_height=\u00bb1.3em\u00bb header_2_font=\u00bbLato|300|||||||\u00bb header_2_text_color=\u00bb#ffffff\u00bb header_2_font_size=\u00bb34px\u00bb text_orientation=\u00bbcenter\u00bb custom_margin=\u00bb|||\u00bb custom_padding=\u00bb||15px|\u00bb]<\/p>\n<p>Nuestra oferta educativa abarca <strong>desde el segundo ciclo de Educaci\u00f3n Infantil (3-6 a\u00f1os) hasta Bachillerato<\/strong>, ofreciendo a nuestro alumnado una amplia variedad de propuestas para crecer, no solo en lo acad\u00e9mico, sino tambien en lo personal. Hasta tendr\u00e1s la oportunidad de cursar un <span style=\"color: #ffffff;\"><a href=\"https:\/\/alicante.salesianos.edu\/colegio\/ciclos-de-grado-medio\/\" title=\"M\u00e1s informaci\u00f3n sobre nuestros ciclos de grado medio\" style=\"color: #ffffff;\"><strong>ciclo de grado medio<\/strong><\/a><\/span> con nosotros si as\u00ed lo deseas. Pincha para saber m\u00e1s sobre cada una de las etapas.<\/p>\n<p>[\/et_pb_text][\/et_pb_column][\/et_pb_row][et_pb_row column_structure=\u00bb1_4,1_4,1_4,1_4&#8243; _builder_version=\u00bb3.25&#8243;][et_pb_column type=\u00bb1_4&#8243; _builder_version=\u00bb3.25&#8243; custom_padding=\u00bb|||\u00bb custom_padding__hover=\u00bb|||\u00bb][et_pb_image src=\u00bbhttps:\/\/cordoba.salesianos.edu\/colegio\/wp-content\/uploads\/sites\/2\/2020\/10\/icono_infantil-min.png\u00bb url=\u00bbhttps:\/\/alicante.salesianos.edu\/colegio\/infantil\/\u00bb url_new_window=\u00bbon\u00bb show_bottom_space=\u00bboff\u00bb align=\u00bbcenter\u00bb align_tablet=\u00bbcenter\u00bb align_phone=\u00bb\u00bb align_last_edited=\u00bbon|desktop\u00bb admin_label=\u00bbIcono app (Imagen)\u00bb _builder_version=\u00bb4.4.2&#8243; max_width=\u00bb200px\u00bb max_width_tablet=\u00bb200px\u00bb max_width_phone=\u00bb200px\u00bb custom_margin=\u00bb||16px|\u00bb custom_margin_tablet=\u00bb||16px|\u00bb custom_margin_phone=\u00bb||16px|\u00bb animation_style=\u00bbslide\u00bb animation_direction=\u00bbtop\u00bb animation_duration=\u00bb500ms\u00bb animation_intensity_slide=\u00bb10%\u00bb animation=\u00bbtop\u00bb sticky=\u00bbon\u00bb saved_tabs=\u00bball\u00bb transform_styles__hover_enabled=\u00bbon|hover\u00bb transform_scale__hover_enabled=\u00bbon|hover\u00bb transform_translate__hover_enabled=\u00bbon|desktop\u00bb transform_rotate__hover_enabled=\u00bbon|desktop\u00bb transform_skew__hover_enabled=\u00bbon|desktop\u00bb transform_origin__hover_enabled=\u00bbon|desktop\u00bb transform_scale__hover=\u00bb115%|115%\u00bb][\/et_pb_image][\/et_pb_column][et_pb_column type=\u00bb1_4&#8243; _builder_version=\u00bb3.25&#8243; custom_padding=\u00bb|||\u00bb custom_padding__hover=\u00bb|||\u00bb][et_pb_image src=\u00bbhttps:\/\/cordoba.salesianos.edu\/colegio\/wp-content\/uploads\/sites\/2\/2020\/10\/icono_primaria-min.png\u00bb url=\u00bbhttps:\/\/alicante.salesianos.edu\/colegio\/primaria\/\u00bb url_new_window=\u00bbon\u00bb show_bottom_space=\u00bboff\u00bb align=\u00bbcenter\u00bb align_tablet=\u00bbcenter\u00bb align_phone=\u00bb\u00bb align_last_edited=\u00bbon|desktop\u00bb admin_label=\u00bbIcono app (Imagen)\u00bb _builder_version=\u00bb4.4.6&#8243; max_width=\u00bb200px\u00bb max_width_tablet=\u00bb200px\u00bb max_width_phone=\u00bb200px\u00bb custom_margin=\u00bb||16px|\u00bb custom_margin_tablet=\u00bb||16px|\u00bb custom_margin_phone=\u00bb||16px|\u00bb animation_style=\u00bbslide\u00bb animation_direction=\u00bbtop\u00bb animation_duration=\u00bb500ms\u00bb animation_intensity_slide=\u00bb10%\u00bb animation=\u00bbtop\u00bb sticky=\u00bbon\u00bb saved_tabs=\u00bball\u00bb transform_styles__hover_enabled=\u00bbon|hover\u00bb transform_scale__hover=\u00bb115%|115%\u00bb transform_scale__hover_enabled=\u00bbon|hover\u00bb transform_translate__hover_enabled=\u00bbon|desktop\u00bb transform_rotate__hover_enabled=\u00bbon|desktop\u00bb transform_skew__hover_enabled=\u00bbon|desktop\u00bb transform_origin__hover_enabled=\u00bbon|desktop\u00bb][\/et_pb_image][\/et_pb_column][et_pb_column type=\u00bb1_4&#8243; _builder_version=\u00bb3.25&#8243; custom_padding=\u00bb|||\u00bb custom_padding__hover=\u00bb|||\u00bb][et_pb_image src=\u00bbhttps:\/\/cordoba.salesianos.edu\/colegio\/wp-content\/uploads\/sites\/2\/2020\/10\/icono_eso-min.png\u00bb url=\u00bbhttps:\/\/alicante.salesianos.edu\/colegio\/eso\/\u00bb url_new_window=\u00bbon\u00bb show_bottom_space=\u00bboff\u00bb align=\u00bbcenter\u00bb align_tablet=\u00bbcenter\u00bb align_phone=\u00bb\u00bb align_last_edited=\u00bbon|desktop\u00bb admin_label=\u00bbIcono app (Imagen)\u00bb _builder_version=\u00bb3.23&#8243; max_width=\u00bb200px\u00bb max_width_tablet=\u00bb200px\u00bb max_width_phone=\u00bb200px\u00bb custom_margin=\u00bb||16px|\u00bb custom_margin_tablet=\u00bb||16px|\u00bb custom_margin_phone=\u00bb||16px|\u00bb animation_style=\u00bbslide\u00bb animation_direction=\u00bbtop\u00bb animation_duration=\u00bb500ms\u00bb animation_intensity_slide=\u00bb10%\u00bb animation=\u00bbtop\u00bb sticky=\u00bbon\u00bb saved_tabs=\u00bball\u00bb transform_styles__hover_enabled=\u00bbon|hover\u00bb transform_scale__hover=\u00bb115%|115%\u00bb transform_scale__hover_enabled=\u00bbon|hover\u00bb transform_translate__hover_enabled=\u00bbon|desktop\u00bb transform_rotate__hover_enabled=\u00bbon|desktop\u00bb transform_skew__hover_enabled=\u00bbon|desktop\u00bb transform_origin__hover_enabled=\u00bbon|desktop\u00bb][\/et_pb_image][\/et_pb_column][et_pb_column type=\u00bb1_4&#8243; _builder_version=\u00bb3.25&#8243; custom_padding=\u00bb|||\u00bb custom_padding__hover=\u00bb|||\u00bb][et_pb_image src=\u00bbhttps:\/\/cordoba.salesianos.edu\/colegio\/wp-content\/uploads\/sites\/2\/2020\/10\/icono_bachillerato-min.png\u00bb url=\u00bbhttps:\/\/alicante.salesianos.edu\/colegio\/bachillerato\/\u00bb url_new_window=\u00bbon\u00bb show_bottom_space=\u00bboff\u00bb align=\u00bbcenter\u00bb align_tablet=\u00bbcenter\u00bb align_phone=\u00bb\u00bb align_last_edited=\u00bbon|desktop\u00bb admin_label=\u00bbIcono app (Imagen)\u00bb _builder_version=\u00bb4.4.6&#8243; max_width=\u00bb200px\u00bb max_width_tablet=\u00bb200px\u00bb max_width_phone=\u00bb200px\u00bb custom_margin=\u00bb||16px|\u00bb custom_margin_tablet=\u00bb||16px|\u00bb custom_margin_phone=\u00bb||16px|\u00bb animation_style=\u00bbslide\u00bb animation_direction=\u00bbtop\u00bb animation_duration=\u00bb500ms\u00bb animation_intensity_slide=\u00bb10%\u00bb animation=\u00bbtop\u00bb sticky=\u00bbon\u00bb saved_tabs=\u00bball\u00bb transform_styles__hover_enabled=\u00bbon|hover\u00bb transform_scale__hover=\u00bb115%|115%\u00bb transform_scale__hover_enabled=\u00bbon|hover\u00bb transform_translate__hover_enabled=\u00bbon|desktop\u00bb transform_rotate__hover_enabled=\u00bbon|desktop\u00bb transform_skew__hover_enabled=\u00bbon|desktop\u00bb transform_origin__hover_enabled=\u00bbon|desktop\u00bb][\/et_pb_image][\/et_pb_column][\/et_pb_row][et_pb_row _builder_version=\u00bb4.4.6&#8243;][et_pb_column type=\u00bb4_4&#8243; _builder_version=\u00bb4.4.6&#8243;][et_pb_button button_url=\u00bbhttps:\/\/alicante.salesianos.edu\/colegio\/orientacion\/vocacional\/\u00bb button_text=\u00bbOrientaci\u00f3n vocacional\u00bb button_alignment=\u00bbcenter\u00bb _builder_version=\u00bb4.4.6&#8243; custom_button=\u00bbon\u00bb button_text_color=\u00bb#51626f\u00bb button_bg_color=\u00bb#ffffff\u00bb button_border_width=\u00bb0px\u00bb button_border_radius=\u00bb100px\u00bb button_icon=\u00bb%%121%%\u00bb button_icon_placement=\u00bbleft\u00bb button_on_hover=\u00bboff\u00bb custom_padding=\u00bb|18px||40px|false|false\u00bb animation_style=\u00bbslide\u00bb animation_direction=\u00bbtop\u00bb animation_duration=\u00bb500ms\u00bb animation_intensity_slide=\u00bb10%\u00bb button_text_color_hover=\u00bb#565656&#8243; button_bg_color_hover=\u00bb#ffffff\u00bb button_text_size__hover_enabled=\u00bboff\u00bb button_one_text_size__hover_enabled=\u00bboff\u00bb button_two_text_size__hover_enabled=\u00bboff\u00bb button_text_color__hover_enabled=\u00bbon\u00bb button_text_color__hover=\u00bb#565656&#8243; button_one_text_color__hover_enabled=\u00bboff\u00bb button_two_text_color__hover_enabled=\u00bboff\u00bb button_border_width__hover_enabled=\u00bboff\u00bb button_one_border_width__hover_enabled=\u00bboff\u00bb button_two_border_width__hover_enabled=\u00bboff\u00bb button_border_color__hover_enabled=\u00bboff\u00bb button_one_border_color__hover_enabled=\u00bboff\u00bb button_two_border_color__hover_enabled=\u00bboff\u00bb button_border_radius__hover_enabled=\u00bboff\u00bb button_one_border_radius__hover_enabled=\u00bboff\u00bb button_two_border_radius__hover_enabled=\u00bboff\u00bb button_letter_spacing__hover_enabled=\u00bboff\u00bb button_one_letter_spacing__hover_enabled=\u00bboff\u00bb button_two_letter_spacing__hover_enabled=\u00bboff\u00bb button_bg_color__hover_enabled=\u00bbon|desktop\u00bb button_bg_color__hover=\u00bb#ffffff\u00bb button_one_bg_color__hover_enabled=\u00bboff\u00bb button_two_bg_color__hover_enabled=\u00bboff\u00bb custom_padding__hover_enabled=\u00bbon|hover\u00bb custom_padding__hover=\u00bb|24px||46px|false|false\u00bb transform_styles__hover_enabled=\u00bboff|desktop\u00bb transform_scale__hover_enabled=\u00bboff|desktop\u00bb transform_translate__hover_enabled=\u00bboff|desktop\u00bb transform_rotate__hover_enabled=\u00bboff|desktop\u00bb transform_skew__hover_enabled=\u00bboff|desktop\u00bb transform_origin__hover_enabled=\u00bboff|desktop\u00bb transform_scale__hover=\u00bb106%|106%\u00bb][\/et_pb_button][et_pb_text _builder_version=\u00bb4.4.6&#8243; text_orientation=\u00bbcenter\u00bb background_layout=\u00bbdark\u00bb width=\u00bb600px\u00bb module_alignment=\u00bbcenter\u00bb]<\/p>\n<p>Hemos preparado este recurso para ayudar a nuestro alumnado a tomar sus<span>\u00a0<strong>decisiones acad\u00e9micas y vocacionales futuras<\/strong> de la mejor manera posible. Sea cual sea tu decisi\u00f3n final, t\u00fa tambi\u00e9n puedes utilizarlo de manera gratuita para barajar todas las opciones.<\/span><\/p>\n<p>[\/et_pb_text][\/et_pb_column][\/et_pb_row][et_pb_row _builder_version=\u00bb4.4.2&#8243; custom_padding=\u00bb0px||3px|||\u00bb][et_pb_column type=\u00bb4_4&#8243; _builder_version=\u00bb4.4.2&#8243;][et_pb_divider show_divider=\u00bboff\u00bb _builder_version=\u00bb4.4.2&#8243;][\/et_pb_divider][\/et_pb_column][\/et_pb_row][\/et_pb_section][et_pb_section fb_built=\u00bb1&#8243; module_id=\u00bbCaracteristicas\u00bb _builder_version=\u00bb4.4.6&#8243; custom_padding=\u00bb0px||0px|||\u00bb][et_pb_row column_structure=\u00bb1_3,1_3,1_3&#8243; use_custom_gutter=\u00bbon\u00bb gutter_width=\u00bb1&#8243; _builder_version=\u00bb4.4.2&#8243; width=\u00bb100%\u00bb max_width=\u00bb2560px\u00bb custom_margin=\u00bb||||true|false\u00bb custom_padding=\u00bb0px||0px||true|false\u00bb filter_saturate=\u00bb120%\u00bb filter_brightness=\u00bb106%\u00bb][et_pb_column type=\u00bb1_3&#8243; _builder_version=\u00bb4.4.2&#8243; background_image=\u00bbhttps:\/\/cordoba.salesianos.edu\/colegio\/wp-content\/uploads\/sites\/2\/2020\/10\/colegio_archivofotografico_videopromocional_4.jpg\u00bb custom_padding=\u00bb120px||120px||true|false\u00bb border_width_right=\u00bb2px\u00bb border_color_right=\u00bb#e8e8e8&#8243; border_color_bottom=\u00bb#e8e8e8&#8243; border_width_right_tablet=\u00bb0px\u00bb border_width_right_phone=\u00bb\u00bb border_width_right_last_edited=\u00bbon|tablet\u00bb border_width_bottom_tablet=\u00bb2px\u00bb border_width_bottom_phone=\u00bb\u00bb border_width_bottom_last_edited=\u00bbon|tablet\u00bb][et_pb_divider show_divider=\u00bboff\u00bb _builder_version=\u00bb4.4.2&#8243; custom_padding=\u00bb17px||17px||true|false\u00bb][\/et_pb_divider][\/et_pb_column][et_pb_column type=\u00bb1_3&#8243; _builder_version=\u00bb4.4.2&#8243; background_image=\u00bbhttps:\/\/cordoba.salesianos.edu\/colegio\/wp-content\/uploads\/sites\/2\/2020\/10\/colegio_archivofotografico_videopromocional_2.jpg\u00bb custom_padding=\u00bb120px||120px||true|false\u00bb border_width_right=\u00bb2px\u00bb border_color_right=\u00bb#e8e8e8&#8243; border_color_bottom=\u00bb#e8e8e8&#8243; border_width_right_tablet=\u00bb0px\u00bb border_width_right_phone=\u00bb\u00bb border_width_right_last_edited=\u00bbon|tablet\u00bb border_width_bottom_tablet=\u00bb2px\u00bb border_width_bottom_phone=\u00bb\u00bb border_width_bottom_last_edited=\u00bbon|tablet\u00bb][et_pb_divider show_divider=\u00bboff\u00bb _builder_version=\u00bb4.4.2&#8243; custom_padding=\u00bb17px||17px||true|false\u00bb locked=\u00bboff\u00bb][\/et_pb_divider][\/et_pb_column][et_pb_column type=\u00bb1_3&#8243; _builder_version=\u00bb4.4.2&#8243; background_image=\u00bbhttps:\/\/cordoba.salesianos.edu\/colegio\/wp-content\/uploads\/sites\/2\/2020\/10\/colegio_archivofotografico_videopromocional_3.jpg\u00bb custom_padding=\u00bb120px||120px||true|false\u00bb][et_pb_divider show_divider=\u00bboff\u00bb _builder_version=\u00bb4.4.2&#8243; custom_padding=\u00bb17px||17px||true|false\u00bb locked=\u00bboff\u00bb][\/et_pb_divider][\/et_pb_column][\/et_pb_row][\/et_pb_section][et_pb_section fb_built=\u00bb1&#8243; next_background_color=\u00bb#51626f\u00bb _builder_version=\u00bb4.4.1&#8243; background_color=\u00bbrgba(229,229,229,0.86)\u00bb background_image=\u00bbhttps:\/\/cordoba.salesianos.edu\/colegio\/wp-content\/uploads\/sites\/2\/2020\/10\/textura_admisiones-min.jpg\u00bb background_blend=\u00bblighten\u00bb custom_padding=\u00bb46px|0px|0|0px|false|false\u00bb bottom_divider_style=\u00bbarrow2&#8243;][et_pb_row _builder_version=\u00bb3.25&#8243; custom_padding=\u00bb26.234375px|0px|8px|0px\u00bb][et_pb_column type=\u00bb4_4&#8243; _builder_version=\u00bb3.25&#8243; custom_padding=\u00bb|||\u00bb custom_padding__hover=\u00bb|||\u00bb][et_pb_text _builder_version=\u00bb3.27.4&#8243; text_font=\u00bb|300|||||||\u00bb text_text_color=\u00bb#e02b20&#8243; text_font_size=\u00bb29px\u00bb header_font=\u00bb||||||||\u00bb header_2_font=\u00bbLato|300|||||||\u00bb header_2_font_size=\u00bb36px\u00bb text_orientation=\u00bbcenter\u00bb custom_margin=\u00bb|||\u00bb custom_padding=\u00bb||15px|\u00bb locked=\u00bboff\u00bb]<\/p>\n<h2>Preparando para el futuro<\/h2>\n<p>[\/et_pb_text][\/et_pb_column][\/et_pb_row][et_pb_row column_structure=\u00bb1_3,1_3,1_3&#8243; _builder_version=\u00bb3.25&#8243; custom_padding=\u00bb27px|0px|77px|0px|false|false\u00bb][et_pb_column type=\u00bb1_3&#8243; _builder_version=\u00bb3.25&#8243; custom_padding=\u00bb|||\u00bb custom_padding__hover=\u00bb|||\u00bb][et_pb_blurb title=\u00bbMetodolog\u00edas activas\u00bb use_icon=\u00bbon\u00bb font_icon=\u00bb%%101%%\u00bb content_max_width=\u00bb825px\u00bb _builder_version=\u00bb4.4.2&#8243; header_level=\u00bbh3&#8243; header_font=\u00bb|300|||||||\u00bb header_font_size=\u00bb21px\u00bb header_line_height=\u00bb1.3em\u00bb body_font=\u00bb||||||||\u00bb body_font_size=\u00bb15px\u00bb body_line_height=\u00bb1.3em\u00bb text_orientation=\u00bbcenter\u00bb custom_margin=\u00bb30px||30px||true|false\u00bb custom_padding=\u00bb20px|10px|20px|10px|false|true\u00bb border_radii=\u00bbon|50px|50px|50px|50px\u00bb transform_styles__hover_enabled=\u00bbon|hover\u00bb transform_scale__hover_enabled=\u00bbon|hover\u00bb transform_translate__hover_enabled=\u00bbon|desktop\u00bb transform_rotate__hover_enabled=\u00bbon|desktop\u00bb transform_skew__hover_enabled=\u00bbon|desktop\u00bb transform_origin__hover_enabled=\u00bbon|desktop\u00bb transform_scale__hover=\u00bb105%|105%\u00bb background__hover_enabled=\u00bbon|hover\u00bb background_color__hover=\u00bbrgba(255,255,255,0.38)\u00bb background_enable_color__hover=\u00bbon\u00bb]<\/p>\n<p>Trabajamos para incorporar metodolog\u00edas activas como el aprendizaje cooperativo, aula invertida, trabajo por proyectos, <a href=\"https:\/\/alicante.salesianos.edu\/colegio\/aps\/\">aprendizaje y servicio<\/a>, pensamiento visible, total physical response&#8230; poniendo al alumno en el centro del proceso ense\u00f1anza-aprendizaje.<\/p>\n<p>[\/et_pb_blurb][et_pb_blurb title=\u00bbPastoral\u00bb url=\u00bbhttps:\/\/alicante.salesianos.edu\/colegio\/pastoral\/\u00bb use_icon=\u00bbon\u00bb font_icon=\u00bb%%225%%\u00bb content_max_width=\u00bb825px\u00bb _builder_version=\u00bb4.4.1&#8243; header_level=\u00bbh3&#8243; header_font=\u00bb|300|||||||\u00bb header_font_size=\u00bb21px\u00bb header_line_height=\u00bb1.3em\u00bb body_font=\u00bb||||||||\u00bb body_font_size=\u00bb15px\u00bb body_line_height=\u00bb1.3em\u00bb text_orientation=\u00bbcenter\u00bb custom_margin=\u00bb30px||30px||true|false\u00bb custom_padding=\u00bb20px|10px|20px|10px|false|true\u00bb link_option_url=\u00bbhttps:\/\/alicante.salesianos.edu\/colegio\/pastoral\/\u00bb border_radii=\u00bbon|50px|50px|50px|50px\u00bb background_color__hover=\u00bbrgba(255,255,255,0.38)\u00bb background_enable_color__hover=\u00bbon\u00bb background__hover_enabled=\u00bbon|hover\u00bb transform_styles__hover_enabled=\u00bbon|hover\u00bb transform_scale__hover_enabled=\u00bbon|hover\u00bb transform_scale__hover=\u00bb105%|105%\u00bb]Acompa\u00f1amos a nuestro alumnado en su proceso de maduraci\u00f3n personal y en la fe desde el servicio a los dem\u00e1s, implic\u00e1ndolos de manera gradual\u00a0en diferentes actividades, comisiones y proyectos.[\/et_pb_blurb][et_pb_blurb title=\u00bbEscuela Sostenible\u00bb url=\u00bbhttps:\/\/alicante.salesianos.edu\/colegio\/escuela-sostenible\/\u00bb use_icon=\u00bbon\u00bb font_icon=\u00bb%%168%%\u00bb content_max_width=\u00bb825px\u00bb _builder_version=\u00bb4.4.1&#8243; header_level=\u00bbh3&#8243; header_font=\u00bb|300|||||||\u00bb header_font_size=\u00bb21px\u00bb header_line_height=\u00bb1.3em\u00bb body_font=\u00bb||||||||\u00bb body_font_size=\u00bb15px\u00bb body_line_height=\u00bb1.3em\u00bb text_orientation=\u00bbcenter\u00bb custom_margin=\u00bb30px||30px||true|false\u00bb custom_padding=\u00bb20px|10px|20px|10px|false|true\u00bb link_option_url=\u00bbhttps:\/\/alicante.salesianos.edu\/colegio\/escuela-sostenible\/\u00bb border_radii=\u00bbon|50px|50px|50px|50px\u00bb background_color__hover=\u00bbrgba(255,255,255,0.38)\u00bb background_enable_color__hover=\u00bbon\u00bb background__hover_enabled=\u00bbon|hover\u00bb transform_styles__hover_enabled=\u00bbon|hover\u00bb transform_scale__hover_enabled=\u00bbon|hover\u00bb transform_translate__hover_enabled=\u00bbon|desktop\u00bb transform_rotate__hover_enabled=\u00bbon|desktop\u00bb transform_skew__hover_enabled=\u00bbon|desktop\u00bb transform_origin__hover_enabled=\u00bbon|desktop\u00bb transform_scale__hover=\u00bb105%|105%\u00bb]Porque como escuela tenemos el enorme desaf\u00edo de educar a esta generaci\u00f3n para hacer del mundo un lugar m\u00e1s justo y sostenible.[\/et_pb_blurb][et_pb_blurb title=\u00bbM\u00fasica\u00bb url=\u00bbhttps:\/\/alicante.salesianos.edu\/colegio\/musicales\/\u00bb use_icon=\u00bbon\u00bb font_icon=\u00bb%%262%%\u00bb content_max_width=\u00bb825px\u00bb _builder_version=\u00bb4.4.1&#8243; header_level=\u00bbh3&#8243; header_font=\u00bb|300|||||||\u00bb header_font_size=\u00bb21px\u00bb header_line_height=\u00bb1.3em\u00bb body_font=\u00bb||||||||\u00bb body_font_size=\u00bb15px\u00bb body_line_height=\u00bb1.3em\u00bb text_orientation=\u00bbcenter\u00bb custom_margin=\u00bb30px||30px||true|false\u00bb custom_padding=\u00bb20px|10px|20px|10px|false|true\u00bb link_option_url=\u00bbhttps:\/\/alicante.salesianos.edu\/colegio\/musicales\/\u00bb border_radii=\u00bbon|50px|50px|50px|50px\u00bb background_color__hover=\u00bbrgba(255,255,255,0.38)\u00bb background_enable_color__hover=\u00bbon\u00bb background__hover_enabled=\u00bbon|hover\u00bb transform_styles__hover_enabled=\u00bbon|hover\u00bb transform_scale__hover_enabled=\u00bbon|hover\u00bb transform_translate__hover_enabled=\u00bbon|desktop\u00bb transform_rotate__hover_enabled=\u00bbon|desktop\u00bb transform_skew__hover_enabled=\u00bbon|desktop\u00bb transform_origin__hover_enabled=\u00bbon|desktop\u00bb transform_scale__hover=\u00bb105%|105%\u00bb]<\/p>\n<p>La m\u00fasica es una actividad esencial en nuestro colegio, por eso contamos con un coro que dinamiza las celebraciones y una <a href=\"https:\/\/alicante.salesianos.edu\/colegio\/musicales\/\">Escuela de M\u00fasica<\/a> para Infantil y Primaria\u00a0en nuestras propias instalaciones.<\/p>\n<p>[\/et_pb_blurb][\/et_pb_column][et_pb_column type=\u00bb1_3&#8243; _builder_version=\u00bb3.25&#8243; custom_padding=\u00bb|||\u00bb custom_padding__hover=\u00bb|||\u00bb][et_pb_blurb title=\u00bbPluriling\u00fcismo\u00bb url=\u00bbhttps:\/\/alicante.salesianos.edu\/colegio\/plurilinguismo\/\u00bb use_icon=\u00bbon\u00bb font_icon=\u00bb%%222%%\u00bb content_max_width=\u00bb825px\u00bb _builder_version=\u00bb4.4.2&#8243; header_level=\u00bbh3&#8243; header_font=\u00bb|300|||||||\u00bb header_font_size=\u00bb21px\u00bb header_line_height=\u00bb1.3em\u00bb body_font=\u00bb||||||||\u00bb body_font_size=\u00bb15px\u00bb body_line_height=\u00bb1.3em\u00bb text_orientation=\u00bbcenter\u00bb custom_margin=\u00bb30px||30px||true|false\u00bb custom_padding=\u00bb20px|10px|20px|10px|false|true\u00bb link_option_url=\u00bbhttps:\/\/alicante.salesianos.edu\/colegio\/plurilinguismo\/\u00bb border_radii=\u00bbon|50px|50px|50px|50px\u00bb background_color__hover=\u00bbrgba(255,255,255,0.38)\u00bb background_enable_color__hover=\u00bbon\u00bb background__hover_enabled=\u00bbon|hover\u00bb transform_styles__hover_enabled=\u00bbon|hover\u00bb transform_scale__hover_enabled=\u00bbon|hover\u00bb transform_scale__hover=\u00bb105%|105%\u00bb]<\/p>\n<p>Intercambios internacionales, ex\u00e1menes oficiales de Cambridge, asistentes de conversaci\u00f3n, <a href=\"https:\/\/alicante.salesianos.edu\/colegio\/ingles\/\">Bachillerato Americano Dual<\/a>, estancias de inmersi\u00f3n ling\u00fc\u00edstica&#8230; Ofrecemos una amplia variedad de actividades en las tres lenguas que ofrecemos: <a href=\"https:\/\/alicante.salesianos.edu\/colegio\/ingles\/\">ingl\u00e9s<\/a>, <a href=\"https:\/\/alicante.salesianos.edu\/colegio\/frances\/\">franc\u00e9s<\/a> y <a href=\"https:\/\/alicante.salesianos.edu\/colegio\/valenciano\/\">valenciano<\/a>.<\/p>\n<p>[\/et_pb_blurb][et_pb_blurb title=\u00bbVoluntariado\u00bb url=\u00bbhttps:\/\/alicante.salesianos.edu\/colegio\/voluntariado\/\u00bb use_icon=\u00bbon\u00bb font_icon=\u00bb%%257%%\u00bb content_max_width=\u00bb825px\u00bb _builder_version=\u00bb4.4.1&#8243; header_level=\u00bbh3&#8243; header_font=\u00bb|300|||||||\u00bb header_font_size=\u00bb21px\u00bb header_line_height=\u00bb1.3em\u00bb body_font=\u00bb||||||||\u00bb body_font_size=\u00bb15px\u00bb body_line_height=\u00bb1.3em\u00bb text_orientation=\u00bbcenter\u00bb custom_margin=\u00bb30px||30px||true|false\u00bb custom_padding=\u00bb20px|10px|20px|10px|false|true\u00bb link_option_url=\u00bbhttps:\/\/alicante.salesianos.edu\/colegio\/voluntariado\/\u00bb border_radii=\u00bbon|50px|50px|50px|50px\u00bb background_color__hover=\u00bbrgba(255,255,255,0.38)\u00bb background_enable_color__hover=\u00bbon\u00bb background__hover_enabled=\u00bbon|hover\u00bb transform_styles__hover_enabled=\u00bbon|hover\u00bb transform_scale__hover_enabled=\u00bbon|hover\u00bb transform_scale__hover=\u00bb105%|105%\u00bb]Promovemos las experiencias de voluntariado entre nuestro alumnado.[\/et_pb_blurb][et_pb_blurb title=\u00bbEntornos virtuales de aprendizaje\u00bb url=\u00bbhttps:\/\/alicante.salesianos.edu\/colegio\/instalaciones\/#aulas\u00bb url_new_window=\u00bbon\u00bb use_icon=\u00bbon\u00bb font_icon=\u00bb%%107%%\u00bb content_max_width=\u00bb825px\u00bb _builder_version=\u00bb4.4.2&#8243; header_level=\u00bbh3&#8243; header_font=\u00bb|300|||||||\u00bb header_font_size=\u00bb21px\u00bb header_line_height=\u00bb1.3em\u00bb body_font=\u00bb||||||||\u00bb body_font_size=\u00bb15px\u00bb body_line_height=\u00bb1.3em\u00bb text_orientation=\u00bbcenter\u00bb custom_margin=\u00bb30px||30px||true|false\u00bb custom_padding=\u00bb20px|10px|20px|10px|false|true\u00bb link_option_url=\u00bbhttps:\/\/alicante.salesianos.edu\/colegio\/instalaciones\/#aulas\u00bb border_radii=\u00bbon|50px|50px|50px|50px\u00bb background_color__hover=\u00bbrgba(255,255,255,0.38)\u00bb background_enable_color__hover=\u00bbon\u00bb background__hover_enabled=\u00bbon|hover\u00bb transform_styles__hover_enabled=\u00bbon|hover\u00bb transform_scale__hover_enabled=\u00bbon|hover\u00bb transform_translate__hover_enabled=\u00bbon|desktop\u00bb transform_rotate__hover_enabled=\u00bbon|desktop\u00bb transform_skew__hover_enabled=\u00bbon|desktop\u00bb transform_origin__hover_enabled=\u00bbon|desktop\u00bb transform_scale__hover=\u00bb105%|105%\u00bb]<\/p>\n<p>Incorporamos en nuestras clases plataformas como\u00a0<a href=\"https:\/\/edu.google.com\/intl\/es-419_ALL\/products\/classroom\/?modal_active=none\" title=\"M\u00e1s informaci\u00f3n sobre Google Classroom\"><em>Google Classroom<\/em><\/a> y <a href=\"https:\/\/aulaalicante.salesianos.edu\" title=\"Acceder a Moodle\"><em>Moodle<\/em><\/a> para trabajar, repasar y ampliar contenidos de una forma m\u00e1s din\u00e1mica e interactiva. Para ello, llegado el momento, a cada alumno se le hace entrega de\u00a0su propio correo institucional en un entorno protegido con\u00a0<a href=\"https:\/\/edu.google.com\/intl\/es-419_ALL\/products\/gsuite-for-education\/?modal_active=none\" title=\"M\u00e1s informaci\u00f3n sobre Google Suite\">Google Suite<\/a>. Tambi\u00e9n trabajamos con dispositivos <a href=\"https:\/\/alicante.salesianos.edu\/colegio\/instalaciones\/#chromebooks\" title=\"\u00bfQu\u00e9 son los Chromebook?\">Chromebook<\/a> en algunos cursos.<\/p>\n<p>[\/et_pb_blurb][et_pb_blurb title=\u00bbCampus y actividades extraescolares\u00bb url=\u00bbhttps:\/\/alicante.salesianos.edu\/colegio\/extraescolares\/\u00bb use_icon=\u00bbon\u00bb font_icon=\u00bb%%267%%\u00bb content_max_width=\u00bb825px\u00bb _builder_version=\u00bb4.4.1&#8243; header_level=\u00bbh3&#8243; header_font=\u00bb|300|||||||\u00bb header_font_size=\u00bb21px\u00bb header_line_height=\u00bb1.3em\u00bb body_font=\u00bb||||||||\u00bb body_font_size=\u00bb15px\u00bb body_line_height=\u00bb1.3em\u00bb text_orientation=\u00bbcenter\u00bb custom_margin=\u00bb30px||30px||true|false\u00bb custom_padding=\u00bb20px|10px|20px|10px|false|true\u00bb border_radii=\u00bbon|50px|50px|50px|50px\u00bb background_color__hover=\u00bbrgba(255,255,255,0.38)\u00bb background_enable_color__hover=\u00bbon\u00bb background__hover_enabled=\u00bbon|hover\u00bb transform_styles__hover_enabled=\u00bbon|hover\u00bb transform_scale__hover_enabled=\u00bbon|hover\u00bb transform_translate__hover_enabled=\u00bbon|desktop\u00bb transform_rotate__hover_enabled=\u00bbon|desktop\u00bb transform_skew__hover_enabled=\u00bbon|desktop\u00bb transform_origin__hover_enabled=\u00bbon|desktop\u00bb transform_scale__hover=\u00bb105%|105%\u00bb]<\/p>\n<p>Nuestro centro ofrece un amplio abanico de <a href=\"https:\/\/alicante.salesianos.edu\/colegio\/extraescolares\/\" title=\"M\u00e1s informaci\u00f3n sobre las actividades extraescolares\">actividades extraescolares<\/a>: Ingl\u00e9s, Franc\u00e9s, Tenis, Judo, Pre-deporte, Multi-Basket, Multi-F\u00fatbol Sala, Padel, Danza, Gimnasia R\u00edtmica, Teatro, Rob\u00f3tica, \u2018Express-arte\u2019, Animaci\u00f3n a la lectura&#8230;\u00a0Adem\u00e1s, ofrecemos <a href=\"https:\/\/alicante.salesianos.edu\/colegio\/campus\/\" title=\"M\u00e1s informaci\u00f3n sobre el Campus\">Campus de Navidad, Semana Santa y verano<\/a> en nuestras propias instalaciones para aquellas familias que lo deseen, facilitanto de esta manera la conciliaci\u00f3n de la vida laboral con la familiar.<\/p>\n<p>[\/et_pb_blurb][\/et_pb_column][et_pb_column type=\u00bb1_3&#8243; _builder_version=\u00bb3.25&#8243; custom_padding=\u00bb|||\u00bb custom_padding__hover=\u00bb|||\u00bb][et_pb_blurb title=\u00bbDepartamento de Orientaci\u00f3n\u00bb url=\u00bbhttps:\/\/alicante.salesianos.edu\/colegio\/orientacion\/\u00bb use_icon=\u00bbon\u00bb font_icon=\u00bb%%121%%\u00bb content_max_width=\u00bb825px\u00bb _builder_version=\u00bb4.4.6&#8243; header_level=\u00bbh3&#8243; header_font=\u00bb|300|||||||\u00bb header_font_size=\u00bb21px\u00bb header_line_height=\u00bb1.3em\u00bb body_font=\u00bb||||||||\u00bb body_font_size=\u00bb15px\u00bb body_line_height=\u00bb1.3em\u00bb text_orientation=\u00bbcenter\u00bb custom_margin=\u00bb30px||30px||true|false\u00bb custom_padding=\u00bb20px|10px|20px|10px|false|true\u00bb link_option_url=\u00bbhttps:\/\/alicante.salesianos.edu\/colegio\/orientacion\/\u00bb border_radii=\u00bbon|50px|50px|50px|50px\u00bb background_color__hover=\u00bbrgba(255,255,255,0.38)\u00bb background_enable_color__hover=\u00bbon\u00bb background__hover_enabled=\u00bbon|hover\u00bb transform_styles__hover_enabled=\u00bbon|hover\u00bb transform_scale__hover_enabled=\u00bbon|hover\u00bb transform_scale__hover=\u00bb105%|105%\u00bb]<\/p>\n<p>Con \u00e9l, tratamos de dar respuesta a todas las necesidades de refuerzo educativo y de ampliaci\u00f3n, as\u00ed como de\u00a0atenci\u00f3n a la diversidad en el centro, aplicando\u00a0metodolog\u00edas activas como la\u00a0<a href=\"https:\/\/alicante.salesianos.edu\/colegio\/mediacion\/\" title=\"Sobre la mediaci\u00f3n escolar\">mediaci\u00f3n<\/a> y la tutor\u00eda entre iguales. Adem\u00e1s, contamos con <a href=\"https:\/\/alicante.salesianos.edu\/colegio\/orientacion\/#Equipo\" title=\"Conoce a las personas que conforman el Departamento de Orientaci\u00f3n\">un especialista de Audici\u00f3n y Lenguaje (AL) y tres en Pedagog\u00eda Terap\u00e9utica (PT)<\/a>. Tambi\u00e9n ayudamos a nuestro alumnado en su <a href=\"https:\/\/alicante.salesianos.edu\/colegio\/orientacion\/vocacional\/\" title=\"Ir a nuestro apartado de orientaci\u00f3n vocacional\">orientaci\u00f3n vocacional<\/a> con m\u00faltiples propuestas.<\/p>\n<p>[\/et_pb_blurb][et_pb_blurb title=\u00bbAprendizaje y Servicio\u00bb url=\u00bbhttps:\/\/alicante.salesianos.edu\/colegio\/aps\/\u00bb use_icon=\u00bbon\u00bb font_icon=\u00bb%%171%%\u00bb content_max_width=\u00bb825px\u00bb _builder_version=\u00bb4.4.1&#8243; header_level=\u00bbh3&#8243; header_font=\u00bb|300|||||||\u00bb header_font_size=\u00bb21px\u00bb header_line_height=\u00bb1.3em\u00bb body_font=\u00bb||||||||\u00bb body_font_size=\u00bb15px\u00bb body_line_height=\u00bb1.3em\u00bb text_orientation=\u00bbcenter\u00bb custom_margin=\u00bb30px||30px||true|false\u00bb custom_padding=\u00bb20px|10px|20px|10px|false|true\u00bb link_option_url=\u00bbhttps:\/\/alicante.salesianos.edu\/colegio\/aps\/\u00bb border_radii=\u00bbon|50px|50px|50px|50px\u00bb background_color__hover=\u00bbrgba(255,255,255,0.38)\u00bb background_enable_color__hover=\u00bbon\u00bb background__hover_enabled=\u00bbon|hover\u00bb transform_styles__hover_enabled=\u00bbon|hover\u00bb transform_scale__hover_enabled=\u00bbon|hover\u00bb transform_scale__hover=\u00bb105%|105%\u00bb]Significa poner lo aprendido al servicio de los dem\u00e1s. Es una metodolog\u00eda perfecta para crecer en valores salesianos y evang\u00e9licos, y es adem\u00e1s una palanca para cambiar la sociedad desde la escuela.[\/et_pb_blurb][et_pb_blurb title=\u00bbDepartamento de Calidad\u00bb use_icon=\u00bbon\u00bb font_icon=\u00bb%%160%%\u00bb content_max_width=\u00bb825px\u00bb _builder_version=\u00bb4.4.2&#8243; header_level=\u00bbh3&#8243; header_font=\u00bb|300|||||||\u00bb header_font_size=\u00bb21px\u00bb header_line_height=\u00bb1.3em\u00bb body_font=\u00bb||||||||\u00bb body_font_size=\u00bb15px\u00bb body_line_height=\u00bb1.3em\u00bb text_orientation=\u00bbcenter\u00bb custom_margin=\u00bb30px||30px||true|false\u00bb custom_padding=\u00bb20px|10px|20px|10px|false|true\u00bb border_radii=\u00bbon|50px|50px|50px|50px\u00bb background_color__hover=\u00bbrgba(255,255,255,0.38)\u00bb background_enable_color__hover=\u00bbon\u00bb background__hover_enabled=\u00bbon|hover\u00bb transform_styles__hover_enabled=\u00bbon|hover\u00bb transform_scale__hover_enabled=\u00bbon|hover\u00bb transform_translate__hover_enabled=\u00bbon|desktop\u00bb transform_rotate__hover_enabled=\u00bbon|desktop\u00bb transform_skew__hover_enabled=\u00bbon|desktop\u00bb transform_origin__hover_enabled=\u00bbon|desktop\u00bb transform_scale__hover=\u00bb105%|105%\u00bb]<\/p>\n<p>Te escuchamos y trabajamos por mejorar d\u00eda a d\u00eda y dar calidad a lo que hacemos. Para ello, disponemos de un sistema de gesti\u00f3n de calidad conforme al modelo EFQM y realizamos auditor\u00edas externas de forma peri\u00f3dica.<\/p>\n<p>[\/et_pb_blurb][et_pb_blurb title=\u00bbClub Deportivo\u00bb url=\u00bbhttp:\/\/alicante.salesianos.edu\/deporte\/club\/\u00bb use_icon=\u00bbon\u00bb font_icon=\u00bb%%299%%\u00bb content_max_width=\u00bb825px\u00bb _builder_version=\u00bb4.4.2&#8243; header_level=\u00bbh3&#8243; header_font=\u00bb|300|||||||\u00bb header_font_size=\u00bb21px\u00bb header_line_height=\u00bb1.3em\u00bb body_font=\u00bb||||||||\u00bb body_font_size=\u00bb15px\u00bb body_line_height=\u00bb1.3em\u00bb text_orientation=\u00bbcenter\u00bb custom_margin=\u00bb30px||30px||true|false\u00bb custom_padding=\u00bb20px|10px|20px|10px|false|true\u00bb link_option_url=\u00bbhttp:\/\/alicante.salesianos.edu\/deporte\/club\/\u00bb border_radii=\u00bbon|50px|50px|50px|50px\u00bb background_color__hover=\u00bbrgba(255,255,255,0.38)\u00bb background_enable_color__hover=\u00bbon\u00bb background__hover_enabled=\u00bbon|hover\u00bb transform_styles__hover_enabled=\u00bbon|hover\u00bb transform_scale__hover_enabled=\u00bbon|hover\u00bb transform_translate__hover_enabled=\u00bbon|desktop\u00bb transform_rotate__hover_enabled=\u00bbon|desktop\u00bb transform_skew__hover_enabled=\u00bbon|desktop\u00bb transform_origin__hover_enabled=\u00bbon|desktop\u00bb transform_scale__hover=\u00bb105%|105%\u00bb]<\/p>\n<p>El <a href=\"http:\/\/alicante.salesianos.edu\/deporte\/club\/\" title=\"Sobre el club\"><em>Club Deportivo Salesianos Alicante<\/em><\/a> ofrece deporte educativo en diveras categor\u00edas de <a href=\"https:\/\/alicante.salesianos.edu\/deporte\/futbol\/\" title=\"F\u00fatbol\">f\u00fatbol<\/a>, <a href=\"https:\/\/alicante.salesianos.edu\/deporte\/baloncesto\/\" title=\"Baloncesto\">baloncesto<\/a>, <a href=\"https:\/\/alicante.salesianos.edu\/deporte\/voleibol\/\" title=\"Voleibol\">voleibol<\/a>, <a href=\"https:\/\/alicante.salesianos.edu\/deporte\/patinaje\/\" title=\"Patinaje\">patinaje<\/a>\u00a0y <a href=\"https:\/\/alicante.salesianos.edu\/deporte\/atletismo\/\" title=\"Atletismo\">atletismo<\/a>. Adem\u00e1s de <a href=\"https:\/\/alicante.salesianos.edu\/deporte\/senderismo\/\" title=\"Senderismo en familia\">senderismo para toda la familia<\/a>.<\/p>\n<p>[\/et_pb_blurb][\/et_pb_column][\/et_pb_row][\/et_pb_section][et_pb_section fb_built=\u00bb1&#8243; _builder_version=\u00bb4.4.1&#8243; background_color=\u00bb#51626f\u00bb custom_padding=\u00bb0px|0px|35px|0px\u00bb][et_pb_row _builder_version=\u00bb3.25&#8243;][et_pb_column type=\u00bb4_4&#8243; _builder_version=\u00bb3.25&#8243; custom_padding=\u00bb|||\u00bb custom_padding__hover=\u00bb|||\u00bb][et_pb_blurb title=\u00bbY lo que est\u00e1 por llegar&#8230;\u00bb use_icon=\u00bbon\u00bb font_icon=\u00bb%%22%%\u00bb icon_color=\u00bb#e02b20&#8243; content_max_width=\u00bb862px\u00bb _builder_version=\u00bb4.4.2&#8243; header_level=\u00bbh3&#8243; header_font=\u00bb|300|||||||\u00bb header_font_size=\u00bb26px\u00bb header_line_height=\u00bb1.3em\u00bb body_font=\u00bb||||||||\u00bb body_font_size=\u00bb15px\u00bb body_line_height=\u00bb1.3em\u00bb text_orientation=\u00bbcenter\u00bb background_layout=\u00bbdark\u00bb max_width=\u00bb80%\u00bb module_alignment=\u00bbcenter\u00bb custom_padding=\u00bb||10px|\u00bb]Vivimos en una sociedad que cambia constantemente, por lo que la Educaci\u00f3n debe saber responder y adaptarse a dichos cambios.\u00a0Es por ello que contamos con un completo plan de formaci\u00f3n y un equipo formado por docentes de todas las etapas llamado <em>Think Tank<\/em> que est\u00e1 desarrollando las l\u00edneas de actuaci\u00f3n de nuestro centro en cuanto a innovaci\u00f3n educativa.[\/et_pb_blurb][\/et_pb_column][\/et_pb_row][\/et_pb_section][et_pb_section fb_built=\u00bb1&#8243; _builder_version=\u00bb3.22.3&#8243; custom_padding=\u00bb0px|0px|0px|0px\u00bb][et_pb_row module_id=\u00bbServicios\u00bb _builder_version=\u00bb4.4.6&#8243; width=\u00bb100%\u00bb max_width=\u00bb100%\u00bb custom_padding=\u00bb0px|0px|0px|0px\u00bb use_custom_width=\u00bbon\u00bb width_unit=\u00bboff\u00bb custom_width_percent=\u00bb100%\u00bb][et_pb_column type=\u00bb4_4&#8243; _builder_version=\u00bb3.25&#8243; custom_padding=\u00bb|||\u00bb custom_padding__hover=\u00bb|||\u00bb][et_pb_slider show_arrows=\u00bboff\u00bb show_pagination=\u00bboff\u00bb _builder_version=\u00bb4.4.2&#8243; header_font=\u00bb||||||||\u00bb custom_margin=\u00bb|||\u00bb custom_padding=\u00bb125px||125px|\u00bb custom_padding_tablet=\u00bb75px||75px|\u00bb custom_padding_phone=\u00bb70px||70px|\u00bb custom_padding_last_edited=\u00bbon|phone\u00bb filter_saturate=\u00bb106%\u00bb filter_brightness=\u00bb109%\u00bb auto=\u00bbon\u00bb auto_ignore_hover=\u00bbon\u00bb button_text_size__hover_enabled=\u00bboff\u00bb button_one_text_size__hover_enabled=\u00bboff\u00bb button_two_text_size__hover_enabled=\u00bboff\u00bb button_text_color__hover_enabled=\u00bboff\u00bb button_one_text_color__hover_enabled=\u00bboff\u00bb button_two_text_color__hover_enabled=\u00bboff\u00bb button_border_width__hover_enabled=\u00bboff\u00bb button_one_border_width__hover_enabled=\u00bboff\u00bb button_two_border_width__hover_enabled=\u00bboff\u00bb button_border_color__hover_enabled=\u00bboff\u00bb button_one_border_color__hover_enabled=\u00bboff\u00bb button_two_border_color__hover_enabled=\u00bboff\u00bb button_border_radius__hover_enabled=\u00bboff\u00bb button_one_border_radius__hover_enabled=\u00bboff\u00bb button_two_border_radius__hover_enabled=\u00bboff\u00bb button_letter_spacing__hover_enabled=\u00bboff\u00bb button_one_letter_spacing__hover_enabled=\u00bboff\u00bb button_two_letter_spacing__hover_enabled=\u00bboff\u00bb button_bg_color__hover_enabled=\u00bboff\u00bb button_one_bg_color__hover_enabled=\u00bboff\u00bb button_two_bg_color__hover_enabled=\u00bboff\u00bb][et_pb_slide _builder_version=\u00bb3.16&#8243; background_color=\u00bb#ffffff\u00bb background_image=\u00bbhttps:\/\/cordoba.salesianos.edu\/colegio\/wp-content\/uploads\/sites\/2\/2020\/10\/encabezado_ludoteca-min.jpg\u00bb button_text_size__hover_enabled=\u00bboff\u00bb button_one_text_size__hover_enabled=\u00bboff\u00bb button_two_text_size__hover_enabled=\u00bboff\u00bb button_text_color__hover_enabled=\u00bboff\u00bb button_one_text_color__hover_enabled=\u00bboff\u00bb button_two_text_color__hover_enabled=\u00bboff\u00bb button_border_width__hover_enabled=\u00bboff\u00bb button_one_border_width__hover_enabled=\u00bboff\u00bb button_two_border_width__hover_enabled=\u00bboff\u00bb button_border_color__hover_enabled=\u00bboff\u00bb button_one_border_color__hover_enabled=\u00bboff\u00bb button_two_border_color__hover_enabled=\u00bboff\u00bb button_border_radius__hover_enabled=\u00bboff\u00bb button_one_border_radius__hover_enabled=\u00bboff\u00bb button_two_border_radius__hover_enabled=\u00bboff\u00bb button_letter_spacing__hover_enabled=\u00bboff\u00bb button_one_letter_spacing__hover_enabled=\u00bboff\u00bb button_two_letter_spacing__hover_enabled=\u00bboff\u00bb button_bg_color__hover_enabled=\u00bboff\u00bb button_one_bg_color__hover_enabled=\u00bboff\u00bb button_two_bg_color__hover_enabled=\u00bboff\u00bb sticky_transition=\u00bbon\u00bb][\/et_pb_slide][et_pb_slide _builder_version=\u00bb3.16&#8243; background_color=\u00bb#ffffff\u00bb background_image=\u00bbhttps:\/\/cordoba.salesianos.edu\/colegio\/wp-content\/uploads\/sites\/2\/2020\/10\/encabezado_menu-min.jpg\u00bb button_text_size__hover_enabled=\u00bboff\u00bb button_one_text_size__hover_enabled=\u00bboff\u00bb button_two_text_size__hover_enabled=\u00bboff\u00bb button_text_color__hover_enabled=\u00bboff\u00bb button_one_text_color__hover_enabled=\u00bboff\u00bb button_two_text_color__hover_enabled=\u00bboff\u00bb button_border_width__hover_enabled=\u00bboff\u00bb button_one_border_width__hover_enabled=\u00bboff\u00bb button_two_border_width__hover_enabled=\u00bboff\u00bb button_border_color__hover_enabled=\u00bboff\u00bb button_one_border_color__hover_enabled=\u00bboff\u00bb button_two_border_color__hover_enabled=\u00bboff\u00bb button_border_radius__hover_enabled=\u00bboff\u00bb button_one_border_radius__hover_enabled=\u00bboff\u00bb button_two_border_radius__hover_enabled=\u00bboff\u00bb button_letter_spacing__hover_enabled=\u00bboff\u00bb button_one_letter_spacing__hover_enabled=\u00bboff\u00bb button_two_letter_spacing__hover_enabled=\u00bboff\u00bb button_bg_color__hover_enabled=\u00bboff\u00bb button_one_bg_color__hover_enabled=\u00bboff\u00bb button_two_bg_color__hover_enabled=\u00bboff\u00bb sticky_transition=\u00bbon\u00bb][\/et_pb_slide][et_pb_slide _builder_version=\u00bb3.16&#8243; background_color=\u00bb#ffffff\u00bb background_image=\u00bbhttps:\/\/cordoba.salesianos.edu\/colegio\/wp-content\/uploads\/sites\/2\/2020\/10\/encabezado_orlas.jpg\u00bb button_text_size__hover_enabled=\u00bboff\u00bb button_one_text_size__hover_enabled=\u00bboff\u00bb button_two_text_size__hover_enabled=\u00bboff\u00bb button_text_color__hover_enabled=\u00bboff\u00bb button_one_text_color__hover_enabled=\u00bboff\u00bb button_two_text_color__hover_enabled=\u00bboff\u00bb button_border_width__hover_enabled=\u00bboff\u00bb button_one_border_width__hover_enabled=\u00bboff\u00bb button_two_border_width__hover_enabled=\u00bboff\u00bb button_border_color__hover_enabled=\u00bboff\u00bb button_one_border_color__hover_enabled=\u00bboff\u00bb button_two_border_color__hover_enabled=\u00bboff\u00bb button_border_radius__hover_enabled=\u00bboff\u00bb button_one_border_radius__hover_enabled=\u00bboff\u00bb button_two_border_radius__hover_enabled=\u00bboff\u00bb button_letter_spacing__hover_enabled=\u00bboff\u00bb button_one_letter_spacing__hover_enabled=\u00bboff\u00bb button_two_letter_spacing__hover_enabled=\u00bboff\u00bb button_bg_color__hover_enabled=\u00bboff\u00bb button_one_bg_color__hover_enabled=\u00bboff\u00bb button_two_bg_color__hover_enabled=\u00bboff\u00bb sticky_transition=\u00bbon\u00bb][\/et_pb_slide][et_pb_slide _builder_version=\u00bb4.4.2&#8243; background_color=\u00bb#ffffff\u00bb background_image=\u00bbhttps:\/\/cordoba.salesianos.edu\/colegio\/wp-content\/uploads\/sites\/2\/2020\/10\/encabezado_ciclosgradomedio-min.jpg\u00bb background_enable_image=\u00bbon\u00bb button_text_size__hover_enabled=\u00bboff\u00bb button_one_text_size__hover_enabled=\u00bboff\u00bb button_two_text_size__hover_enabled=\u00bboff\u00bb button_text_color__hover_enabled=\u00bboff\u00bb button_one_text_color__hover_enabled=\u00bboff\u00bb button_two_text_color__hover_enabled=\u00bboff\u00bb button_border_width__hover_enabled=\u00bboff\u00bb button_one_border_width__hover_enabled=\u00bboff\u00bb button_two_border_width__hover_enabled=\u00bboff\u00bb button_border_color__hover_enabled=\u00bboff\u00bb button_one_border_color__hover_enabled=\u00bboff\u00bb button_two_border_color__hover_enabled=\u00bboff\u00bb button_border_radius__hover_enabled=\u00bboff\u00bb button_one_border_radius__hover_enabled=\u00bboff\u00bb button_two_border_radius__hover_enabled=\u00bboff\u00bb button_letter_spacing__hover_enabled=\u00bboff\u00bb button_one_letter_spacing__hover_enabled=\u00bboff\u00bb button_two_letter_spacing__hover_enabled=\u00bboff\u00bb button_bg_color__hover_enabled=\u00bboff\u00bb button_one_bg_color__hover_enabled=\u00bboff\u00bb button_two_bg_color__hover_enabled=\u00bboff\u00bb sticky_transition=\u00bbon\u00bb][\/et_pb_slide][\/et_pb_slider][\/et_pb_column][\/et_pb_row][\/et_pb_section][et_pb_section fb_built=\u00bb1&#8243; _builder_version=\u00bb3.22.3&#8243; background_color=\u00bb#e02b20&#8243; background_image=\u00bbhttps:\/\/cordoba.salesianos.edu\/colegio\/wp-content\/uploads\/sites\/2\/2020\/10\/fondo_novedades_web.png\u00bb custom_padding=\u00bb40px|0px|39px|0px\u00bb][et_pb_row _builder_version=\u00bb3.25&#8243; custom_padding=\u00bb26.375px|0px|0px|0px\u00bb][et_pb_column type=\u00bb4_4&#8243; _builder_version=\u00bb3.25&#8243; custom_padding=\u00bb|||\u00bb custom_padding__hover=\u00bb|||\u00bb][et_pb_text _builder_version=\u00bb4.4.2&#8243; text_font=\u00bb|300|||||||\u00bb text_text_color=\u00bb#e02b20&#8243; text_font_size=\u00bb29px\u00bb header_font=\u00bb||||||||\u00bb header_2_font=\u00bbLato|300|||||||\u00bb header_2_font_size=\u00bb34px\u00bb background_layout=\u00bbdark\u00bb custom_margin=\u00bb|||\u00bb custom_padding=\u00bb||15px|\u00bb]<\/p>\n<h2>Te lo ponemos f\u00e1cil<\/h2>\n<p>[\/et_pb_text][\/et_pb_column][\/et_pb_row][et_pb_row column_structure=\u00bb1_2,1_2&#8243; _builder_version=\u00bb3.25&#8243;][et_pb_column type=\u00bb1_2&#8243; _builder_version=\u00bb3.25&#8243; custom_padding=\u00bb|||\u00bb custom_padding__hover=\u00bb|||\u00bb][et_pb_blurb title=\u00bbServicio de comedor\u00bb url=\u00bbhttps:\/\/alicante.salesianos.edu\/colegio\/comedor\/\u00bb use_icon=\u00bbon\u00bb font_icon=\u00bb%%154%%\u00bb icon_color=\u00bb#ffffff\u00bb icon_placement=\u00bbleft\u00bb _builder_version=\u00bb4.4.2&#8243; header_level=\u00bbh3&#8243; header_font=\u00bb|300|||||||\u00bb header_font_size=\u00bb21px\u00bb body_font=\u00bb||||||||\u00bb body_font_size=\u00bb15px\u00bb body_line_height=\u00bb1.3em\u00bb background_layout=\u00bbdark\u00bb custom_margin=\u00bb|||\u00bb custom_padding=\u00bb||10px|\u00bb link_option_url=\u00bbhttps:\/\/alicante.salesianos.edu\/colegio\/comedor\/\u00bb font_icon__hover_enabled=\u00bbon|hover\u00bb font_icon__hover=\u00bb%%279%%\u00bb]Completo servicio de comedor escolar\u00a0con monitores y una amplia variedad de men\u00fas para alumnos con alergias y\/o intolerancias alimenticias.[\/et_pb_blurb][et_pb_blurb title=\u00bbDepartamento de Salud\u00bb url=\u00bbhttps:\/\/alicante.salesianos.edu\/colegio\/salud\/\u00bb use_icon=\u00bbon\u00bb font_icon=\u00bb%%141%%\u00bb icon_color=\u00bb#ffffff\u00bb icon_placement=\u00bbleft\u00bb _builder_version=\u00bb4.4.2&#8243; header_level=\u00bbh3&#8243; header_font=\u00bb|300|||||||\u00bb header_font_size=\u00bb21px\u00bb body_font=\u00bb||||||||\u00bb body_font_size=\u00bb15px\u00bb body_line_height=\u00bb1.3em\u00bb background_layout=\u00bbdark\u00bb custom_margin=\u00bb|||\u00bb custom_padding=\u00bb||10px|\u00bb link_option_url=\u00bbhttps:\/\/alicante.salesianos.edu\/colegio\/salud\/\u00bb font_icon__hover_enabled=\u00bbon|hover\u00bb font_icon__hover=\u00bb%%257%%\u00bb]Servicio de enfermer\u00eda para atenci\u00f3n al alumnado, administraci\u00f3n de medicamentos, control de dietas y enfermedades cr\u00f3nicas&#8230;[\/et_pb_blurb][et_pb_blurb title=\u00bbTransporte escolar\u00bb url=\u00bbhttps:\/\/alicante.salesianos.edu\/colegio\/transporte\/\u00bb use_icon=\u00bbon\u00bb font_icon=\u00bb%%124%%\u00bb icon_color=\u00bb#ffffff\u00bb icon_placement=\u00bbleft\u00bb _builder_version=\u00bb4.4.2&#8243; header_level=\u00bbh3&#8243; header_font=\u00bb|300|||||||\u00bb header_font_size=\u00bb21px\u00bb body_font=\u00bb||||||||\u00bb body_font_size=\u00bb15px\u00bb body_line_height=\u00bb1.3em\u00bb background_layout=\u00bbdark\u00bb custom_margin=\u00bb|||\u00bb custom_padding=\u00bb||10px|\u00bb link_option_url=\u00bbhttps:\/\/alicante.salesianos.edu\/colegio\/transporte\/\u00bb font_icon__hover_enabled=\u00bbon|hover\u00bb font_icon__hover=\u00bb%%251%%\u00bb]Te ofrecemos varias rutas por Alicante para que llegar al colegio nunca sea un problema.[\/et_pb_blurb][et_pb_blurb title=\u00bbBiblioteca\u00bb url=\u00bbhttps:\/\/alicante.salesianos.edu\/colegio\/biblioteca\/\u00bb use_icon=\u00bbon\u00bb font_icon=\u00bb%%127%%\u00bb icon_color=\u00bb#ffffff\u00bb icon_placement=\u00bbleft\u00bb _builder_version=\u00bb4.4.2&#8243; header_level=\u00bbh3&#8243; header_font=\u00bb|300|||||||\u00bb header_font_size=\u00bb21px\u00bb body_font=\u00bb||||||||\u00bb body_font_size=\u00bb15px\u00bb body_line_height=\u00bb1.3em\u00bb background_layout=\u00bbdark\u00bb custom_margin=\u00bb|||\u00bb custom_padding=\u00bb||10px|\u00bb link_option_url=\u00bbhttps:\/\/alicante.salesianos.edu\/colegio\/biblioteca\/\u00bb font_icon__hover_enabled=\u00bbon|hover\u00bb font_icon__hover=\u00bb%%254%%\u00bb]Servicio de biblioteca con sistema de pr\u00e9stamo de libros, ordenadores para trabajar o jugar y una amplia selecci\u00f3n de libros para leer o realizar con[\/et_pb_blurb][et_pb_blurb title=\u00bbQualitas Escuela-Familia\u00bb url=\u00bbhttps:\/\/alicante.salesianos.edu\/colegio\/qualitas-educativa\u00bb use_icon=\u00bbon\u00bb font_icon=\u00bb%%104%%\u00bb icon_color=\u00bb#ffffff\u00bb icon_placement=\u00bbleft\u00bb _builder_version=\u00bb4.4.2&#8243; header_level=\u00bbh3&#8243; header_font=\u00bb|300|||||||\u00bb header_font_size=\u00bb21px\u00bb body_font=\u00bb||||||||\u00bb body_font_size=\u00bb15px\u00bb body_line_height=\u00bb1.3em\u00bb background_layout=\u00bbdark\u00bb custom_margin=\u00bb|||\u00bb custom_padding=\u00bb||10px|\u00bb link_option_url=\u00bbhttps:\/\/alicante.salesianos.edu\/colegio\/qualitas-educativa\u00bb font_icon__hover_enabled=\u00bbon|hover\u00bb font_icon__hover=\u00bb%%107%%\u00bb]Una nueva forma de comunicarse con el colegio: mensajer\u00eda, calificaciones, calendario, documentaci\u00f3n, justificaci\u00f3n de faltas y retrasos&#8230; Todo de manera intuitiva y accesible desde cualquier lugar.[\/et_pb_blurb][\/et_pb_column][et_pb_column type=\u00bb1_2&#8243; _builder_version=\u00bb3.25&#8243; custom_padding=\u00bb|||\u00bb custom_padding__hover=\u00bb|||\u00bb][et_pb_blurb title=\u00bbSeguro de accidentes\u00bb url=\u00bbhttps:\/\/alicante.salesianos.edu\/colegio\/seguro\/\u00bb use_icon=\u00bbon\u00bb font_icon=\u00bb%%76%%\u00bb icon_color=\u00bb#ffffff\u00bb icon_placement=\u00bbleft\u00bb _builder_version=\u00bb4.4.2&#8243; header_level=\u00bbh3&#8243; header_font=\u00bb|300|||||||\u00bb header_font_size=\u00bb21px\u00bb body_font=\u00bb||||||||\u00bb body_font_size=\u00bb15px\u00bb body_line_height=\u00bb1.3em\u00bb background_layout=\u00bbdark\u00bb custom_margin=\u00bb|||\u00bb custom_padding=\u00bb||10px|\u00bb link_option_url=\u00bbhttps:\/\/alicante.salesianos.edu\/colegio\/seguro\/\u00bb font_icon__hover_enabled=\u00bbon|hover\u00bb font_icon__hover=\u00bb%%211%%\u00bb]<\/p>\n<p>Para que tus hijos est\u00e9n siempre protegidos. De car\u00e1cter voluntario hasta 2\u00ba ESO y obligatorio por ley de 3\u00ba ESO en adelante.<\/p>\n<p>[\/et_pb_blurb][et_pb_blurb title=\u00bbLudoteca\u00bb url=\u00bbhttps:\/\/alicante.salesianos.edu\/colegio\/ludoteca\/\u00bb use_icon=\u00bbon\u00bb font_icon=\u00bb%%150%%\u00bb icon_color=\u00bb#ffffff\u00bb icon_placement=\u00bbleft\u00bb _builder_version=\u00bb4.4.2&#8243; header_level=\u00bbh3&#8243; header_font=\u00bb|300|||||||\u00bb header_font_size=\u00bb21px\u00bb body_font=\u00bb||||||||\u00bb body_font_size=\u00bb15px\u00bb body_line_height=\u00bb1.3em\u00bb background_layout=\u00bbdark\u00bb custom_margin=\u00bb|||\u00bb custom_padding=\u00bb||10px|\u00bb link_option_url=\u00bbhttps:\/\/alicante.salesianos.edu\/colegio\/ludoteca\/\u00bb font_icon__hover_enabled=\u00bbon|hover\u00bb font_icon__hover=\u00bb%%276%%\u00bb]Porque no siempre es f\u00e1cil cuadrar horarios, ofrecemos servicio de atenci\u00f3n matinal y al acabar las clases para las familias que lo necesiten.[\/et_pb_blurb][et_pb_blurb title=\u00bbBanco de libros\u00bb url=\u00bbhttps:\/\/alicante.salesianos.edu\/colegio\/banco-libros\/\u00bb use_icon=\u00bbon\u00bb font_icon=\u00bb%%140%%\u00bb icon_color=\u00bb#ffffff\u00bb icon_placement=\u00bbleft\u00bb _builder_version=\u00bb4.4.2&#8243; header_level=\u00bbh3&#8243; header_font=\u00bb|300|||||||\u00bb header_font_size=\u00bb21px\u00bb body_font=\u00bb||||||||\u00bb body_font_size=\u00bb15px\u00bb body_line_height=\u00bb1.3em\u00bb background_layout=\u00bbdark\u00bb custom_margin=\u00bb|||\u00bb custom_padding=\u00bb||10px|\u00bb link_option_url=\u00bbhttps:\/\/alicante.salesianos.edu\/colegio\/banco-libros\/\u00bb font_icon__hover_enabled=\u00bbon|desktop\u00bb font_icon__hover=\u00bb%%256%%\u00bb]<\/p>\n<p>Nuestro centro participa del programa #XarxaLlibre para la reutilizaci\u00f3n de libros de texto en beneficio de las familias.<\/p>\n<p>[\/et_pb_blurb][et_pb_blurb title=\u00bbVenta de libros\u00bb url=\u00bbhttps:\/\/alicante.salesianos.edu\/colegio\/libros\/\u00bb use_icon=\u00bbon\u00bb font_icon=\u00bb%%114%%\u00bb icon_color=\u00bb#ffffff\u00bb icon_placement=\u00bbleft\u00bb _builder_version=\u00bb4.4.2&#8243; header_level=\u00bbh3&#8243; header_font=\u00bb|300|||||||\u00bb header_font_size=\u00bb21px\u00bb body_font=\u00bb||||||||\u00bb body_font_size=\u00bb15px\u00bb body_line_height=\u00bb1.3em\u00bb background_layout=\u00bbdark\u00bb custom_margin=\u00bb|||\u00bb custom_padding=\u00bb||10px|\u00bb link_option_url=\u00bbhttps:\/\/alicante.salesianos.edu\/colegio\/libros\/\u00bb font_icon__hover_enabled=\u00bbon|hover\u00bb font_icon__hover=\u00bb%%242%%\u00bb]<\/p>\n<p>Te ofrecemos un servicio de venta de libros de texto para que, en el caso de que tengas que comprarlos, no tengas que preocuparte por nada.<\/p>\n<p>[\/et_pb_blurb][et_pb_blurb title=\u00bbMis apps\u00bb url=\u00bbhttps:\/\/alicante.salesianos.edu\/colegio\/familias\/\u00bb use_icon=\u00bbon\u00bb font_icon=\u00bb%%260%%\u00bb icon_color=\u00bb#ffffff\u00bb icon_placement=\u00bbleft\u00bb _builder_version=\u00bb4.4.2&#8243; header_level=\u00bbh3&#8243; header_font=\u00bb|300|||||||\u00bb header_font_size=\u00bb21px\u00bb body_font=\u00bb||||||||\u00bb body_font_size=\u00bb15px\u00bb body_line_height=\u00bb1.3em\u00bb background_layout=\u00bbdark\u00bb custom_margin=\u00bb|||\u00bb custom_padding=\u00bb||10px|\u00bb link_option_url=\u00bbhttps:\/\/alicante.salesianos.edu\/colegio\/familias\/\u00bb font_icon__hover_enabled=\u00bbon|hover\u00bb font_icon__hover=\u00bb%%261%%\u00bb]<\/p>\n<p>Todo lo que necesitas, en un mismo lugar: album de fotos, tr\u00e1mites online, recursos para alumnado y familias, acceso directo a las plataformas del centro y mucho m\u00e1s. Accesible desde la web tanto para las familias como para el alumnado.<\/p>\n<p>[\/et_pb_blurb][\/et_pb_column][\/et_pb_row][\/et_pb_section][et_pb_section fb_built=\u00bb1&#8243; fullwidth=\u00bbon\u00bb module_id=\u00bbInstalaciones\u00bb _builder_version=\u00bb4.4.6&#8243; background_image=\u00bbhttps:\/\/cordoba.salesianos.edu\/colegio\/wp-content\/uploads\/sites\/2\/2020\/10\/colegio_instalaciones_archivofotografico_video_1.jpg\u00bb parallax=\u00bbon\u00bb custom_padding=\u00bb170px|0px|0px|0px\u00bb filter_saturate=\u00bb140%\u00bb filter_contrast=\u00bb120%\u00bb filter_invert=\u00bb5%\u00bb][et_pb_fullwidth_header _builder_version=\u00bb3.16&#8243; background_color=\u00bbrgba(255, 255, 255, 0)\u00bb background_layout=\u00bblight\u00bb button_one_text_size__hover_enabled=\u00bboff\u00bb button_two_text_size__hover_enabled=\u00bboff\u00bb button_one_text_color__hover_enabled=\u00bboff\u00bb button_two_text_color__hover_enabled=\u00bboff\u00bb button_one_border_width__hover_enabled=\u00bboff\u00bb button_two_border_width__hover_enabled=\u00bboff\u00bb button_one_border_color__hover_enabled=\u00bboff\u00bb button_two_border_color__hover_enabled=\u00bboff\u00bb button_one_border_radius__hover_enabled=\u00bboff\u00bb button_two_border_radius__hover_enabled=\u00bboff\u00bb button_one_letter_spacing__hover_enabled=\u00bboff\u00bb button_two_letter_spacing__hover_enabled=\u00bboff\u00bb button_one_bg_color__hover_enabled=\u00bboff\u00bb button_two_bg_color__hover_enabled=\u00bboff\u00bb][\/et_pb_fullwidth_header][et_pb_fullwidth_image _builder_version=\u00bb3.0.100&#8243;][\/et_pb_fullwidth_image][\/et_pb_section][et_pb_section fb_built=\u00bb1&#8243; _builder_version=\u00bb4.4.2&#8243; background_color=\u00bbrgba(255,255,255,0.87)\u00bb background_enable_image=\u00bboff\u00bb background_blend=\u00bbsoft-light\u00bb custom_padding=\u00bb50px|0px|50px|0px||\u00bb][et_pb_row module_class=\u00bb et_pb_row_fullwidth\u00bb _builder_version=\u00bb3.25&#8243; width=\u00bb94%\u00bb width_tablet=\u00bb80%\u00bb width_phone=\u00bb\u00bb width_last_edited=\u00bbon|desktop\u00bb max_width=\u00bb94%\u00bb max_width_tablet=\u00bb80%\u00bb max_width_phone=\u00bb\u00bb max_width_last_edited=\u00bbon|desktop\u00bb custom_padding=\u00bb26.375px|0px|0px|0px\u00bb make_fullwidth=\u00bbon\u00bb][et_pb_column type=\u00bb4_4&#8243; _builder_version=\u00bb3.25&#8243; custom_padding=\u00bb|||\u00bb custom_padding__hover=\u00bb|||\u00bb][et_pb_blurb title=\u00bbInstalaciones\u00bb use_icon=\u00bbon\u00bb font_icon=\u00bb%%144%%\u00bb icon_color=\u00bb#d31d1d\u00bb icon_placement=\u00bbleft\u00bb content_max_width=\u00bb1079px\u00bb use_icon_font_size=\u00bbon\u00bb icon_font_size=\u00bb120px\u00bb icon_placement_tablet=\u00bbtop\u00bb icon_placement_phone=\u00bb\u00bb icon_placement_last_edited=\u00bbon|tablet\u00bb disabled_on=\u00bbon|off|off\u00bb module_class=\u00bbpagina-text-light\u00bb _builder_version=\u00bb4.4.2&#8243; header_level=\u00bbh2&#8243; header_font=\u00bbLato|900|||||||\u00bb header_font_size=\u00bb43px\u00bb body_font=\u00bb|300|||||||\u00bb body_font_size=\u00bb16px\u00bb body_line_height=\u00bb1.3em\u00bb text_orientation=\u00bbcenter\u00bb custom_margin=\u00bb|||\u00bb custom_padding=\u00bb||10px|\u00bb]<\/p>\n<div class=\"page\" title=\"Page 20\">\n<div class=\"section\">\n<div class=\"layoutArea\">\n<div class=\"column\">\n<p>El colegio, ubicado en el barrio del Pau, est\u00e1 construido en una gran parcela de <strong>76.911 <span>m\u00b2<\/span><\/strong>. Esto permite que cada etapa cuente con su propio <strong>pabell\u00f3n y patio independientes<\/strong>. Adem\u00e1s, nos permite disponer de una gran variedad de instalaciones:<\/p>\n<\/div>\n<\/div>\n<\/div>\n<\/div>\n<p>[\/et_pb_blurb][\/et_pb_column][\/et_pb_row][et_pb_row column_structure=\u00bb1_3,1_3,1_3&#8243; custom_padding_last_edited=\u00bbon|phone\u00bb module_class=\u00bb et_pb_row_fullwidth\u00bb _builder_version=\u00bb4.4.2&#8243; width=\u00bb1100px\u00bb width_tablet=\u00bb80%\u00bb width_phone=\u00bb\u00bb width_last_edited=\u00bbon|desktop\u00bb max_width=\u00bb94%\u00bb max_width_tablet=\u00bb80%\u00bb max_width_phone=\u00bb\u00bb max_width_last_edited=\u00bbon|desktop\u00bb custom_margin=\u00bb|||\u00bb custom_padding=\u00bb|10px||160px\u00bb custom_padding_tablet=\u00bb|0px||0px\u00bb custom_padding_phone=\u00bb|0px||0px\u00bb make_fullwidth=\u00bbon\u00bb][et_pb_column type=\u00bb1_3&#8243; _builder_version=\u00bb3.25&#8243; custom_padding=\u00bb|||\u00bb custom_padding__hover=\u00bb|||\u00bb][et_pb_blurb title=\u00bbTeatro\u00bb use_icon=\u00bbon\u00bb font_icon=\u00bb%%57%%\u00bb icon_color=\u00bb#d82020&#8243; icon_placement=\u00bbleft\u00bb _builder_version=\u00bb4.4.2&#8243; header_level=\u00bbh3&#8243; header_font=\u00bb|300|||||||\u00bb header_font_size=\u00bb18px\u00bb header_line_height=\u00bb1.3em\u00bb body_font=\u00bb||||||||\u00bb body_line_height=\u00bb1.3em\u00bb custom_margin=\u00bb|||\u00bb custom_padding=\u00bb|||\u00bb link_option_url=\u00bbhttps:\/\/alicante.salesianos.edu\/colegio\/instalaciones\/#teatro\u00bb]Con espacio para m\u00e1s de 400 personas.[\/et_pb_blurb][et_pb_blurb title=\u00bbEdificio de direcci\u00f3n y administraci\u00f3n\u00bb use_icon=\u00bbon\u00bb font_icon=\u00bb%%57%%\u00bb icon_color=\u00bb#d82020&#8243; icon_placement=\u00bbleft\u00bb _builder_version=\u00bb4.4.2&#8243; header_level=\u00bbh3&#8243; header_font=\u00bb|300|||||||\u00bb header_font_size=\u00bb18px\u00bb header_line_height=\u00bb1.3em\u00bb body_font=\u00bb||||||||\u00bb body_line_height=\u00bb1.3em\u00bb custom_margin=\u00bb|||\u00bb custom_padding=\u00bb|||\u00bb link_option_url=\u00bbhttps:\/\/alicante.salesianos.edu\/colegio\/instalaciones\/#recepcion\u00bb]Es la recepci\u00f3n del colegio y en \u00e9l est\u00e1n los <a href=\"http:\/\/alicante.salesianos.edu\/colegio\/administracion\/\">despachos de direcci\u00f3n y administraci\u00f3n<\/a>, salas de atenci\u00f3n a padres, reprograf\u00eda, <a href=\"http:\/\/alicante.salesianos.edu\/colegio\/salud\/\">enfermer\u00eda<\/a> \u00a0y <a href=\"http:\/\/alicante.salesianos.edu\/apas\/\">APAS<\/a>.[\/et_pb_blurb][et_pb_blurb title=\u00bbTemplo Don Bosco\u00bb use_icon=\u00bbon\u00bb font_icon=\u00bb%%57%%\u00bb icon_color=\u00bb#d82020&#8243; icon_placement=\u00bbleft\u00bb _builder_version=\u00bb4.4.2&#8243; header_level=\u00bbh3&#8243; header_font=\u00bb|300|||||||\u00bb header_font_size=\u00bb18px\u00bb header_line_height=\u00bb1.3em\u00bb body_font=\u00bb||||||||\u00bb body_line_height=\u00bb1.3em\u00bb custom_margin=\u00bb|||\u00bb custom_padding=\u00bb|||\u00bb link_option_url=\u00bbhttps:\/\/alicante.salesianos.edu\/colegio\/instalaciones\/#templo\u00bb]<\/p>\n<p>Iglesia con capilla donde tienen lugar las celebraciones.<\/p>\n<p>[\/et_pb_blurb][et_pb_blurb title=\u00bbCafeter\u00eda\u00bb use_icon=\u00bbon\u00bb font_icon=\u00bb%%57%%\u00bb icon_color=\u00bb#d82020&#8243; icon_placement=\u00bbleft\u00bb _builder_version=\u00bb4.4.2&#8243; header_level=\u00bbh3&#8243; header_font=\u00bb|300|||||||\u00bb header_font_size=\u00bb18px\u00bb header_line_height=\u00bb1.3em\u00bb body_font=\u00bb||||||||\u00bb body_line_height=\u00bb1.3em\u00bb custom_margin=\u00bb|||\u00bb custom_padding=\u00bb|||\u00bb link_option_url=\u00bbhttps:\/\/alicante.salesianos.edu\/colegio\/instalaciones\/#cafeteria\u00bb]Con servicio tanto dentro como fuera del horario escolar.[\/et_pb_blurb][et_pb_blurb title=\u00bbComedor\u00bb use_icon=\u00bbon\u00bb font_icon=\u00bb%%57%%\u00bb icon_color=\u00bb#d82020&#8243; icon_placement=\u00bbleft\u00bb _builder_version=\u00bb4.4.2&#8243; header_level=\u00bbh3&#8243; header_font=\u00bb|300|||||||\u00bb header_font_size=\u00bb18px\u00bb header_line_height=\u00bb1.3em\u00bb body_font=\u00bb||||||||\u00bb body_line_height=\u00bb1.3em\u00bb custom_margin=\u00bb|||\u00bb custom_padding=\u00bb|||\u00bb link_option_url=\u00bbhttps:\/\/alicante.salesianos.edu\/colegio\/instalaciones\/#comedor\u00bb]Separado por edades, con cocina propia y aforo para 450 comensales.[\/et_pb_blurb][et_pb_blurb title=\u00bb55 pizarras digitales\u00bb use_icon=\u00bbon\u00bb font_icon=\u00bb%%57%%\u00bb icon_color=\u00bb#d82020&#8243; icon_placement=\u00bbleft\u00bb _builder_version=\u00bb4.4.2&#8243; header_level=\u00bbh3&#8243; header_font=\u00bb|300|||||||\u00bb header_font_size=\u00bb18px\u00bb header_line_height=\u00bb1.3em\u00bb body_font=\u00bb||||||||\u00bb body_line_height=\u00bb1.3em\u00bb custom_margin=\u00bb|||\u00bb custom_padding=\u00bb|||\u00bb link_option_url=\u00bbhttps:\/\/alicante.salesianos.edu\/colegio\/instalaciones\/#aulas\u00bb]Cada aula cuenta con su propio ordenador y pizarra digital.[\/et_pb_blurb][et_pb_blurb title=\u00bb4 aulas de inform\u00e1tica\u00bb use_icon=\u00bbon\u00bb font_icon=\u00bb%%57%%\u00bb icon_color=\u00bb#d82020&#8243; icon_placement=\u00bbleft\u00bb _builder_version=\u00bb4.4.2&#8243; header_level=\u00bbh3&#8243; header_font=\u00bb|300|||||||\u00bb header_font_size=\u00bb18px\u00bb header_line_height=\u00bb1.3em\u00bb body_font=\u00bb||||||||\u00bb body_line_height=\u00bb1.3em\u00bb custom_margin=\u00bb|||\u00bb custom_padding=\u00bb|||\u00bb link_option_url=\u00bbhttps:\/\/alicante.salesianos.edu\/colegio\/instalaciones\/#aulas-informatica\u00bb]<\/p>\n<p>Con un total de 131 ordenadores.<\/p>\n<p>[\/et_pb_blurb][\/et_pb_column][et_pb_column type=\u00bb1_3&#8243; _builder_version=\u00bb3.25&#8243; custom_padding=\u00bb|||\u00bb custom_padding__hover=\u00bb|||\u00bb][et_pb_blurb title=\u00bbAulas espec\u00edficas\u00bb use_icon=\u00bbon\u00bb font_icon=\u00bb%%57%%\u00bb icon_color=\u00bb#d82020&#8243; icon_placement=\u00bbleft\u00bb _builder_version=\u00bb4.4.2&#8243; header_level=\u00bbh3&#8243; header_font=\u00bb|300|||||||\u00bb header_font_size=\u00bb18px\u00bb header_line_height=\u00bb1.3em\u00bb body_font=\u00bb||||||||\u00bb body_line_height=\u00bb1.3em\u00bb custom_margin=\u00bb|||\u00bb custom_padding=\u00bb|||\u00bb link_option_url=\u00bbhttps:\/\/alicante.salesianos.edu\/colegio\/instalaciones\/#aulas-especificas\u00bb]Para las asignaturas de m\u00fasica, religi\u00f3n, tecnolog\u00eda y dibujo t\u00e9cnico.[\/et_pb_blurb][et_pb_blurb title=\u00bbAula magna\u00bb use_icon=\u00bbon\u00bb font_icon=\u00bb%%57%%\u00bb icon_color=\u00bb#d82020&#8243; icon_placement=\u00bbleft\u00bb _builder_version=\u00bb4.4.2&#8243; header_level=\u00bbh3&#8243; header_font=\u00bb|300|||||||\u00bb header_font_size=\u00bb18px\u00bb header_line_height=\u00bb1.3em\u00bb body_font=\u00bb||||||||\u00bb body_line_height=\u00bb1.3em\u00bb custom_margin=\u00bb|||\u00bb custom_padding=\u00bb|||\u00bb link_option_url=\u00bbhttps:\/\/alicante.salesianos.edu\/colegio\/instalaciones\/#aula-magna\u00bb]Con aforo para 100 personas.[\/et_pb_blurb][et_pb_blurb title=\u00bbSala multi-usos\u00bb use_icon=\u00bbon\u00bb font_icon=\u00bb%%57%%\u00bb icon_color=\u00bb#d82020&#8243; icon_placement=\u00bbleft\u00bb _builder_version=\u00bb4.4.2&#8243; header_level=\u00bbh3&#8243; header_font=\u00bb|300|||||||\u00bb header_font_size=\u00bb18px\u00bb header_line_height=\u00bb1.3em\u00bb body_font=\u00bb||||||||\u00bb body_line_height=\u00bb1.3em\u00bb custom_margin=\u00bb|||\u00bb custom_padding=\u00bb|||\u00bb link_option_url=\u00bbhttps:\/\/alicante.salesianos.edu\/colegio\/instalaciones\/#sala-azul\u00bb]<\/p>\n<p>Con m\u00e1s de 300 <span>m\u00b2<\/span>, escenario, luces de espect\u00e1culo, proyector y dotaci\u00f3n de unas 250 sillas plegables.<\/p>\n<p>[\/et_pb_blurb][et_pb_blurb title=\u00bbBiblioteca\u00bb url=\u00bbhttps:\/\/alicante.salesianos.edu\/colegio\/biblioteca\/\u00bb use_icon=\u00bbon\u00bb font_icon=\u00bb%%57%%\u00bb icon_color=\u00bb#d82020&#8243; icon_placement=\u00bbleft\u00bb _builder_version=\u00bb4.4.2&#8243; header_level=\u00bbh3&#8243; header_font=\u00bb|300|||||||\u00bb header_font_size=\u00bb18px\u00bb header_line_height=\u00bb1.3em\u00bb body_font=\u00bb||||||||\u00bb body_line_height=\u00bb1.3em\u00bb custom_margin=\u00bb|||\u00bb custom_padding=\u00bb|||\u00bb link_option_url=\u00bbhttps:\/\/alicante.salesianos.edu\/colegio\/instalaciones\/#biblioteca\u00bb]Con 24 ordenadores.[\/et_pb_blurb][et_pb_blurb title=\u00bb3 laboratorios\u00bb use_icon=\u00bbon\u00bb font_icon=\u00bb%%57%%\u00bb icon_color=\u00bb#d82020&#8243; icon_placement=\u00bbleft\u00bb _builder_version=\u00bb4.4.2&#8243; header_level=\u00bbh3&#8243; header_font=\u00bb|300|||||||\u00bb header_font_size=\u00bb18px\u00bb header_line_height=\u00bb1.3em\u00bb body_font=\u00bb||||||||\u00bb body_line_height=\u00bb1.3em\u00bb custom_margin=\u00bb|||\u00bb custom_padding=\u00bb|||\u00bb link_option_url=\u00bbhttps:\/\/alicante.salesianos.edu\/colegio\/instalaciones\/#laboratorios\u00bb]De qu\u00edmica, f\u00edsica y biolog\u00eda.[\/et_pb_blurb][et_pb_blurb title=\u00bb8 aulas auxiliares\u00bb use_icon=\u00bbon\u00bb font_icon=\u00bb%%57%%\u00bb icon_color=\u00bb#d82020&#8243; icon_placement=\u00bbleft\u00bb _builder_version=\u00bb4.4.2&#8243; header_level=\u00bbh3&#8243; header_font=\u00bb|300|||||||\u00bb header_font_size=\u00bb18px\u00bb header_line_height=\u00bb1.3em\u00bb body_font=\u00bb||||||||\u00bb body_line_height=\u00bb1.3em\u00bb custom_margin=\u00bb|||\u00bb custom_padding=\u00bb|||\u00bb link_option_url=\u00bbhttps:\/\/alicante.salesianos.edu\/colegio\/instalaciones\/#aulas-auxiliares\u00bb][\/et_pb_blurb][et_pb_blurb title=\u00bbAula de psicomotricidad\u00bb use_icon=\u00bbon\u00bb font_icon=\u00bb%%57%%\u00bb icon_color=\u00bb#d82020&#8243; icon_placement=\u00bbleft\u00bb _builder_version=\u00bb3.0.100&#8243; header_level=\u00bbh3&#8243; header_font=\u00bb|300|||||||\u00bb header_font_size=\u00bb18px\u00bb header_line_height=\u00bb1.3em\u00bb body_font=\u00bb||||||||\u00bb body_line_height=\u00bb1.3em\u00bb custom_margin=\u00bb|||\u00bb custom_padding=\u00bb|||\u00bb][\/et_pb_blurb][et_pb_blurb title=\u00bbHuerto escolar\u00bb use_icon=\u00bbon\u00bb font_icon=\u00bb%%57%%\u00bb icon_color=\u00bb#d82020&#8243; icon_placement=\u00bbleft\u00bb _builder_version=\u00bb4.4.2&#8243; header_level=\u00bbh3&#8243; header_font=\u00bb|300|||||||\u00bb header_font_size=\u00bb18px\u00bb header_line_height=\u00bb1.3em\u00bb body_font=\u00bb||||||||\u00bb body_line_height=\u00bb1.3em\u00bb custom_margin=\u00bb|||\u00bb custom_padding=\u00bb|||\u00bb link_option_url=\u00bbhttps:\/\/alicante.salesianos.edu\/colegio\/instalaciones\/#huerto\u00bb][\/et_pb_blurb][et_pb_blurb title=\u00bbLudoteca\u00bb use_icon=\u00bbon\u00bb font_icon=\u00bb%%57%%\u00bb icon_color=\u00bb#d82020&#8243; icon_placement=\u00bbleft\u00bb _builder_version=\u00bb4.4.2&#8243; header_level=\u00bbh3&#8243; header_font=\u00bb|300|||||||\u00bb header_font_size=\u00bb18px\u00bb header_line_height=\u00bb1.3em\u00bb body_font=\u00bb||||||||\u00bb body_line_height=\u00bb1.3em\u00bb custom_margin=\u00bb|||\u00bb custom_padding=\u00bb|||\u00bb link_option_url=\u00bbhttps:\/\/alicante.salesianos.edu\/colegio\/instalaciones\/#ludoteca\u00bb]<\/p>\n<p>Aula de antenci\u00f3n matinal\u00a0organizada por\u00a0rincones\u00a0en los que jugar de manera libre.<\/p>\n<p>[\/et_pb_blurb][\/et_pb_column][et_pb_column type=\u00bb1_3&#8243; _builder_version=\u00bb3.25&#8243; custom_padding=\u00bb|||\u00bb custom_padding__hover=\u00bb|||\u00bb][et_pb_blurb title=\u00bbEdificio de pastoral\u00bb use_icon=\u00bbon\u00bb font_icon=\u00bb%%57%%\u00bb icon_color=\u00bb#d82020&#8243; icon_placement=\u00bbleft\u00bb _builder_version=\u00bb4.4.2&#8243; header_level=\u00bbh3&#8243; header_font=\u00bb|300|||||||\u00bb header_font_size=\u00bb18px\u00bb header_line_height=\u00bb1.3em\u00bb body_font=\u00bb||||||||\u00bb body_line_height=\u00bb1.3em\u00bb custom_margin=\u00bb|||\u00bb custom_padding=\u00bb|||\u00bb link_option_url=\u00bbhttps:\/\/alicante.salesianos.edu\/colegio\/instalaciones\/#edificio-pastoral\u00bb]<\/p>\n<p>A su vez, sede de la <a href=\"https:\/\/alicante.salesianos.edu\/centrojuvenil\/ajdb\/\">Asociaci\u00f3n Juveni Don Bosco<\/a> con sal\u00f3n de actos propio.<\/p>\n<p>[\/et_pb_blurb][et_pb_blurb title=\u00bbRecinto del Grupo Scout\u00bb url=\u00bbhttps:\/\/alicante.salesianos.edu\/centrojuvenil\/scouts-impeesa\/\u00bb use_icon=\u00bbon\u00bb font_icon=\u00bb%%57%%\u00bb icon_color=\u00bb#d82020&#8243; icon_placement=\u00bbleft\u00bb _builder_version=\u00bb4.4.2&#8243; header_level=\u00bbh3&#8243; header_font=\u00bb|300|||||||\u00bb header_font_size=\u00bb18px\u00bb header_line_height=\u00bb1.3em\u00bb body_font=\u00bb||||||||\u00bb body_line_height=\u00bb1.3em\u00bb custom_margin=\u00bb|||\u00bb custom_padding=\u00bb|||\u00bb link_option_url=\u00bbhttps:\/\/alicante.salesianos.edu\/centrojuvenil\/scouts-impeesa\/\u00bb]Con 3 salas y amplio espacio exterior.[\/et_pb_blurb][et_pb_blurb title=\u00bbGimnasio\u00bb use_icon=\u00bbon\u00bb font_icon=\u00bb%%57%%\u00bb icon_color=\u00bb#d82020&#8243; icon_placement=\u00bbleft\u00bb _builder_version=\u00bb4.4.2&#8243; header_level=\u00bbh3&#8243; header_font=\u00bb|300|||||||\u00bb header_font_size=\u00bb18px\u00bb header_line_height=\u00bb1.3em\u00bb body_font=\u00bb||||||||\u00bb body_line_height=\u00bb1.3em\u00bb custom_margin=\u00bb|||\u00bb custom_padding=\u00bb|||\u00bb link_option_url=\u00bbhttps:\/\/alicante.salesianos.edu\/colegio\/instalaciones\/#gimnasio\u00bb][\/et_pb_blurb][et_pb_blurb title=\u00bbPistas deportivas\u00bb use_icon=\u00bbon\u00bb font_icon=\u00bb%%57%%\u00bb icon_color=\u00bb#d82020&#8243; icon_placement=\u00bbleft\u00bb _builder_version=\u00bb4.4.2&#8243; header_level=\u00bbh3&#8243; header_font=\u00bb|300|||||||\u00bb header_font_size=\u00bb18px\u00bb header_line_height=\u00bb1.3em\u00bb body_font=\u00bb||||||||\u00bb body_line_height=\u00bb1.3em\u00bb custom_margin=\u00bb|||\u00bb custom_padding=\u00bb|||\u00bb link_option_url=\u00bbhttps:\/\/alicante.salesianos.edu\/colegio\/instalaciones\/#deportivas\u00bb]<\/p>\n<ul>\n<li>Campo de f\u00fatbol de c\u00e9sped.<\/li>\n<li>Pista de hockey\/patinaje.<\/li>\n<li>4 campos de futbito.<\/li>\n<li>2 campos de f\u00fatbol 8 cubiertos.<\/li>\n<li>8 pistas de baloncesto.<\/li>\n<li>6 pistas de minibasket.<\/li>\n<li>4 pistas de volleyball.<\/li>\n<li>4 pistas de balonmano.<\/li>\n<li>2 pistas de tenis.<\/li>\n<li>3 pistas de p\u00e1del.<\/li>\n<li>1 pista de atletismo.<\/li>\n<li>3 pistas de badminton.<\/li>\n<li>2 pistas de petanca.<\/li>\n<li>15 vestuarios.<\/li>\n<\/ul>\n<p>[\/et_pb_blurb][et_pb_blurb title=\u00bbResidencia de los Salesianos\u00bb url=\u00bbhttps:\/\/alicante.salesianos.edu\/familiasalesiana\/sdb\u00bb use_icon=\u00bbon\u00bb font_icon=\u00bb%%57%%\u00bb icon_color=\u00bb#d82020&#8243; icon_placement=\u00bbleft\u00bb _builder_version=\u00bb4.4.2&#8243; header_level=\u00bbh3&#8243; header_font=\u00bb|300|||||||\u00bb header_font_size=\u00bb18px\u00bb header_line_height=\u00bb1.3em\u00bb body_font=\u00bb||||||||\u00bb body_line_height=\u00bb1.3em\u00bb custom_margin=\u00bb|||\u00bb custom_padding=\u00bb|||\u00bb link_option_url=\u00bbhttps:\/\/alicante.salesianos.edu\/familiasalesiana\/sdb\u00bb][\/et_pb_blurb][et_pb_blurb title=\u00bbAmplias zonas verdes\u00bb use_icon=\u00bbon\u00bb font_icon=\u00bb%%57%%\u00bb icon_color=\u00bb#d82020&#8243; icon_placement=\u00bbleft\u00bb _builder_version=\u00bb4.4.2&#8243; header_level=\u00bbh3&#8243; header_font=\u00bb|300|||||||\u00bb header_font_size=\u00bb18px\u00bb header_line_height=\u00bb1.3em\u00bb body_font=\u00bb||||||||\u00bb body_line_height=\u00bb1.3em\u00bb custom_margin=\u00bb|||\u00bb custom_padding=\u00bb|||\u00bb link_option_url=\u00bbhttps:\/\/alicante.salesianos.edu\/colegio\/instalaciones\/#zonas-verdes\u00bb][\/et_pb_blurb][et_pb_blurb title=\u00bbZonas de aparcamiento\u00bb use_icon=\u00bbon\u00bb font_icon=\u00bb%%57%%\u00bb icon_color=\u00bb#d82020&#8243; icon_placement=\u00bbleft\u00bb _builder_version=\u00bb3.0.100&#8243; header_level=\u00bbh3&#8243; header_font=\u00bb|300|||||||\u00bb header_font_size=\u00bb18px\u00bb header_line_height=\u00bb1.3em\u00bb body_font=\u00bb||||||||\u00bb body_line_height=\u00bb1.3em\u00bb custom_margin=\u00bb|||\u00bb custom_padding=\u00bb|||\u00bb][\/et_pb_blurb][\/et_pb_column][\/et_pb_row][\/et_pb_section][et_pb_section fb_built=\u00bb1&#8243; _builder_version=\u00bb4.4.1&#8243; width=\u00bb80%\u00bb max_width=\u00bb1300px\u00bb module_alignment=\u00bbcenter\u00bb custom_padding=\u00bb0px|0px|0px|0px|true|true\u00bb animation_style=\u00bbzoom\u00bb animation_duration=\u00bb1200ms\u00bb animation_intensity_zoom=\u00bb5%\u00bb border_radii=\u00bbon|10px|10px|10px|10px\u00bb box_shadow_style=\u00bbpreset1&#8243; box_shadow_blur=\u00bb80px\u00bb box_shadow_spread=\u00bb10px\u00bb box_shadow_color=\u00bbrgba(0,0,0,0.38)\u00bb locked=\u00bboff\u00bb][et_pb_row _builder_version=\u00bb4.4.1&#8243; width=\u00bb100%\u00bb max_width=\u00bb2560px\u00bb custom_padding=\u00bb0px||0px||true|false\u00bb border_radii=\u00bbon|10px|10px|10px|10px\u00bb][et_pb_column type=\u00bb4_4&#8243; _builder_version=\u00bb4.4.1&#8243;][et_pb_video src=\u00bbhttps:\/\/www.youtube.com\/watch?v=PGJTnHfMsTo\u00bb image_src=\u00bb\/\/i.ytimg.com\/vi\/PGJTnHfMsTo\/hqdefault.jpg\u00bb thumbnail_overlay_color=\u00bbrgba(0,0,0,0.6)\u00bb _builder_version=\u00bb4.4.2&#8243; border_radii=\u00bbon|10px|10px|10px|10px\u00bb box_shadow_style=\u00bbpreset3&#8243;][\/et_pb_video][\/et_pb_column][\/et_pb_row][\/et_pb_section][et_pb_section fb_built=\u00bb1&#8243; _builder_version=\u00bb4.4.2&#8243; custom_padding=\u00bb0px||||false|false\u00bb][et_pb_row _builder_version=\u00bb4.4.2&#8243;][et_pb_column type=\u00bb4_4&#8243; _builder_version=\u00bb4.4.2&#8243;][et_pb_button button_url=\u00bbhttps:\/\/alicante.salesianos.edu\/colegio\/instalaciones\/\u00bb button_text=\u00bbConoce nuestras instalaciones\u00bb button_alignment=\u00bbcenter\u00bb button_text_tablet=\u00bb\u00bb button_text_phone=\u00bbVer m\u00e1s\u00bb button_text_last_edited=\u00bbon|phone\u00bb disabled_on=\u00bboff|off|off\u00bb _builder_version=\u00bb4.4.2&#8243; custom_button=\u00bbon\u00bb button_text_color=\u00bb#ffffff\u00bb button_bg_color=\u00bb#dc001b\u00bb button_border_width=\u00bb0px\u00bb button_border_radius=\u00bb20px\u00bb button_font=\u00bb|300|||||||\u00bb custom_margin=\u00bb5px||25px|\u00bb custom_padding=\u00bb|||\u00bb locked=\u00bboff\u00bb button_text_size__hover_enabled=\u00bboff\u00bb button_one_text_size__hover_enabled=\u00bboff\u00bb button_two_text_size__hover_enabled=\u00bboff\u00bb button_text_color__hover_enabled=\u00bboff\u00bb button_one_text_color__hover_enabled=\u00bboff\u00bb button_two_text_color__hover_enabled=\u00bboff\u00bb button_border_width__hover_enabled=\u00bboff\u00bb button_one_border_width__hover_enabled=\u00bboff\u00bb button_two_border_width__hover_enabled=\u00bboff\u00bb button_border_color__hover_enabled=\u00bboff\u00bb button_one_border_color__hover_enabled=\u00bboff\u00bb button_two_border_color__hover_enabled=\u00bboff\u00bb button_border_radius__hover_enabled=\u00bboff\u00bb button_one_border_radius__hover_enabled=\u00bboff\u00bb button_two_border_radius__hover_enabled=\u00bboff\u00bb button_letter_spacing__hover_enabled=\u00bboff\u00bb button_one_letter_spacing__hover_enabled=\u00bboff\u00bb button_two_letter_spacing__hover_enabled=\u00bboff\u00bb button_bg_color__hover_enabled=\u00bbon|hover\u00bb button_one_bg_color__hover_enabled=\u00bboff\u00bb button_two_bg_color__hover_enabled=\u00bboff\u00bb button_bg_color__hover=\u00bb#d1001b\u00bb button_bg_enable_color__hover=\u00bbon\u00bb transform_styles__hover_enabled=\u00bboff|desktop\u00bb transform_scale__hover_enabled=\u00bboff|desktop\u00bb transform_translate__hover_enabled=\u00bboff|desktop\u00bb transform_rotate__hover_enabled=\u00bboff|desktop\u00bb transform_skew__hover_enabled=\u00bboff|desktop\u00bb transform_origin__hover_enabled=\u00bboff|desktop\u00bb transform_scale__hover=\u00bb102%|102%\u00bb][\/et_pb_button][\/et_pb_column][\/et_pb_row][\/et_pb_section][et_pb_section fb_built=\u00bb1&#8243; _builder_version=\u00bb4.4.2&#8243; custom_padding=\u00bb0px||0px|||\u00bb locked=\u00bboff\u00bb][et_pb_row column_structure=\u00bb1_3,1_3,1_3&#8243; use_custom_gutter=\u00bbon\u00bb gutter_width=\u00bb1&#8243; module_id=\u00bbObra\u00bb _builder_version=\u00bb4.4.6&#8243; width=\u00bb100%\u00bb max_width=\u00bb2560px\u00bb custom_margin=\u00bb||||true|false\u00bb custom_padding=\u00bb0px||0px||true|false\u00bb filter_saturate=\u00bb120%\u00bb filter_brightness=\u00bb106%\u00bb][et_pb_column type=\u00bb1_3&#8243; _builder_version=\u00bb4.4.2&#8243; background_image=\u00bbhttps:\/\/cordoba.salesianos.edu\/colegio\/wp-content\/uploads\/sites\/2\/2020\/10\/Tucuman_7_11.jpg\u00bb custom_padding=\u00bb120px||120px||true|false\u00bb border_width_right=\u00bb2px\u00bb border_color_right=\u00bb#e8e8e8&#8243; border_color_bottom=\u00bb#e8e8e8&#8243; border_width_right_tablet=\u00bb0px\u00bb border_width_right_phone=\u00bb\u00bb border_width_right_last_edited=\u00bbon|tablet\u00bb border_width_bottom_tablet=\u00bb2px\u00bb border_width_bottom_phone=\u00bb\u00bb border_width_bottom_last_edited=\u00bbon|tablet\u00bb][et_pb_divider show_divider=\u00bboff\u00bb _builder_version=\u00bb4.4.2&#8243; custom_padding=\u00bb17px||17px||true|false\u00bb locked=\u00bboff\u00bb][\/et_pb_divider][\/et_pb_column][et_pb_column type=\u00bb1_3&#8243; _builder_version=\u00bb4.4.2&#8243; background_image=\u00bbhttps:\/\/cordoba.salesianos.edu\/colegio\/wp-content\/uploads\/sites\/2\/2020\/10\/noticia_MJS_18_07_31_Scouts-salen-de-campamento_1.jpg\u00bb custom_padding=\u00bb120px||120px||true|false\u00bb border_width_right=\u00bb2px\u00bb border_color_right=\u00bb#e8e8e8&#8243; border_color_bottom=\u00bb#e8e8e8&#8243; border_width_right_tablet=\u00bb0px\u00bb border_width_right_phone=\u00bb\u00bb border_width_right_last_edited=\u00bbon|tablet\u00bb border_width_bottom_tablet=\u00bb2px\u00bb border_width_bottom_phone=\u00bb\u00bb border_width_bottom_last_edited=\u00bbon|tablet\u00bb][et_pb_divider show_divider=\u00bboff\u00bb _builder_version=\u00bb4.4.2&#8243; custom_padding=\u00bb17px||17px||true|false\u00bb locked=\u00bboff\u00bb][\/et_pb_divider][\/et_pb_column][et_pb_column type=\u00bb1_3&#8243; _builder_version=\u00bb4.4.2&#8243; background_image=\u00bbhttps:\/\/cordoba.salesianos.edu\/colegio\/wp-content\/uploads\/sites\/2\/2020\/10\/noticia_camino-de-Santiago_18_06_16_Los-caminante-llegan-a-Santiago_2-min.jpg\u00bb custom_padding=\u00bb120px||120px||true|false\u00bb][et_pb_divider show_divider=\u00bboff\u00bb _builder_version=\u00bb4.4.2&#8243; custom_padding=\u00bb17px||17px||true|false\u00bb locked=\u00bboff\u00bb][\/et_pb_divider][\/et_pb_column][\/et_pb_row][\/et_pb_section][et_pb_section fb_built=\u00bb1&#8243; specialty=\u00bbon\u00bb custom_padding_last_edited=\u00bbon|tablet\u00bb disabled_on=\u00bboff|off|off\u00bb _builder_version=\u00bb4.0.6&#8243; background_color=\u00bbrgba(255,255,255,0.81)\u00bb background_color_gradient_direction=\u00bb90deg\u00bb background_image=\u00bbhttps:\/\/cordoba.salesianos.edu\/colegio\/wp-content\/uploads\/sites\/2\/2020\/10\/portada_arbol_mjs-min.jpg\u00bb background_blend=\u00bbsoft-light\u00bb custom_padding=\u00bb35px|0px|96px|0px|false|false\u00bb custom_padding_tablet=\u00bb0px||||false|false\u00bb custom_padding_phone=\u00bb\u00bb bottom_divider_style=\u00bbwave2&#8243; bottom_divider_color=\u00bb#fc237a\u00bb][et_pb_column type=\u00bb1_2&#8243; _builder_version=\u00bb3.25&#8243; custom_padding=\u00bb|||\u00bb custom_padding__hover=\u00bb|||\u00bb][et_pb_divider show_divider=\u00bboff\u00bb _builder_version=\u00bb3.2&#8243;][\/et_pb_divider][et_pb_image src=\u00bbhttps:\/\/cordoba.salesianos.edu\/colegio\/wp-content\/uploads\/sites\/2\/2020\/10\/Cartel-MJS-Alicante-2020-min-min.jpg\u00bb show_in_lightbox=\u00bbon\u00bb align_tablet=\u00bbcenter\u00bb align_phone=\u00bb\u00bb align_last_edited=\u00bbon|desktop\u00bb disabled_on=\u00bbon|on|off\u00bb _builder_version=\u00bb4.4.2&#8243; box_shadow_style=\u00bbpreset3&#8243; box_shadow_vertical=\u00bb-10px\u00bb][\/et_pb_image][et_pb_image src=\u00bbhttps:\/\/cordoba.salesianos.edu\/colegio\/wp-content\/uploads\/sites\/2\/2020\/10\/mjs.png\u00bb url=\u00bbhttps:\/\/alicante.salesianos.edu\/mjs\/\u00bb align=\u00bbcenter\u00bb align_tablet=\u00bbcenter\u00bb align_phone=\u00bb\u00bb align_last_edited=\u00bbon|desktop\u00bb disabled_on=\u00bboff|off|off\u00bb _builder_version=\u00bb4.4.2&#8243; custom_margin=\u00bb29px|||||\u00bb][\/et_pb_image][\/et_pb_column][et_pb_column type=\u00bb1_2&#8243; specialty_columns=\u00bb2&#8243; _builder_version=\u00bb3.25&#8243; custom_padding=\u00bb|||\u00bb custom_padding__hover=\u00bb|||\u00bb][et_pb_row_inner column_structure=\u00bbundefined\u00bb _builder_version=\u00bb4.0.6&#8243;][et_pb_column_inner type=\u00bbundefined\u00bb saved_specialty_column_type=\u00bb1_2&#8243; _builder_version=\u00bb3.25&#8243; custom_padding=\u00bb|||\u00bb parallax__hover=\u00bboff\u00bb parallax_method__hover=\u00bbon\u00bb custom_padding__hover=\u00bb|||\u00bb][et_pb_text module_class=\u00bbpagina-texto-light\u00bb _builder_version=\u00bb4.0.6&#8243; text_font=\u00bb|300|||||||\u00bb text_text_color=\u00bb#e02b20&#8243; text_font_size=\u00bb29px\u00bb header_font=\u00bb||||||||\u00bb header_2_font=\u00bbLato|300|||||||\u00bb header_2_text_color=\u00bb#fc235d\u00bb header_2_font_size=\u00bb32px\u00bb custom_margin=\u00bb|||\u00bb custom_padding=\u00bb|||\u00bb]<\/p>\n<h2>Mucho m\u00e1s que un colegio&#8230;<\/h2>\n<p>[\/et_pb_text][et_pb_text _builder_version=\u00bb3.27.4&#8243; text_font=\u00bb||||||||\u00bb link_font=\u00bb||||||||\u00bb link_text_color=\u00bb#ff234b\u00bb]<\/p>\n<p style=\"text-align: justify;\">El Colegio Don Bosco es solo una peque\u00f1a parte de la <strong>Obra Salesiana de Alicante<\/strong>. Y es que, cuando eliges este colegio para tus hijos, realmente est\u00e1s eligiendo mucho m\u00e1s. Est\u00e1s eligiendo <strong>un lugar lleno vida<\/strong>, que les acoge y les ayuda a crecer como personas desde <strong>m\u00faltiples ambientes<\/strong>. Esto, sin duda, confiere un <strong>valor a\u00f1adido<\/strong> a nuestra <a href=\"https:\/\/alicante.salesianos.edu\/colegio\/propuesta-educativa\/\">propuesta educativa<\/a>.<\/p>\n<p>[\/et_pb_text][et_pb_blurb title=\u00bbCentros Juveniles\u00bb url=\u00bbhttps:\/\/alicante.salesianos.edu\/centrojuvenil\/\u00bb use_icon=\u00bbon\u00bb font_icon=\u00bb%%47%%\u00bb icon_color=\u00bb#ff234b\u00bb icon_placement=\u00bbleft\u00bb _builder_version=\u00bb4.4.2&#8243; header_level=\u00bbh3&#8243; header_font=\u00bb|300|||||||\u00bb header_text_color=\u00bb#ff234b\u00bb header_font_size=\u00bb18px\u00bb header_line_height=\u00bb1.3em\u00bb body_font=\u00bb||||||||\u00bb body_line_height=\u00bb1.3em\u00bb transform_translate_linked=\u00bboff\u00bb custom_margin=\u00bb|||\u00bb custom_padding=\u00bb|||\u00bb link_option_url=\u00bbhttps:\/\/alicante.salesianos.edu\/centrojuvenil\/\u00bb font_icon__hover_enabled=\u00bboff|hover\u00bb font_icon__hover=\u00bb%%51%%\u00bb transform_styles__hover_enabled=\u00bbon|hover\u00bb transform_scale__hover_enabled=\u00bbon|desktop\u00bb transform_translate__hover_enabled=\u00bbon|hover\u00bb transform_rotate__hover_enabled=\u00bbon|desktop\u00bb transform_skew__hover_enabled=\u00bbon|desktop\u00bb transform_origin__hover_enabled=\u00bbon|desktop\u00bb transform_translate__hover=\u00bb10px|0px\u00bb]<\/p>\n<p>Contamos con 3 centros juveniles como <strong>oferta de ocio y tiempo libre<\/strong>: <a href=\"https:\/\/alicante.salesianos.edu\/centrojuvenil\/ajdb\/\"><span style=\"color: #ff234b;\">AJDB<\/span><\/a>, <a href=\"https:\/\/alicante.salesianos.edu\/centrojuvenil\/tucuman-7\/\"><span style=\"color: #ff234b;\">Tucum\u00e1n 7<\/span><\/a> y <span style=\"color: #ff234b;\"><a style=\"color: #ff234b;\" href=\"https:\/\/alicante.salesianos.edu\/centrojuvenil\/scouts-impeesa\/\">Scouts Impeesa<\/a><\/span>.<\/p>\n<p>[\/et_pb_blurb][et_pb_blurb title=\u00bbItinerario de Educaci\u00f3n en la Fe\u00bb url=\u00bbhttps:\/\/alicante.salesianos.edu\/comfya\/\u00bb use_icon=\u00bbon\u00bb font_icon=\u00bb%%47%%\u00bb icon_color=\u00bb#ff234b\u00bb icon_placement=\u00bbleft\u00bb _builder_version=\u00bb4.4.2&#8243; header_level=\u00bbh3&#8243; header_font=\u00bb|300|||||||\u00bb header_text_color=\u00bb#ff234b\u00bb header_font_size=\u00bb18px\u00bb header_line_height=\u00bb1.3em\u00bb body_font=\u00bb||||||||\u00bb body_line_height=\u00bb1.3em\u00bb transform_translate_linked=\u00bboff\u00bb custom_margin=\u00bb|||\u00bb custom_padding=\u00bb|||\u00bb link_option_url=\u00bbhttps:\/\/alicante.salesianos.edu\/comfya\/\u00bb transform_styles__hover_enabled=\u00bbon|hover\u00bb transform_scale__hover_enabled=\u00bbon|desktop\u00bb transform_translate__hover_enabled=\u00bbon|hover\u00bb transform_rotate__hover_enabled=\u00bbon|desktop\u00bb transform_skew__hover_enabled=\u00bbon|desktop\u00bb transform_origin__hover_enabled=\u00bbon|desktop\u00bb transform_translate__hover=\u00bb10px|0px\u00bb]Un completo proceso de crecimiento y maduraci\u00f3n en la Fe que empieza con la <strong>catequesis de comuni\u00f3n\/confirmaci\u00f3n<\/strong> (Grupos Comfya) y contin\u00faa con una propuesta m\u00e1s madura en <strong>grupos de Fe<\/strong> (Comfya+).[\/et_pb_blurb][et_pb_blurb title=\u00bbPlataformas Sociales\u00bb url=\u00bbhttps:\/\/alicante.salesianos.edu\/social\/\u00bb use_icon=\u00bbon\u00bb font_icon=\u00bb%%47%%\u00bb icon_color=\u00bb#ff234b\u00bb icon_placement=\u00bbleft\u00bb _builder_version=\u00bb4.4.2&#8243; header_level=\u00bbh3&#8243; header_font=\u00bb|300|||||||\u00bb header_text_color=\u00bb#ff234b\u00bb header_font_size=\u00bb18px\u00bb header_line_height=\u00bb1.3em\u00bb body_font=\u00bb||||||||\u00bb body_line_height=\u00bb1.3em\u00bb transform_translate_linked__hover=\u00bboff\u00bb custom_margin=\u00bb|||\u00bb custom_padding=\u00bb|||\u00bb link_option_url=\u00bbhttps:\/\/alicante.salesianos.edu\/social\/\u00bb transform_styles__hover_enabled=\u00bbon|hover\u00bb transform_scale__hover_enabled=\u00bbon|desktop\u00bb transform_translate__hover_enabled=\u00bbon|hover\u00bb transform_rotate__hover_enabled=\u00bbon|desktop\u00bb transform_skew__hover_enabled=\u00bbon|desktop\u00bb transform_origin__hover_enabled=\u00bbon|desktop\u00bb transform_translate__hover=\u00bb10px|0px\u00bb]<\/p>\n<p><span style=\"color: #ff234b;\"><a style=\"color: #ff234b;\" href=\"https:\/\/alicante.salesianos.edu\/social\/piso-don-bosco\/\">Piso Don Bosco (FISAT)<\/a><\/span><strong><span style=\"color: #ff234b;\"><a style=\"color: #ff234b;\" href=\"https:\/\/alicante.salesianos.edu\/social\/piso-don-bosco\/\"><\/a><\/span><\/strong>, <a style=\"color: #ff234b;\" href=\"https:\/\/jovenesydesarrollo.org\" target=\"_blank\" rel=\"noopener noreferrer\" title=\"Ir a la web de J\u00f3venes y Desarrollo\">ONGD J\u00f3venes y Desarrollo<\/a>, <span style=\"color: #ff234b;\"><a href=\"https:\/\/boscoglobal.org\" title=\"Ir a la web de Bosco Global\" target=\"_blank\" rel=\"noopener noreferrer\" style=\"color: #ff234b;\">ONGD Bosco Global<\/a><\/span>, Gaia acogimiento familiar, experiencias de <a href=\"https:\/\/alicante.salesianos.edu\/colegio\/voluntariado\/\"><span style=\"color: #ff234b;\">voluntariado<\/span><\/a>, trabajo en red&#8230;<\/p>\n<p>[\/et_pb_blurb][et_pb_blurb title=\u00bbHoguera Don Bosco\u00bb use_icon=\u00bbon\u00bb font_icon=\u00bb%%47%%\u00bb icon_color=\u00bb#ff234b\u00bb icon_placement=\u00bbleft\u00bb _builder_version=\u00bb4.4.2&#8243; header_level=\u00bbh3&#8243; header_font=\u00bb|300|||||||\u00bb header_text_color=\u00bb#ff234b\u00bb header_font_size=\u00bb18px\u00bb header_line_height=\u00bb1.3em\u00bb body_font=\u00bb||||||||\u00bb body_line_height=\u00bb1.3em\u00bb custom_margin=\u00bb|||\u00bb custom_padding=\u00bb|||\u00bb]Si te gusta el mundo de la fiesta alicantina y quieres vivir las <strong>hogueras<\/strong> con intensidad y alegr\u00eda, este es tu sitio.[\/et_pb_blurb][et_pb_blurb title=\u00bbHermandad de la Santa Cena\u00bb url=\u00bbhttp:\/\/www.santacenaalicante.es\/\u00bb use_icon=\u00bbon\u00bb font_icon=\u00bb%%47%%\u00bb icon_color=\u00bb#ff234b\u00bb icon_placement=\u00bbleft\u00bb _builder_version=\u00bb4.4.2&#8243; header_level=\u00bbh3&#8243; header_font=\u00bb|300|||||||\u00bb header_text_color=\u00bb#ff234b\u00bb header_font_size=\u00bb18px\u00bb header_line_height=\u00bb1.3em\u00bb body_font=\u00bb||||||||\u00bb body_line_height=\u00bb1.3em\u00bb transform_translate_linked__hover=\u00bboff\u00bb custom_margin=\u00bb|||\u00bb custom_padding=\u00bb|||\u00bb link_option_url=\u00bbhttp:\/\/www.santacenaalicante.es\/\u00bb transform_styles__hover_enabled=\u00bbon|hover\u00bb transform_scale__hover_enabled=\u00bbon|desktop\u00bb transform_translate__hover_enabled=\u00bbon|hover\u00bb transform_rotate__hover_enabled=\u00bbon|desktop\u00bb transform_skew__hover_enabled=\u00bbon|desktop\u00bb transform_origin__hover_enabled=\u00bbon|desktop\u00bb transform_translate__hover=\u00bb10px|0px\u00bb]Cofrad\u00eda que lleva el paso m\u00e1s grande de Alicante. Para vivir la <strong>Semana Santa<\/strong> en clave Salesiana.[\/et_pb_blurb][et_pb_blurb title=\u00bbComunidad Cristiana\u00bb url=\u00bbhttps:\/\/alicante.salesianos.edu\/comfya\/celebracionesygrupos\/\u00bb use_icon=\u00bbon\u00bb font_icon=\u00bb%%47%%\u00bb icon_color=\u00bb#ff234b\u00bb icon_placement=\u00bbleft\u00bb _builder_version=\u00bb4.4.2&#8243; header_level=\u00bbh3&#8243; header_font=\u00bb|300|||||||\u00bb header_text_color=\u00bb#ff234b\u00bb header_font_size=\u00bb18px\u00bb header_line_height=\u00bb1.3em\u00bb body_font=\u00bb||||||||\u00bb body_line_height=\u00bb1.3em\u00bb transform_translate_linked__hover=\u00bboff\u00bb custom_margin=\u00bb|||\u00bb custom_padding=\u00bb|||\u00bb link_option_url=\u00bbhttps:\/\/alicante.salesianos.edu\/comfya\/celebracionesygrupos\/\u00bb transform_styles__hover_enabled=\u00bbon|hover\u00bb transform_scale__hover_enabled=\u00bbon|desktop\u00bb transform_translate__hover_enabled=\u00bbon|hover\u00bb transform_rotate__hover_enabled=\u00bbon|desktop\u00bb transform_skew__hover_enabled=\u00bbon|desktop\u00bb transform_origin__hover_enabled=\u00bbon|desktop\u00bb transform_translate__hover=\u00bb10px|0px\u00bb]Vive tu Fe y la de tu familia en comunidad, en el <strong>Templo Don Bosco<\/strong> o en la <a href=\"https:\/\/alicante.salesianos.edu\/parroquia\/\" title=\"Ir a la web de la Parroquia\"><strong><span style=\"color: #ff234b;\">Parroquia M\u00aa Auxiliadora<\/span><\/strong><\/a> (C\/ Tucum\u00e1n, 7).[\/et_pb_blurb][et_pb_blurb title=\u00bbY mucho m\u00e1s&#8230;\u00bb use_icon=\u00bbon\u00bb font_icon=\u00bb%%47%%\u00bb icon_color=\u00bb#ff234b\u00bb icon_placement=\u00bbleft\u00bb _builder_version=\u00bb4.4.2&#8243; header_level=\u00bbh3&#8243; header_font=\u00bb|300|||||||\u00bb header_text_color=\u00bb#ff234b\u00bb header_font_size=\u00bb18px\u00bb header_line_height=\u00bb1.3em\u00bb body_font=\u00bb||||||||\u00bb body_line_height=\u00bb1.3em\u00bb custom_margin=\u00bb|||\u00bb custom_padding=\u00bb|||\u00bb][\/et_pb_blurb][et_pb_image src=\u00bbhttps:\/\/cordoba.salesianos.edu\/colegio\/wp-content\/uploads\/sites\/2\/2020\/10\/Cartel-MJS-Alicante-2020-min-min.jpg\u00bb show_in_lightbox=\u00bbon\u00bb align_tablet=\u00bbcenter\u00bb align_phone=\u00bb\u00bb align_last_edited=\u00bbon|desktop\u00bb disabled_on=\u00bboff|off|on\u00bb _builder_version=\u00bb4.4.2&#8243; custom_margin=\u00bb|||\u00bb custom_padding=\u00bb20px|||\u00bb box_shadow_style=\u00bbpreset3&#8243; box_shadow_vertical=\u00bb-10px\u00bb][\/et_pb_image][\/et_pb_column_inner][\/et_pb_row_inner][\/et_pb_column][\/et_pb_section][et_pb_section fb_built=\u00bb1&#8243; _builder_version=\u00bb3.22.3&#8243; background_color=\u00bb#fc237a\u00bb custom_padding=\u00bb0|0px|40px|0px|false|false\u00bb][\/et_pb_section][et_pb_section fb_built=\u00bb1&#8243; _builder_version=\u00bb4.4.2&#8243; custom_padding=\u00bb0px||0px|||\u00bb locked=\u00bboff\u00bb][et_pb_row column_structure=\u00bb1_3,1_3,1_3&#8243; use_custom_gutter=\u00bbon\u00bb gutter_width=\u00bb1&#8243; _builder_version=\u00bb4.4.2&#8243; width=\u00bb100%\u00bb max_width=\u00bb2560px\u00bb custom_margin=\u00bb||||true|false\u00bb custom_padding=\u00bb0px||0px||true|false\u00bb filter_saturate=\u00bb120%\u00bb filter_brightness=\u00bb106%\u00bb][et_pb_column type=\u00bb1_3&#8243; _builder_version=\u00bb4.4.2&#8243; background_image=\u00bbhttps:\/\/cordoba.salesianos.edu\/colegio\/wp-content\/uploads\/sites\/2\/2020\/10\/Tucuman_7_2.jpg\u00bb custom_padding=\u00bb120px||120px||true|false\u00bb border_width_right=\u00bb2px\u00bb border_color_right=\u00bb#e8e8e8&#8243; border_color_bottom=\u00bb#e8e8e8&#8243; border_width_right_tablet=\u00bb0px\u00bb border_width_right_phone=\u00bb\u00bb border_width_right_last_edited=\u00bbon|tablet\u00bb border_width_bottom_tablet=\u00bb2px\u00bb border_width_bottom_phone=\u00bb\u00bb border_width_bottom_last_edited=\u00bbon|tablet\u00bb][et_pb_divider show_divider=\u00bboff\u00bb _builder_version=\u00bb4.4.2&#8243; custom_padding=\u00bb17px||17px||true|false\u00bb locked=\u00bboff\u00bb][\/et_pb_divider][\/et_pb_column][et_pb_column type=\u00bb1_3&#8243; _builder_version=\u00bb4.4.2&#8243; background_image=\u00bbhttps:\/\/cordoba.salesianos.edu\/colegio\/wp-content\/uploads\/sites\/2\/2020\/10\/noticia_casa_18_03_19_Hoguera-Don-Bosco-visita-Falla-Burriana_1.JPG.jpg\u00bb custom_padding=\u00bb120px||120px||true|false\u00bb border_width_right=\u00bb2px\u00bb border_color_right=\u00bb#e8e8e8&#8243; border_color_bottom=\u00bb#e8e8e8&#8243; border_width_right_tablet=\u00bb0px\u00bb border_width_right_phone=\u00bb\u00bb border_width_right_last_edited=\u00bbon|tablet\u00bb border_width_bottom_tablet=\u00bb2px\u00bb border_width_bottom_phone=\u00bb\u00bb border_width_bottom_last_edited=\u00bbon|tablet\u00bb][et_pb_divider show_divider=\u00bboff\u00bb _builder_version=\u00bb4.4.2&#8243; custom_padding=\u00bb17px||17px||true|false\u00bb locked=\u00bboff\u00bb][\/et_pb_divider][\/et_pb_column][et_pb_column type=\u00bb1_3&#8243; _builder_version=\u00bb4.4.2&#8243; background_image=\u00bbhttps:\/\/cordoba.salesianos.edu\/colegio\/wp-content\/uploads\/sites\/2\/2020\/10\/noticia_AJDB_19_10_12_AJDB-inicia-Activ_2-1.jpg\u00bb custom_padding=\u00bb120px||120px||true|false\u00bb filter_brightness=\u00bb95%\u00bb][et_pb_divider show_divider=\u00bboff\u00bb _builder_version=\u00bb4.4.2&#8243; custom_padding=\u00bb17px||17px||true|false\u00bb locked=\u00bboff\u00bb][\/et_pb_divider][\/et_pb_column][\/et_pb_row][\/et_pb_section][et_pb_section fb_built=\u00bb1&#8243; _builder_version=\u00bb4.4.2&#8243; background_color=\u00bb#51626f\u00bb custom_padding=\u00bb40px|0px|29.5px|0px||\u00bb box_shadow_style=\u00bbpreset1&#8243; box_shadow_blur=\u00bb30px\u00bb box_shadow_spread=\u00bb8px\u00bb][et_pb_row _builder_version=\u00bb3.25&#8243; custom_padding=\u00bb0px|0px|0px|0px\u00bb][et_pb_column type=\u00bb4_4&#8243; _builder_version=\u00bb3.25&#8243; custom_padding=\u00bb|||\u00bb custom_padding__hover=\u00bb|||\u00bb][et_pb_social_media_follow icon_color=\u00bb#ffffff\u00bb use_icon_font_size=\u00bbon\u00bb icon_font_size=\u00bb22px\u00bb _builder_version=\u00bb4.4.2&#8243; text_orientation=\u00bbcenter\u00bb animation_style=\u00bbbounce\u00bb border_radii=\u00bbon|100%|100%|100%|100%\u00bb link_shape=\u00bbcircle\u00bb][et_pb_social_media_follow_network social_network=\u00bbfacebook\u00bb url=\u00bbhttps:\/\/www.facebook.com\/SalesianosALC\/\u00bb _builder_version=\u00bb4.4.2&#8243; background_enable_color=\u00bboff\u00bb bg_color=\u00bb#3b5998&#8243; link_shape=\u00bbcircle\u00bb follow_button=\u00bboff\u00bb url_new_window=\u00bbon\u00bb]facebook[\/et_pb_social_media_follow_network][et_pb_social_media_follow_network social_network=\u00bbtwitter\u00bb url=\u00bbhttps:\/\/twitter.com\/SalesianosALC\u00bb _builder_version=\u00bb4.4.2&#8243; background_enable_color=\u00bboff\u00bb bg_color=\u00bb#00aced\u00bb link_shape=\u00bbcircle\u00bb follow_button=\u00bboff\u00bb url_new_window=\u00bbon\u00bb]twitter[\/et_pb_social_media_follow_network][et_pb_social_media_follow_network social_network=\u00bbinstagram\u00bb url=\u00bbhttps:\/\/www.instagram.com\/salesianosalc\/\u00bb icon_color=\u00bb#ffffff\u00bb _builder_version=\u00bb4.4.2&#8243; background_enable_color=\u00bboff\u00bb bg_color=\u00bb#517fa4&#8243; link_shape=\u00bbcircle\u00bb follow_button=\u00bboff\u00bb url_new_window=\u00bbon\u00bb]instagram[\/et_pb_social_media_follow_network][et_pb_social_media_follow_network social_network=\u00bbyoutube\u00bb url=\u00bbhttps:\/\/www.youtube.com\/user\/SalesianosALC\u00bb _builder_version=\u00bb4.4.2&#8243; background_enable_color=\u00bboff\u00bb bg_color=\u00bb#a82400&#8243; link_shape=\u00bbcircle\u00bb follow_button=\u00bboff\u00bb url_new_window=\u00bbon\u00bb]youtube[\/et_pb_social_media_follow_network][\/et_pb_social_media_follow][\/et_pb_column][\/et_pb_row][\/et_pb_section][et_pb_section fb_built=\u00bb1&#8243; module_id=\u00bbTriptico\u00bb _builder_version=\u00bb4.4.6&#8243; custom_padding=\u00bb||0px|||\u00bb scroll_vertical_motion_enable=\u00bbon\u00bb scroll_vertical_motion=\u00bb0|20|20|100|1|0|0&#8243; scroll_fade_enable=\u00bbon\u00bb scroll_fade=\u00bb0|20|20|100|0|100|100&#8243; scroll_scaling_enable=\u00bbon\u00bb scroll_scaling=\u00bb0|38|38|100|90%|100|100&#8243; scroll_blur=\u00bb0|30|60|100|20px|0px|0px\u00bb locked=\u00bboff\u00bb][et_pb_row _builder_version=\u00bb4.4.2&#8243; custom_padding=\u00bb70px||20px||false|false\u00bb][et_pb_column type=\u00bb4_4&#8243; _builder_version=\u00bb4.4.2&#8243;][et_pb_slider show_image_video_mobile=\u00bbon\u00bb _builder_version=\u00bb4.4.2&#8243; header_font=\u00bbLato|900|||||||\u00bb background_color=\u00bb#ffffff\u00bb motion_trigger_start=\u00bbtop\u00bb border_radii=\u00bbon|10px|10px|10px|10px\u00bb box_shadow_style_image=\u00bbpreset2&#8243; box_shadow_horizontal_image=\u00bb-6px\u00bb box_shadow_vertical_image=\u00bb0px\u00bb box_shadow_blur_image=\u00bb31px\u00bb][et_pb_slide heading=\u00bbEn resumen&#8230;\u00bb button_text=\u00bbVer tr\u00edptico\u00bb button_link=\u00bbhttps:\/\/alicante.salesianos.edu\/colegio\/download\/triptico-colegio-don-bosco\/?wpdmdl=18658&#038;refresh=5e8b174114cd91586173761&#8243; image=\u00bbhttps:\/\/cordoba.salesianos.edu\/colegio\/wp-content\/uploads\/sites\/2\/2020\/10\/ALICANTE_TRIP_2020_ZC_v3.png\u00bb _builder_version=\u00bb4.4.2&#8243; header_font=\u00bbLato|700|||||||\u00bb header_text_color=\u00bb#dc001b\u00bb background_color=\u00bb#ededed\u00bb background_enable_color=\u00bbon\u00bb custom_button=\u00bbon\u00bb button_text_color=\u00bb#ffffff\u00bb button_bg_color=\u00bb#dc001b\u00bb button_border_width=\u00bb0px\u00bb background_layout=\u00bblight\u00bb box_shadow_style_image=\u00bbpreset1&#8243; box_shadow_blur_image=\u00bb60px\u00bb text_shadow_style=\u00bbpreset3&#8243; text_shadow_blur_strength=\u00bb0em\u00bb text_shadow_color=\u00bbrgba(0,0,0,0)\u00bb sticky_transition=\u00bbon\u00bb]<\/p>\n<p>Aqu\u00ed tienes un resumen de todo lo que te hemos contado para que le eches un vistazo y te ayude a tomar la decisi\u00f3n.<\/p>\n<p>[\/et_pb_slide][\/et_pb_slider][\/et_pb_column][\/et_pb_row][\/et_pb_section][et_pb_section fb_built=\u00bb1&#8243; disabled_on=\u00bboff|off|off\u00bb admin_label=\u00bbPreguntas frecuentes\u00bb module_id=\u00bbpreguntasfrecuentes\u00bb _builder_version=\u00bb4.4.6&#8243; custom_padding=\u00bb77px|0px|0px|0px\u00bb][et_pb_row disabled_on=\u00bboff|off|off\u00bb admin_label=\u00bbPREGUNTAS FRECUNTES\u00bb _builder_version=\u00bb3.25&#8243; custom_margin=\u00bb0px|||\u00bb custom_padding=\u00bb0|0px|0px|0px|false|false\u00bb][et_pb_column type=\u00bb4_4&#8243; _builder_version=\u00bb3.25&#8243; custom_padding=\u00bb|||\u00bb custom_padding__hover=\u00bb|||\u00bb][et_pb_text _builder_version=\u00bb3.27.4&#8243; text_font=\u00bb|300|||||||\u00bb text_font_size=\u00bb36px\u00bb header_font=\u00bb||||||||\u00bb header_2_font=\u00bbLato|300|||||||\u00bb header_2_text_color=\u00bb#dc001b\u00bb header_2_font_size=\u00bb49px\u00bb header_3_font=\u00bb||||||||\u00bb text_orientation=\u00bbcenter\u00bb]<\/p>\n<h2>Resolvemos tus dudas<\/h2>\n<p>[\/et_pb_text][et_pb_text _builder_version=\u00bb3.27.4&#8243; text_font=\u00bb||||||||\u00bb text_font_size=\u00bb16px\u00bb link_font=\u00bb||||||||\u00bb link_text_color=\u00bb#6b6b6b\u00bb header_font=\u00bb||||||||\u00bb header_2_font=\u00bb||||||||\u00bb header_3_font=\u00bb|300|||||||\u00bb header_3_font_size=\u00bb20px\u00bb background_color=\u00bb#dc001b\u00bb background_layout=\u00bbdark\u00bb custom_margin=\u00bb30px||0px|\u00bb custom_padding=\u00bb15px|40px|5px|40px\u00bb border_radii=\u00bb|20px|20px||\u00bb border_color_all=\u00bb#dddddd\u00bb border_style_all=\u00bbdashed\u00bb]<\/p>\n<h3>Sobre el centro<\/h3>\n<p>[\/et_pb_text][et_pb_text _builder_version=\u00bb4.4.8&#8243; text_font_size=\u00bb17px\u00bb link_text_color=\u00bb#6b6b6b\u00bb header_3_font_size=\u00bb24px\u00bb background_color=\u00bb#f7f7f7&#8243; custom_margin=\u00bb0px||25px|\u00bb custom_padding=\u00bb20px|40px|10px|40px\u00bb border_radii=\u00bb|||20px|20px\u00bb border_width_all=\u00bb2px\u00bb border_color_all=\u00bb#dddddd\u00bb border_style_all=\u00bbdashed\u00bb border_width_top=\u00bb0px\u00bb]<\/p>\n<ul>\n<li><a href=\"https:\/\/alicante.salesianos.edu\/colegio\/preguntas-frecuentes\/que-horario-tiene-el-centro-hay-jornada-continua\/\">\u00bfQu\u00e9 horario tiene el centro? \u00bfHay jornada continua?<\/a><\/li>\n<li><a href=\"https:\/\/alicante.salesianos.edu\/colegio\/preguntas-frecuentes\/pueden-los-mellizos-ir-juntos-a-la-misma-clase\/\">\u00bfPueden los mellizos ir juntos a la misma clase?<\/a><\/li>\n<li><a href=\"https:\/\/alicante.salesianos.edu\/colegio\/preguntas-frecuentes\/se-utilizan-tablets-chromebooks-o-libros-digitales\/\">\u00bfSe utilizan tablets, Chromebooks o libros digitales?<\/a><\/li>\n<li><a href=\"https:\/\/alicante.salesianos.edu\/colegio\/preguntas-frecuentes\/colaboramos-o-realizamos-proyectos-con-otros-colegios\/\">\u00bfColaboramos o realizamos proyectos con otros colegios?<\/a><\/li>\n<li><a href=\"https:\/\/alicante.salesianos.edu\/colegio\/preguntas-frecuentes\/cuenta-la-etapa-de-infantil-con-educadoras-para-atender-las-necesidades-de-higiene-del-alumnado\/\">\u00bfCuenta la etapa de Infantil con educadoras para atender las necesidades de higiene del alumnado?<\/a><\/li>\n<li><a href=\"https:\/\/alicante.salesianos.edu\/colegio\/preguntas-frecuentes\/disponen-de-aseo-propio-las-aulas-de-infantil\/\">\u00bfDisponen de aseo propio las aulas de Infantil?<\/a><\/li>\n<li><a href=\"https:\/\/alicante.salesianos.edu\/colegio\/preguntas-frecuentes\/que-se-hace-desde-apas-con-ayuda-de-las-aportaciones-de-las-familias\/\">\u00bfQu\u00e9 se hace desde APAS con ayuda de las aportaciones de las familias?<\/a><\/li>\n<li><a href=\"https:\/\/alicante.salesianos.edu\/colegio\/preguntas-frecuentes\/que-es-el-proyecto-linguistico-de-centro-plc-y-como-afecta-a-las-horas-que-se-imparten-en-valenciano-e-ingles\/\">\u00bfQu\u00e9 es el Proyecto Ling\u00fc\u00edstico de Centro (PLC) y c\u00f3mo afecta a las horas que se imparten en Valenciano e Ingl\u00e9s?<\/a><\/li>\n<li><a href=\"https:\/\/alicante.salesianos.edu\/colegio\/preguntas-frecuentes\/se-paga-alguna-aportacion-mensual-anual-o-de-matricula\/\">\u00bfSe paga alguna aportaci\u00f3n mensual, anual o de matricula?<\/a><\/li>\n<li><a href=\"https:\/\/alicante.salesianos.edu\/colegio\/preguntas-frecuentes\/que-precio-tienen-los-servicios-que-ofrece-el-centro\/\">\u00bfQu\u00e9 precio tiene el material y los servicios complementarios que ofrece el centro?<\/a><\/li>\n<li><a href=\"se-utiliza-uniforme-escolar-donde-lo-compro\/\">\u00bfSe utiliza uniforme escolar? \u00bfD\u00f3nde lo compro?<\/a><\/li>\n<li><a href=\"https:\/\/alicante.salesianos.edu\/colegio\/preguntas-frecuentes\/como-se-trabaja-en-el-aula\/\">\u00bfC\u00f3mo se trabaja en el aula (metodolog\u00eda, libros, proyectos&#8230;)?<\/a><\/li>\n<li><a href=\"cuantos-profesores-hay-por-aula\/\">\u00bfCu\u00e1ntos profesores hay por aula?<\/a><\/li>\n<li><a href=\"https:\/\/alicante.salesianos.edu\/colegio\/preguntas-frecuentes\/el-colegio-participa-en-el-banco-de-libros\/\">\u00bfEl colegio participa en el banco de libros?<\/a><\/li>\n<li><a href=\"https:\/\/alicante.salesianos.edu\/colegio\/preguntas-frecuentes\/se-puede-hacer-uso-de-las-instalaciones-despues-de-clase\/\">\u00bfSe pueden hacer uso de las instalaciones despu\u00e9s de clase?<\/a><\/li>\n<\/ul>\n<p>[\/et_pb_text][et_pb_text disabled_on=\u00bbon|on|on\u00bb _builder_version=\u00bb4.4.4&#8243; text_font=\u00bb||||||||\u00bb text_font_size=\u00bb16px\u00bb link_font=\u00bb||||||||\u00bb link_text_color=\u00bb#6b6b6b\u00bb header_font=\u00bb||||||||\u00bb header_2_font=\u00bb||||||||\u00bb header_3_font=\u00bb|300|||||||\u00bb header_3_font_size=\u00bb20px\u00bb background_color=\u00bb#dc001b\u00bb background_layout=\u00bbdark\u00bb custom_margin=\u00bb30px||0px|\u00bb custom_padding=\u00bb15px|40px|5px|40px\u00bb border_radii=\u00bb|20px|20px||\u00bb border_color_all=\u00bb#dddddd\u00bb border_style_all=\u00bbdashed\u00bb disabled=\u00bbon\u00bb]<\/p>\n<h3>Jornadas de Puertas Abiertas<\/h3>\n<p>[\/et_pb_text][et_pb_text disabled_on=\u00bbon|on|on\u00bb _builder_version=\u00bb4.4.4&#8243; text_font_size=\u00bb17px\u00bb link_text_color=\u00bb#6b6b6b\u00bb header_3_font_size=\u00bb24px\u00bb background_color=\u00bb#f7f7f7&#8243; custom_margin=\u00bb0px||25px|\u00bb custom_padding=\u00bb20px|40px|10px|40px\u00bb border_radii=\u00bb|||20px|20px\u00bb border_width_all=\u00bb2px\u00bb border_color_all=\u00bb#dddddd\u00bb border_style_all=\u00bbdashed\u00bb border_width_top=\u00bb0px\u00bb disabled=\u00bbon\u00bb]<\/p>\n<ul>\n<li><a href=\"https:\/\/alicante.salesianos.edu\/colegio\/preguntas-frecuentes\/realiza-el-centro-jornada-de-puertas-abiertas\/\">\u00bfRealiza el centro Jornadas de Puertas Abiertas?<\/a><\/li>\n<li><a href=\"https:\/\/alicante.salesianos.edu\/colegio\/preguntas-frecuentes\/en-que-fechas-y-horarios-son-las-jornadas-de-puertas-abiertas\/\">\u00bfEn qu\u00e9 fechas y horarios son las Jornadas de Puertas Abiertas?<\/a><\/li>\n<li><a href=\"https:\/\/alicante.salesianos.edu\/colegio\/preguntas-frecuentes\/como-me-inscribo-a-las-jornadas-de-puertas-abiertas\/\">\u00bfC\u00f3mo me inscribo a las Jornadas de Puertas Abiertas?<\/a><\/li>\n<li><a href=\"https:\/\/alicante.salesianos.edu\/colegio\/preguntas-frecuentes\/puedo-venir-con-ninos-a-las-jornadas-de-puertas-abiertas\/\">\u00bfPuedo venir con ni\u00f1os a las Jornadas de Puertas Abiertas?<\/a><\/li>\n<li><a href=\"https:\/\/alicante.salesianos.edu\/colegio\/preguntas-frecuentes\/puede-venir-mi-hijo-a-a-la-jornada-de-puertas-abiertas-de-bachillerato\/\">\u00bfPuede venir mi hijo\/a a la Jornada de Puertas Abiertas de Bachillerato?<\/a><\/li>\n<li><a href=\"https:\/\/alicante.salesianos.edu\/colegio\/preguntas-frecuentes\/puedo-venir-en-silla-de-ruedas-a-las-jornadas-de-puertas-abiertas\/\">\u00bfPuedo venir en silla de ruedas a las Jornadas de Puertas Abiertas?<\/a><\/li>\n<\/ul>\n<p>[\/et_pb_text][et_pb_text _builder_version=\u00bb3.27.4&#8243; text_font=\u00bb||||||||\u00bb text_font_size=\u00bb16px\u00bb link_font=\u00bb||||||||\u00bb link_text_color=\u00bb#6b6b6b\u00bb header_font=\u00bb||||||||\u00bb header_2_font=\u00bb||||||||\u00bb header_3_font=\u00bb|300|||||||\u00bb header_3_font_size=\u00bb20px\u00bb background_color=\u00bb#dc001b\u00bb background_layout=\u00bbdark\u00bb custom_margin=\u00bb30px||0px|\u00bb custom_padding=\u00bb15px|40px|5px|40px\u00bb border_radii=\u00bb|20px|20px||\u00bb border_color_all=\u00bb#dddddd\u00bb border_style_all=\u00bbdashed\u00bb]<\/p>\n<h3>Proceso de admisi\u00f3n<\/h3>\n<p>[\/et_pb_text][et_pb_text _builder_version=\u00bb4.4.8&#8243; text_font=\u00bb||||||||\u00bb text_font_size=\u00bb17px\u00bb link_font=\u00bb||||||||\u00bb link_text_color=\u00bb#6b6b6b\u00bb header_font=\u00bb||||||||\u00bb header_2_font=\u00bb||||||||\u00bb header_3_font=\u00bb||||||||\u00bb header_3_font_size=\u00bb24px\u00bb background_color=\u00bb#f7f7f7&#8243; custom_margin=\u00bb0px||25px|\u00bb custom_padding=\u00bb20px|40px|10px|40px\u00bb border_radii=\u00bb|||20px|20px\u00bb border_width_all=\u00bb2px\u00bb border_color_all=\u00bb#dddddd\u00bb border_style_all=\u00bbdashed\u00bb border_width_top=\u00bb0px\u00bb]<\/p>\n<ul>\n<li><span style=\"color: #dc001b;\"><strong>\u00a1ACTUALIZADO EL 8 DE JUNIO!\u00a0<\/strong><\/span><a href=\"https:\/\/alicante.salesianos.edu\/colegio\/preguntas-frecuentes\/de-cuantas-vacantes-dispone-el-centro-para-nuevo-alumnado-donde-puedo-consultar-el-listado-de-vacantes\/\">\u00bfDe cu\u00e1ntas vacantes dispone el centro para nuevo alumnado? \u00bfD\u00f3nde puedo consultar el <strong>listado de vacantes<\/strong>?<\/a><\/li>\n<li><span style=\"color: #dc001b;\"><strong>\u00a1ACTUALIZADO EL 27 DE MAYO!\u00a0<\/strong><\/span><a href=\"https:\/\/alicante.salesianos.edu\/colegio\/preguntas-frecuentes\/cuando-empieza-el-proceso-de-admisiones-para-nuevo-alumnado\/\">\u00bfCu\u00e1ndo empieza el proceso de admisiones para nuevo alumnado (<strong>calendario de admisiones<\/strong>) y c\u00f3mo es el proceso?<\/a><\/li>\n<li><span style=\"color: #dc001b;\"><strong>\u00a1ACTUALIZADO EL 25 DE MAYO! <\/strong><\/span><a href=\"https:\/\/alicante.salesianos.edu\/colegio\/preguntas-frecuentes\/que-documentacion-necesito-para-la-solicitud-de-admision-y-donde-la-entrego\/\">\u00bfQu\u00e9 <strong>documentaci\u00f3n<\/strong> necesito para la solicitud de admisi\u00f3n y d\u00f3nde la entrego?<\/a><\/li>\n<li><span style=\"color: #dc001b;\"><strong>\u00a1ACTUALIZADO EL 27 DE MAYO! <\/strong><\/span><a href=\"https:\/\/alicante.salesianos.edu\/colegio\/preguntas-frecuentes\/criterios-de-baremacion\/\">\u00bfCu\u00e1les son los <strong>criterios de baremaci\u00f3n<\/strong> para la solicitud de admisi\u00f3n de nuevo alumnado?<\/a><\/li>\n<li><span style=\"color: #dc001b;\"><strong><\/strong><\/span><a href=\"zonas-de-escolarizacion\/\" title=\"Sobre las \u00e1reas de influencia o zonas de escolarizaci\u00f3n\">\u00bfCu\u00e1les son las <strong>\u00e1reas\u00a0de influencia<\/strong> o zonas de escolarizaci\u00f3n de los colegios en el municipio de Alicante?<\/a><\/li>\n<li><a href=\"los-hermanos-tienen-preferencia-en-la-admision\/\">\u00bfLos hermanos tienen preferencia en la admisi\u00f3n?<\/a><\/li>\n<li><a href=\"debo-solicitar-la-renovacion-de-plaza-cada-ano\/\">\u00bfDebo solicitar la renovaci\u00f3n de plaza cada a\u00f1o?<\/a><\/li>\n<li><a href=\"se-realizan-entrevistas-personales-durante-el-proceso-de-admision\/\">\u00bfSe hacen entrevistas personales durante el proceso de admisi\u00f3n?<\/a><\/li>\n<\/ul>\n<p>[\/et_pb_text][et_pb_button button_url=\u00bbhttps:\/\/portal.edu.gva.es\/telematricula\/es\/preguntas-frecuentes\/\u00bb button_text=\u00bbM\u00e1s preguntas sobre el proceso\u00bb button_alignment=\u00bbcenter\u00bb disabled_on=\u00bboff|off|off\u00bb _builder_version=\u00bb4.4.7&#8243; custom_button=\u00bbon\u00bb button_text_color=\u00bb#ffffff\u00bb button_bg_color=\u00bb#dc001b\u00bb button_border_width=\u00bb0px\u00bb button_border_radius=\u00bb20px\u00bb button_font=\u00bb|300|||||||\u00bb button_icon=\u00bb%%52%%\u00bb button_icon_placement=\u00bbleft\u00bb button_on_hover=\u00bboff\u00bb custom_margin=\u00bb5px||25px|\u00bb custom_padding=\u00bb|||\u00bb button_text_size__hover_enabled=\u00bboff\u00bb button_one_text_size__hover_enabled=\u00bboff\u00bb button_two_text_size__hover_enabled=\u00bboff\u00bb button_text_color__hover_enabled=\u00bboff\u00bb button_one_text_color__hover_enabled=\u00bboff\u00bb button_two_text_color__hover_enabled=\u00bboff\u00bb button_border_width__hover_enabled=\u00bboff\u00bb button_one_border_width__hover_enabled=\u00bboff\u00bb button_two_border_width__hover_enabled=\u00bboff\u00bb button_border_color__hover_enabled=\u00bboff\u00bb button_one_border_color__hover_enabled=\u00bboff\u00bb button_two_border_color__hover_enabled=\u00bboff\u00bb button_border_radius__hover_enabled=\u00bboff\u00bb button_one_border_radius__hover_enabled=\u00bboff\u00bb button_two_border_radius__hover_enabled=\u00bboff\u00bb button_letter_spacing__hover_enabled=\u00bboff\u00bb button_one_letter_spacing__hover_enabled=\u00bboff\u00bb button_two_letter_spacing__hover_enabled=\u00bboff\u00bb button_bg_color__hover_enabled=\u00bboff\u00bb button_one_bg_color__hover_enabled=\u00bboff\u00bb button_two_bg_color__hover_enabled=\u00bboff\u00bb][\/et_pb_button][\/et_pb_column][\/et_pb_row][\/et_pb_section][et_pb_section fb_built=\u00bb1&#8243; _builder_version=\u00bb4.4.2&#8243; max_width=\u00bb80%\u00bb max_width_tablet=\u00bb\u00bb max_width_phone=\u00bb100%\u00bb max_width_last_edited=\u00bbon|phone\u00bb module_alignment=\u00bbcenter\u00bb custom_padding=\u00bb50px|0px|28px|0px|false|false\u00bb scroll_vertical_motion_enable=\u00bbon\u00bb scroll_vertical_motion=\u00bb0|20|20|100|1|0|0&#8243; scroll_fade_enable=\u00bbon\u00bb scroll_fade=\u00bb0|20|20|100|0|100|100&#8243;][et_pb_row _builder_version=\u00bb4.4.2&#8243; custom_padding=\u00bb||2px|||\u00bb][et_pb_column type=\u00bb4_4&#8243; _builder_version=\u00bb4.4.2&#8243;][et_pb_text _builder_version=\u00bb4.4.2&#8243; text_font=\u00bb|300|||||||\u00bb text_text_color=\u00bb#e02b20&#8243; text_font_size=\u00bb29px\u00bb header_font=\u00bb||||||||\u00bb header_2_font=\u00bbLato|900|||||||\u00bb header_2_font_size=\u00bb34px\u00bb text_orientation=\u00bbcenter\u00bb custom_margin=\u00bb|||\u00bb custom_padding=\u00bb||15px|\u00bb]<\/p>\n<h2>\u00bfAlguna otra pregunta? Te la resolvemos.<\/h2>\n<p>[\/et_pb_text][et_pb_text _builder_version=\u00bb4.4.2&#8243; text_text_color=\u00bb#51626f\u00bb text_font_size=\u00bb20px\u00bb text_orientation=\u00bbcenter\u00bb custom_padding=\u00bb||0px|||\u00bb]<\/p>\n<p>Para poder atender todas las preguntas en el menor tiempo posible, te pedimos que te asegures de que la informaci\u00f3n que solicitas no est\u00e1 ya en nuestra web. En el caso de que no la encuentres, <strong>te indicaremos d\u00f3nde encontrarla o la a\u00f1adiremos a nuestra lista de preguntas frecuentes<\/strong>.<\/p>\n<p>[\/et_pb_text][\/et_pb_column][\/et_pb_row][et_pb_row _builder_version=\u00bb4.4.2&#8243; custom_margin=\u00bb0px|auto||auto|false|false\u00bb custom_padding=\u00bb25px|||\u00bb][et_pb_column type=\u00bb4_4&#8243; _builder_version=\u00bb3.25&#8243; custom_padding=\u00bb|||\u00bb custom_padding__hover=\u00bb|||\u00bb][et_pb_contact_form email=\u00bbcomunicacion.alicante@salesianos.edu\u00bb custom_message=\u00bb%%name%% ha enviado un mensaje solicitando informaci\u00f3n sobre el PROCESO DE ADMISI\u00d3N (alicante.salesianos.edu\/colegio\/admisiones):||et_pb_line_break_holder||||et_pb_line_break_holder||&#8212;&#8212;||et_pb_line_break_holder||%%message%%||et_pb_line_break_holder||&#8212;&#8212;||et_pb_line_break_holder||||et_pb_line_break_holder||Puedes responder a este correo directamente salvo que te lo hayan REENVIADO. En ese caso, tendr\u00e1s que redactar un NUEVO CORREO con la respuesta y enviarlo a %%email%%.||et_pb_line_break_holder||||et_pb_line_break_holder||Para cualquier problema o sugerencia sobre el sistema de formularios de la web envia un correo a comunicacion.alicante@salesianos.edu.\u00bb success_message=\u00bbGracias por interesarte en nuestro centro. Nos pondremos en contacto contigo lo antes posible.\u00bb submit_button_text=\u00bb\u00a1Haznos llegar tu pregunta!\u00bb submit_button_text_tablet=\u00bb\u00bb submit_button_text_phone=\u00bbEnviar\u00bb submit_button_text_last_edited=\u00bbon|phone\u00bb module_id=\u00bbet_pb_contact_form_0&#8243; _builder_version=\u00bb4.4.2&#8243; title_level=\u00bbh2&#8243; title_font=\u00bbLato|300|||||||\u00bb title_text_color=\u00bb#dc001b\u00bb title_font_size=\u00bb30px\u00bb title_line_height=\u00bb1.2em\u00bb custom_button=\u00bbon\u00bb button_text_color=\u00bb#ffffff\u00bb button_bg_color=\u00bb#dc001b\u00bb button_border_width=\u00bb0px\u00bb button_border_color=\u00bb#e02b20&#8243; button_font=\u00bb||||||||\u00bb][et_pb_contact_field field_id=\u00bbName\u00bb field_title=\u00bbNombre\u00bb _builder_version=\u00bb3.16&#8243; button_text_size__hover_enabled=\u00bboff\u00bb button_one_text_size__hover_enabled=\u00bboff\u00bb button_two_text_size__hover_enabled=\u00bboff\u00bb button_text_color__hover_enabled=\u00bboff\u00bb button_one_text_color__hover_enabled=\u00bboff\u00bb button_two_text_color__hover_enabled=\u00bboff\u00bb button_border_width__hover_enabled=\u00bboff\u00bb button_one_border_width__hover_enabled=\u00bboff\u00bb button_two_border_width__hover_enabled=\u00bboff\u00bb button_border_color__hover_enabled=\u00bboff\u00bb button_one_border_color__hover_enabled=\u00bboff\u00bb button_two_border_color__hover_enabled=\u00bboff\u00bb button_border_radius__hover_enabled=\u00bboff\u00bb button_one_border_radius__hover_enabled=\u00bboff\u00bb button_two_border_radius__hover_enabled=\u00bboff\u00bb button_letter_spacing__hover_enabled=\u00bboff\u00bb button_one_letter_spacing__hover_enabled=\u00bboff\u00bb button_two_letter_spacing__hover_enabled=\u00bboff\u00bb button_bg_color__hover_enabled=\u00bboff\u00bb button_one_bg_color__hover_enabled=\u00bboff\u00bb button_two_bg_color__hover_enabled=\u00bboff\u00bb][\/et_pb_contact_field][et_pb_contact_field field_id=\u00bbEmail\u00bb field_title=\u00bbDirecci\u00f3n de correo electr\u00f3nico\u00bb field_type=\u00bbemail\u00bb _builder_version=\u00bb3.16&#8243; button_text_size__hover_enabled=\u00bboff\u00bb button_one_text_size__hover_enabled=\u00bboff\u00bb button_two_text_size__hover_enabled=\u00bboff\u00bb button_text_color__hover_enabled=\u00bboff\u00bb button_one_text_color__hover_enabled=\u00bboff\u00bb button_two_text_color__hover_enabled=\u00bboff\u00bb button_border_width__hover_enabled=\u00bboff\u00bb button_one_border_width__hover_enabled=\u00bboff\u00bb button_two_border_width__hover_enabled=\u00bboff\u00bb button_border_color__hover_enabled=\u00bboff\u00bb button_one_border_color__hover_enabled=\u00bboff\u00bb button_two_border_color__hover_enabled=\u00bboff\u00bb button_border_radius__hover_enabled=\u00bboff\u00bb button_one_border_radius__hover_enabled=\u00bboff\u00bb button_two_border_radius__hover_enabled=\u00bboff\u00bb button_letter_spacing__hover_enabled=\u00bboff\u00bb button_one_letter_spacing__hover_enabled=\u00bboff\u00bb button_two_letter_spacing__hover_enabled=\u00bboff\u00bb button_bg_color__hover_enabled=\u00bboff\u00bb button_one_bg_color__hover_enabled=\u00bboff\u00bb button_two_bg_color__hover_enabled=\u00bboff\u00bb][\/et_pb_contact_field][et_pb_contact_field field_id=\u00bbMessage\u00bb field_title=\u00bbMensaje\u00bb field_type=\u00bbtext\u00bb fullwidth_field=\u00bbon\u00bb _builder_version=\u00bb3.16&#8243; button_text_size__hover_enabled=\u00bboff\u00bb button_one_text_size__hover_enabled=\u00bboff\u00bb button_two_text_size__hover_enabled=\u00bboff\u00bb button_text_color__hover_enabled=\u00bboff\u00bb button_one_text_color__hover_enabled=\u00bboff\u00bb button_two_text_color__hover_enabled=\u00bboff\u00bb button_border_width__hover_enabled=\u00bboff\u00bb button_one_border_width__hover_enabled=\u00bboff\u00bb button_two_border_width__hover_enabled=\u00bboff\u00bb button_border_color__hover_enabled=\u00bboff\u00bb button_one_border_color__hover_enabled=\u00bboff\u00bb button_two_border_color__hover_enabled=\u00bboff\u00bb button_border_radius__hover_enabled=\u00bboff\u00bb button_one_border_radius__hover_enabled=\u00bboff\u00bb button_two_border_radius__hover_enabled=\u00bboff\u00bb button_letter_spacing__hover_enabled=\u00bboff\u00bb button_one_letter_spacing__hover_enabled=\u00bboff\u00bb button_two_letter_spacing__hover_enabled=\u00bboff\u00bb button_bg_color__hover_enabled=\u00bboff\u00bb button_one_bg_color__hover_enabled=\u00bboff\u00bb button_two_bg_color__hover_enabled=\u00bboff\u00bb][\/et_pb_contact_field][et_pb_contact_field field_id=\u00bbPrivacidad\u00bb field_title=\u00bb \u00bb field_type=\u00bbcheckbox\u00bb checkbox_options=\u00bb%91{%22value%22:%22 Acepto la pol\u00edtica de privacidad del sitio.%22,%22checked%22:0,%22dragID%22:-1,%22link_url%22:%22https:\/\/alicante.salesianos.edu\/politica-de-privacidad\/%22}%93&#8243; fullwidth_field=\u00bbon\u00bb _builder_version=\u00bb3.16.1&#8243; button_text_size__hover_enabled=\u00bboff\u00bb button_one_text_size__hover_enabled=\u00bboff\u00bb button_two_text_size__hover_enabled=\u00bboff\u00bb button_text_color__hover_enabled=\u00bboff\u00bb button_one_text_color__hover_enabled=\u00bboff\u00bb button_two_text_color__hover_enabled=\u00bboff\u00bb button_border_width__hover_enabled=\u00bboff\u00bb button_one_border_width__hover_enabled=\u00bboff\u00bb button_two_border_width__hover_enabled=\u00bboff\u00bb button_border_color__hover_enabled=\u00bboff\u00bb button_one_border_color__hover_enabled=\u00bboff\u00bb button_two_border_color__hover_enabled=\u00bboff\u00bb button_border_radius__hover_enabled=\u00bboff\u00bb button_one_border_radius__hover_enabled=\u00bboff\u00bb button_two_border_radius__hover_enabled=\u00bboff\u00bb button_letter_spacing__hover_enabled=\u00bboff\u00bb button_one_letter_spacing__hover_enabled=\u00bboff\u00bb button_two_letter_spacing__hover_enabled=\u00bboff\u00bb button_bg_color__hover_enabled=\u00bboff\u00bb button_one_bg_color__hover_enabled=\u00bboff\u00bb button_two_bg_color__hover_enabled=\u00bboff\u00bb][\/et_pb_contact_field][et_pb_contact_field field_id=\u00bbComprobaci\u00f3n_pregunta\u00bb field_title=\u00bb \u00bb field_type=\u00bbcheckbox\u00bb checkbox_options=\u00bb%91{%22value%22:%22He comprobado que esta pregunta no est\u00e9 ya resuelta en la web.%22,%22checked%22:0,%22dragID%22:-1,%22link_url%22:%22https:\/\/alicante.salesianos.edu\/colegio\/preguntas-frecuentes\/%22,%22link_text%22:%22%22}%93&#8243; fullwidth_field=\u00bbon\u00bb _builder_version=\u00bb4.4.2&#8243; button_text_size__hover_enabled=\u00bboff\u00bb button_one_text_size__hover_enabled=\u00bboff\u00bb button_two_text_size__hover_enabled=\u00bboff\u00bb button_text_color__hover_enabled=\u00bboff\u00bb button_one_text_color__hover_enabled=\u00bboff\u00bb button_two_text_color__hover_enabled=\u00bboff\u00bb button_border_width__hover_enabled=\u00bboff\u00bb button_one_border_width__hover_enabled=\u00bboff\u00bb button_two_border_width__hover_enabled=\u00bboff\u00bb button_border_color__hover_enabled=\u00bboff\u00bb button_one_border_color__hover_enabled=\u00bboff\u00bb button_two_border_color__hover_enabled=\u00bboff\u00bb button_border_radius__hover_enabled=\u00bboff\u00bb button_one_border_radius__hover_enabled=\u00bboff\u00bb button_two_border_radius__hover_enabled=\u00bboff\u00bb button_letter_spacing__hover_enabled=\u00bboff\u00bb button_one_letter_spacing__hover_enabled=\u00bboff\u00bb button_two_letter_spacing__hover_enabled=\u00bboff\u00bb button_bg_color__hover_enabled=\u00bboff\u00bb button_one_bg_color__hover_enabled=\u00bboff\u00bb button_two_bg_color__hover_enabled=\u00bboff\u00bb][\/et_pb_contact_field][\/et_pb_contact_form][\/et_pb_column][\/et_pb_row][\/et_pb_section][et_pb_section fb_built=\u00bb1&#8243; prev_background_color=\u00bb#ffffff\u00bb _builder_version=\u00bb3.22.3&#8243; background_color=\u00bb#efefef\u00bb custom_padding=\u00bb0|0px|51.1875px|0px|false|false\u00bb top_divider_style=\u00bbasymmetric2&#8243;][et_pb_row _builder_version=\u00bb3.25&#8243; custom_padding=\u00bb127px|0px|27px|0px|false|false\u00bb][et_pb_column type=\u00bb4_4&#8243; _builder_version=\u00bb3.25&#8243; custom_padding=\u00bb|||\u00bb custom_padding__hover=\u00bb|||\u00bb][et_pb_text _builder_version=\u00bb4.4.2&#8243; text_font=\u00bb|300|||||||\u00bb text_font_size=\u00bb36px\u00bb header_font=\u00bb||||||||\u00bb header_2_font=\u00bbLato|300|||||||\u00bb header_2_text_color=\u00bb#dc001b\u00bb header_2_font_size=\u00bb49px\u00bb header_2_line_height=\u00bb1.4em\u00bb header_3_font=\u00bb||||||||\u00bb text_orientation=\u00bbcenter\u00bb custom_padding=\u00bb||10px||false|false\u00bb]<\/p>\n<h2>\u00a1Gracias por interesarte en nuestro centro!<\/h2>\n<p>[\/et_pb_text][et_pb_button button_url=\u00bbhttps:\/\/alicante.salesianos.edu\/colegio\/puertas-abiertas\/\u00bb button_text=\u00bbSuscr\u00edbete a nuestro bolet\u00edn\u00bb button_alignment=\u00bbcenter\u00bb disabled_on=\u00bboff|off|off\u00bb _builder_version=\u00bb3.29.3&#8243; custom_button=\u00bbon\u00bb button_text_color=\u00bb#ffffff\u00bb button_bg_color=\u00bb#dc001b\u00bb button_border_width=\u00bb0px\u00bb button_font=\u00bb||||||||\u00bb button_icon=\u00bb%%238%%\u00bb button_icon_placement=\u00bbleft\u00bb button_on_hover=\u00bboff\u00bb box_shadow_style=\u00bbpreset3&#8243; button_bg_color__hover_enabled=\u00bbon\u00bb button_bg_color__hover=\u00bb#51626f\u00bb][\/et_pb_button][et_pb_text _builder_version=\u00bb4.4.2&#8243; width=\u00bb100%\u00bb max_width=\u00bb500px\u00bb module_alignment=\u00bbcenter\u00bb]<\/p>\n<p style=\"text-align: center;\"><em>Te iremos informando sobre todas las novedades relacionadas con el proceso de admisi\u00f3n y matriculaci\u00f3n.<\/em><\/p>\n<p>[\/et_pb_text][et_pb_button button_url=\u00bbhttps:\/\/alicante.salesianos.edu\/colegio\/puertas-abiertas\/\u00bb button_text=\u00bbInscr\u00edbete a las Jornadas de Puertas Abiertas\u00bb button_alignment=\u00bbcenter\u00bb disabled_on=\u00bbon|on|on\u00bb _builder_version=\u00bb4.4.1&#8243; custom_button=\u00bbon\u00bb button_text_color=\u00bb#ffffff\u00bb button_bg_color=\u00bb#dc001b\u00bb button_border_width=\u00bb0px\u00bb button_font=\u00bb||||||||\u00bb button_icon=\u00bb%%246%%\u00bb button_icon_placement=\u00bbleft\u00bb button_on_hover=\u00bboff\u00bb box_shadow_style=\u00bbpreset3&#8243; disabled=\u00bbon\u00bb button_bg_color__hover_enabled=\u00bbon\u00bb button_bg_color__hover=\u00bb#51626f\u00bb][\/et_pb_button][\/et_pb_column][\/et_pb_row][\/et_pb_section]<\/p>\n","protected":false},"excerpt":{"rendered":"<p>ADMISIONES 2020\/21Desde aqu\u00ed podr\u00e1s acceder a todas las novedades sobre el\u00a0proceso de admisi\u00f3n\u00a0para el curso 2020\/2021, y si sigues bajando conocer\u00e1s m\u00e1s cosas sobre nuestro centro.A principios del 2020 publicaremos toda la informacion con respecto a nuestras Jornadas de Puertas Abiertas, las cuales suelen celebrarse alrededor del mes de MARZO.Te enviaremos informaci\u00f3n sobre nuestras Jornadas [&hellip;]<\/p>\n","protected":false},"author":3,"featured_media":0,"comment_status":"open","ping_status":"open","sticky":false,"template":"","format":"standard","meta":{"_et_pb_use_builder":"on","_et_pb_old_content":"","_et_gb_content_width":"","footnotes":""},"categories":[1],"tags":[],"class_list":["post-4851","post","type-post","status-publish","format-standard","hentry","category-uncategorized"],"yoast_head":"<!-- This site is optimized with the Yoast SEO plugin v28.4 - https:\/\/yoast.com\/product\/yoast-seo-wordpress\/ -->\n<title>Admisiones - Colegio Salesiano San Francisco de Sales<\/title>\n<meta name=\"robots\" content=\"index, follow, max-snippet:-1, max-image-preview:large, max-video-preview:-1\" \/>\n<link rel=\"canonical\" href=\"https:\/\/cordoba.salesianos.edu\/colegio\/blog\/2020\/10\/12\/admisiones\/\" \/>\n<meta property=\"og:locale\" content=\"es_ES\" \/>\n<meta property=\"og:type\" content=\"article\" \/>\n<meta property=\"og:title\" content=\"Admisiones - Colegio Salesiano San Francisco de Sales\" \/>\n<meta property=\"og:description\" content=\"ADMISIONES 2020\/21Desde aqu\u00ed podr\u00e1s acceder a todas las novedades sobre el\u00a0proceso de admisi\u00f3n\u00a0para el curso 2020\/2021, y si sigues bajando conocer\u00e1s m\u00e1s cosas sobre nuestro centro.A principios del 2020 publicaremos toda la informacion con respecto a nuestras Jornadas de Puertas Abiertas, las cuales suelen celebrarse alrededor del mes de MARZO.Te enviaremos informaci\u00f3n sobre nuestras Jornadas [&hellip;]\" \/>\n<meta property=\"og:url\" content=\"https:\/\/cordoba.salesianos.edu\/colegio\/blog\/2020\/10\/12\/admisiones\/\" \/>\n<meta property=\"og:site_name\" content=\"Colegio Salesiano San Francisco de Sales\" \/>\n<meta property=\"article:published_time\" content=\"2020-10-12T12:03:53+00:00\" \/>\n<meta property=\"article:modified_time\" content=\"2020-10-12T12:07:52+00:00\" \/>\n<meta name=\"author\" content=\"gestorweb\" \/>\n<meta name=\"twitter:card\" content=\"summary_large_image\" \/>\n<meta name=\"twitter:label1\" content=\"Escrito por\" \/>\n\t<meta name=\"twitter:data1\" content=\"gestorweb\" \/>\n\t<meta name=\"twitter:label2\" content=\"Tiempo de lectura\" \/>\n\t<meta name=\"twitter:data2\" content=\"126 minutos\" \/>\n<script type=\"application\/ld+json\" class=\"yoast-schema-graph\">{\"@context\":\"https:\\\/\\\/schema.org\",\"@graph\":[{\"@type\":\"Article\",\"@id\":\"https:\\\/\\\/cordoba.salesianos.edu\\\/colegio\\\/blog\\\/2020\\\/10\\\/12\\\/admisiones\\\/#article\",\"isPartOf\":{\"@id\":\"https:\\\/\\\/cordoba.salesianos.edu\\\/colegio\\\/blog\\\/2020\\\/10\\\/12\\\/admisiones\\\/\"},\"author\":{\"name\":\"gestorweb\",\"@id\":\"https:\\\/\\\/cordoba.salesianos.edu\\\/colegio\\\/#\\\/schema\\\/person\\\/9b881b94cc149f5135dd166fe5fca630\"},\"headline\":\"Admisiones\",\"datePublished\":\"2020-10-12T12:03:53+00:00\",\"dateModified\":\"2020-10-12T12:07:52+00:00\",\"mainEntityOfPage\":{\"@id\":\"https:\\\/\\\/cordoba.salesianos.edu\\\/colegio\\\/blog\\\/2020\\\/10\\\/12\\\/admisiones\\\/\"},\"wordCount\":25285,\"commentCount\":0,\"articleSection\":[\"Uncategorized\"],\"inLanguage\":\"es\",\"potentialAction\":[{\"@type\":\"CommentAction\",\"name\":\"Comment\",\"target\":[\"https:\\\/\\\/cordoba.salesianos.edu\\\/colegio\\\/blog\\\/2020\\\/10\\\/12\\\/admisiones\\\/#respond\"]}]},{\"@type\":\"WebPage\",\"@id\":\"https:\\\/\\\/cordoba.salesianos.edu\\\/colegio\\\/blog\\\/2020\\\/10\\\/12\\\/admisiones\\\/\",\"url\":\"https:\\\/\\\/cordoba.salesianos.edu\\\/colegio\\\/blog\\\/2020\\\/10\\\/12\\\/admisiones\\\/\",\"name\":\"Admisiones - Colegio Salesiano San Francisco de Sales\",\"isPartOf\":{\"@id\":\"https:\\\/\\\/cordoba.salesianos.edu\\\/colegio\\\/#website\"},\"datePublished\":\"2020-10-12T12:03:53+00:00\",\"dateModified\":\"2020-10-12T12:07:52+00:00\",\"author\":{\"@id\":\"https:\\\/\\\/cordoba.salesianos.edu\\\/colegio\\\/#\\\/schema\\\/person\\\/9b881b94cc149f5135dd166fe5fca630\"},\"breadcrumb\":{\"@id\":\"https:\\\/\\\/cordoba.salesianos.edu\\\/colegio\\\/blog\\\/2020\\\/10\\\/12\\\/admisiones\\\/#breadcrumb\"},\"inLanguage\":\"es\",\"potentialAction\":[{\"@type\":\"ReadAction\",\"target\":[\"https:\\\/\\\/cordoba.salesianos.edu\\\/colegio\\\/blog\\\/2020\\\/10\\\/12\\\/admisiones\\\/\"]}]},{\"@type\":\"BreadcrumbList\",\"@id\":\"https:\\\/\\\/cordoba.salesianos.edu\\\/colegio\\\/blog\\\/2020\\\/10\\\/12\\\/admisiones\\\/#breadcrumb\",\"itemListElement\":[{\"@type\":\"ListItem\",\"position\":1,\"name\":\"Portada\",\"item\":\"https:\\\/\\\/cordoba.salesianos.edu\\\/colegio\\\/\"},{\"@type\":\"ListItem\",\"position\":2,\"name\":\"Admisiones\"}]},{\"@type\":\"WebSite\",\"@id\":\"https:\\\/\\\/cordoba.salesianos.edu\\\/colegio\\\/#website\",\"url\":\"https:\\\/\\\/cordoba.salesianos.edu\\\/colegio\\\/\",\"name\":\"Colegio Salesiano San Francisco de Sales\",\"description\":\"P\u00e1gina oficial Salesianos C\u00f3rdoba\",\"potentialAction\":[{\"@type\":\"SearchAction\",\"target\":{\"@type\":\"EntryPoint\",\"urlTemplate\":\"https:\\\/\\\/cordoba.salesianos.edu\\\/colegio\\\/?s={search_term_string}\"},\"query-input\":{\"@type\":\"PropertyValueSpecification\",\"valueRequired\":true,\"valueName\":\"search_term_string\"}}],\"inLanguage\":\"es\"},{\"@type\":\"Person\",\"@id\":\"https:\\\/\\\/cordoba.salesianos.edu\\\/colegio\\\/#\\\/schema\\\/person\\\/9b881b94cc149f5135dd166fe5fca630\",\"name\":\"gestorweb\",\"image\":{\"@type\":\"ImageObject\",\"inLanguage\":\"es\",\"@id\":\"https:\\\/\\\/secure.gravatar.com\\\/avatar\\\/89bfbd418b5718bb5b0e64c99c3c8e16970290599f0b79176d1d9401d1f717f3?s=96&d=mm&r=g\",\"url\":\"https:\\\/\\\/secure.gravatar.com\\\/avatar\\\/89bfbd418b5718bb5b0e64c99c3c8e16970290599f0b79176d1d9401d1f717f3?s=96&d=mm&r=g\",\"contentUrl\":\"https:\\\/\\\/secure.gravatar.com\\\/avatar\\\/89bfbd418b5718bb5b0e64c99c3c8e16970290599f0b79176d1d9401d1f717f3?s=96&d=mm&r=g\",\"caption\":\"gestorweb\"}}]}<\/script>\n<!-- \/ Yoast SEO plugin. -->","yoast_head_json":{"title":"Admisiones - Colegio Salesiano San Francisco de Sales","robots":{"index":"index","follow":"follow","max-snippet":"max-snippet:-1","max-image-preview":"max-image-preview:large","max-video-preview":"max-video-preview:-1"},"canonical":"https:\/\/cordoba.salesianos.edu\/colegio\/blog\/2020\/10\/12\/admisiones\/","og_locale":"es_ES","og_type":"article","og_title":"Admisiones - Colegio Salesiano San Francisco de Sales","og_description":"ADMISIONES 2020\/21Desde aqu\u00ed podr\u00e1s acceder a todas las novedades sobre el\u00a0proceso de admisi\u00f3n\u00a0para el curso 2020\/2021, y si sigues bajando conocer\u00e1s m\u00e1s cosas sobre nuestro centro.A principios del 2020 publicaremos toda la informacion con respecto a nuestras Jornadas de Puertas Abiertas, las cuales suelen celebrarse alrededor del mes de MARZO.Te enviaremos informaci\u00f3n sobre nuestras Jornadas [&hellip;]","og_url":"https:\/\/cordoba.salesianos.edu\/colegio\/blog\/2020\/10\/12\/admisiones\/","og_site_name":"Colegio Salesiano San Francisco de Sales","article_published_time":"2020-10-12T12:03:53+00:00","article_modified_time":"2020-10-12T12:07:52+00:00","author":"gestorweb","twitter_card":"summary_large_image","twitter_misc":{"Escrito por":"gestorweb","Tiempo de lectura":"126 minutos"},"schema":{"@context":"https:\/\/schema.org","@graph":[{"@type":"Article","@id":"https:\/\/cordoba.salesianos.edu\/colegio\/blog\/2020\/10\/12\/admisiones\/#article","isPartOf":{"@id":"https:\/\/cordoba.salesianos.edu\/colegio\/blog\/2020\/10\/12\/admisiones\/"},"author":{"name":"gestorweb","@id":"https:\/\/cordoba.salesianos.edu\/colegio\/#\/schema\/person\/9b881b94cc149f5135dd166fe5fca630"},"headline":"Admisiones","datePublished":"2020-10-12T12:03:53+00:00","dateModified":"2020-10-12T12:07:52+00:00","mainEntityOfPage":{"@id":"https:\/\/cordoba.salesianos.edu\/colegio\/blog\/2020\/10\/12\/admisiones\/"},"wordCount":25285,"commentCount":0,"articleSection":["Uncategorized"],"inLanguage":"es","potentialAction":[{"@type":"CommentAction","name":"Comment","target":["https:\/\/cordoba.salesianos.edu\/colegio\/blog\/2020\/10\/12\/admisiones\/#respond"]}]},{"@type":"WebPage","@id":"https:\/\/cordoba.salesianos.edu\/colegio\/blog\/2020\/10\/12\/admisiones\/","url":"https:\/\/cordoba.salesianos.edu\/colegio\/blog\/2020\/10\/12\/admisiones\/","name":"Admisiones - Colegio Salesiano San Francisco de Sales","isPartOf":{"@id":"https:\/\/cordoba.salesianos.edu\/colegio\/#website"},"datePublished":"2020-10-12T12:03:53+00:00","dateModified":"2020-10-12T12:07:52+00:00","author":{"@id":"https:\/\/cordoba.salesianos.edu\/colegio\/#\/schema\/person\/9b881b94cc149f5135dd166fe5fca630"},"breadcrumb":{"@id":"https:\/\/cordoba.salesianos.edu\/colegio\/blog\/2020\/10\/12\/admisiones\/#breadcrumb"},"inLanguage":"es","potentialAction":[{"@type":"ReadAction","target":["https:\/\/cordoba.salesianos.edu\/colegio\/blog\/2020\/10\/12\/admisiones\/"]}]},{"@type":"BreadcrumbList","@id":"https:\/\/cordoba.salesianos.edu\/colegio\/blog\/2020\/10\/12\/admisiones\/#breadcrumb","itemListElement":[{"@type":"ListItem","position":1,"name":"Portada","item":"https:\/\/cordoba.salesianos.edu\/colegio\/"},{"@type":"ListItem","position":2,"name":"Admisiones"}]},{"@type":"WebSite","@id":"https:\/\/cordoba.salesianos.edu\/colegio\/#website","url":"https:\/\/cordoba.salesianos.edu\/colegio\/","name":"Colegio Salesiano San Francisco de Sales","description":"P\u00e1gina oficial Salesianos C\u00f3rdoba","potentialAction":[{"@type":"SearchAction","target":{"@type":"EntryPoint","urlTemplate":"https:\/\/cordoba.salesianos.edu\/colegio\/?s={search_term_string}"},"query-input":{"@type":"PropertyValueSpecification","valueRequired":true,"valueName":"search_term_string"}}],"inLanguage":"es"},{"@type":"Person","@id":"https:\/\/cordoba.salesianos.edu\/colegio\/#\/schema\/person\/9b881b94cc149f5135dd166fe5fca630","name":"gestorweb","image":{"@type":"ImageObject","inLanguage":"es","@id":"https:\/\/secure.gravatar.com\/avatar\/89bfbd418b5718bb5b0e64c99c3c8e16970290599f0b79176d1d9401d1f717f3?s=96&d=mm&r=g","url":"https:\/\/secure.gravatar.com\/avatar\/89bfbd418b5718bb5b0e64c99c3c8e16970290599f0b79176d1d9401d1f717f3?s=96&d=mm&r=g","contentUrl":"https:\/\/secure.gravatar.com\/avatar\/89bfbd418b5718bb5b0e64c99c3c8e16970290599f0b79176d1d9401d1f717f3?s=96&d=mm&r=g","caption":"gestorweb"}}]}},"_links":{"self":[{"href":"https:\/\/cordoba.salesianos.edu\/colegio\/wp-json\/wp\/v2\/posts\/4851","targetHints":{"allow":["GET"]}}],"collection":[{"href":"https:\/\/cordoba.salesianos.edu\/colegio\/wp-json\/wp\/v2\/posts"}],"about":[{"href":"https:\/\/cordoba.salesianos.edu\/colegio\/wp-json\/wp\/v2\/types\/post"}],"author":[{"embeddable":true,"href":"https:\/\/cordoba.salesianos.edu\/colegio\/wp-json\/wp\/v2\/users\/3"}],"replies":[{"embeddable":true,"href":"https:\/\/cordoba.salesianos.edu\/colegio\/wp-json\/wp\/v2\/comments?post=4851"}],"version-history":[{"count":2,"href":"https:\/\/cordoba.salesianos.edu\/colegio\/wp-json\/wp\/v2\/posts\/4851\/revisions"}],"predecessor-version":[{"id":4888,"href":"https:\/\/cordoba.salesianos.edu\/colegio\/wp-json\/wp\/v2\/posts\/4851\/revisions\/4888"}],"wp:attachment":[{"href":"https:\/\/cordoba.salesianos.edu\/colegio\/wp-json\/wp\/v2\/media?parent=4851"}],"wp:term":[{"taxonomy":"category","embeddable":true,"href":"https:\/\/cordoba.salesianos.edu\/colegio\/wp-json\/wp\/v2\/categories?post=4851"},{"taxonomy":"post_tag","embeddable":true,"href":"https:\/\/cordoba.salesianos.edu\/colegio\/wp-json\/wp\/v2\/tags?post=4851"}],"curies":[{"name":"wp","href":"https:\/\/api.w.org\/{rel}","templated":true}]}}